{"id":2977,"date":"2023-01-18T09:42:18","date_gmt":"2023-01-18T09:42:18","guid":{"rendered":"https:\/\/www.franquiciescat.org\/tabernus-nuevo-socio-de-la-afc\/"},"modified":"2023-01-18T09:42:18","modified_gmt":"2023-01-18T09:42:18","slug":"tabernus-nuevo-socio-de-la-afc","status":"publish","type":"post","link":"https:\/\/www.franquiciescat.org\/es\/tabernus-nuevo-socio-de-la-afc\/","title":{"rendered":"TABERNUS, nuevo socio de la AFC"},"content":{"rendered":"<p><img fetchpriority=\"high\" decoding=\"async\" class=\"wp-image-1343 aligncenter\" src=\"https:\/\/www.franquiciescat.org\/wp-content\/uploads\/2023\/06\/5bmfsefvs7dwu0nclpaazrgol-bade0018a9b044fc96eeda48af6dc6dc-1997543.jpg\" alt=\"\" width=\"400\" height=\"386\"><\/p>\n<p>&nbsp;<\/p>\n<p style=\"text-align: left;\">Damos la bienvenida como nuevo socio de la Asociaci\u00f3n de Franquicias de Catalu\u00f1a a TABERNNUS, concepto, desarrollado por el Grupo Solgepan, que se define como \u201cjamoner\u00eda de gastro tapas y cervecer\u00eda.\u201d<\/p>\n<p style=\"text-align: left;\">Se trata de un modelo de taberna moderna que tiene como embajador el <strong>jam\u00f3n ib\u00e9rico al corte<\/strong> ofreciendo, tambi\u00e9n, otros productos ib\u00e9ricos con curaci\u00f3n en bodega de m\u00e1s de 24 meses, gastro tapas de autor, bocadillos, sartenes, pok\u00e9 bowls, vinos, cerveza y cafeter\u00eda.<\/p>\n<p style=\"text-align: left;\">La franquicia TABERNNUS tiene 2 modelos a instalar seg\u00fan las caracter\u00edsticas del franquiciado y la ubicaci\u00f3n prevista: la Tabernnus Jamoner\u00eda Gastro Tapas Cervecer\u00eda y el Rinc\u00f3n Tabernnus. Como elemento muy importante su <em>know how<\/em> incluye un control del escandallo detallado del rendimiento del jam\u00f3n, adem\u00e1s del soporte en el proceso de compras y la gesti\u00f3n del establecimiento.<\/p>\n<p style=\"text-align: left;\">La experiencia del Grupo Solgepan en el mundo de las franquicias es una garant\u00eda de \u00e9xito por este nuevo concepto que cumple con todos los requisitos exigidos por la AFC para formar parte de la misma y desde aqu\u00ed ponemos a su disposici\u00f3n nuestros servicios para colaborar en que alcance todos sus objetivos.<\/p>\n","protected":false},"excerpt":{"rendered":"<p>&nbsp; Damos la bienvenida como nuevo socio de la Asociaci\u00f3n de Franquicias de Catalu\u00f1a a TABERNNUS, concepto, desarrollado por el Grupo Solgepan, que se define como \u201cjamoner\u00eda de gastro tapas y cervecer\u00eda.\u201d Se trata de un modelo de taberna moderna que tiene como embajador el jam\u00f3n ib\u00e9rico al corte ofreciendo, tambi\u00e9n, otros productos ib\u00e9ricos con [&hellip;]<\/p>\n","protected":false},"author":1,"featured_media":2461,"comment_status":"open","ping_status":"open","sticky":false,"template":"","format":"standard","meta":{"footnotes":""},"categories":[72],"tags":[],"class_list":["post-2977","post","type-post","status-publish","format-standard","has-post-thumbnail","hentry","category-noticias"],"yoast_head":"<!-- This site is optimized with the Yoast SEO plugin v26.9 - https:\/\/yoast.com\/product\/yoast-seo-wordpress\/ -->\n<title>TABERNUS, nuevo socio de la AFC - Asociaci\u00f3n de Franqu\u00edcias de Catalunya<\/title>\n<meta name=\"robots\" content=\"index, follow, max-snippet:-1, max-image-preview:large, max-video-preview:-1\" \/>\n<link rel=\"canonical\" href=\"https:\/\/www.franquiciescat.org\/tabernus-nuevo-socio-de-la-afc\/\" \/>\n<meta property=\"og:locale\" content=\"es_ES\" \/>\n<meta property=\"og:type\" content=\"article\" \/>\n<meta property=\"og:title\" content=\"TABERNUS, nuevo socio de la AFC - Asociaci\u00f3n de Franqu\u00edcias de Catalunya\" \/>\n<meta property=\"og:description\" content=\"&nbsp; Damos la bienvenida como nuevo socio de la Asociaci\u00f3n de Franquicias de Catalu\u00f1a a TABERNNUS, concepto, desarrollado por el Grupo Solgepan, que se define como \u201cjamoner\u00eda de gastro tapas y cervecer\u00eda.\u201d Se trata de un modelo de taberna moderna que tiene como embajador el jam\u00f3n ib\u00e9rico al corte ofreciendo, tambi\u00e9n, otros productos ib\u00e9ricos con [&hellip;]\" \/>\n<meta property=\"og:url\" content=\"https:\/\/www.franquiciescat.org\/tabernus-nuevo-socio-de-la-afc\/\" \/>\n<meta property=\"og:site_name\" content=\"Asociaci\u00f3n de Franqu\u00edcias de Catalunya\" \/>\n<meta property=\"article:published_time\" content=\"2023-01-18T09:42:18+00:00\" \/>\n<meta property=\"og:image\" content=\"https:\/\/www.franquiciescat.org\/wp-content\/uploads\/2023\/06\/5bmfsefvs7dwu0nclpaazrgol-bade0018a9b044fc96eeda48af6dc6dc-1997543.jpg\" \/>\n<meta name=\"author\" content=\"Einagrafic\" \/>\n<meta name=\"twitter:card\" content=\"summary_large_image\" \/>\n<meta name=\"twitter:label1\" content=\"Escrito por\" \/>\n\t<meta name=\"twitter:data1\" content=\"Einagrafic\" \/>\n\t<meta name=\"twitter:label2\" content=\"Tiempo de lectura\" \/>\n\t<meta name=\"twitter:data2\" content=\"1 minuto\" \/>\n<script type=\"application\/ld+json\" class=\"yoast-schema-graph\">{\"@context\":\"https:\/\/schema.org\",\"@graph\":[{\"@type\":\"Article\",\"@id\":\"https:\/\/www.franquiciescat.org\/tabernus-nuevo-socio-de-la-afc\/#article\",\"isPartOf\":{\"@id\":\"https:\/\/www.franquiciescat.org\/tabernus-nuevo-socio-de-la-afc\/\"},\"author\":{\"name\":\"Einagrafic\",\"@id\":\"https:\/\/www.franquiciescat.org\/#\/schema\/person\/f7cfeca2687a2d216942148b0f430be5\"},\"headline\":\"TABERNUS, nuevo socio de la AFC\",\"datePublished\":\"2023-01-18T09:42:18+00:00\",\"mainEntityOfPage\":{\"@id\":\"https:\/\/www.franquiciescat.org\/tabernus-nuevo-socio-de-la-afc\/\"},\"wordCount\":211,\"commentCount\":0,\"publisher\":{\"@id\":\"https:\/\/www.franquiciescat.org\/#organization\"},\"image\":{\"@id\":\"https:\/\/www.franquiciescat.org\/tabernus-nuevo-socio-de-la-afc\/#primaryimage\"},\"thumbnailUrl\":\"https:\/\/www.franquiciescat.org\/wp-content\/uploads\/2023\/06\/5bmfsefvs7dwu0nclpaazrgol-bade0018a9b044fc96eeda48af6dc6dc-1997543.jpg\",\"articleSection\":[\"Noticias\"],\"inLanguage\":\"es\"},{\"@type\":\"WebPage\",\"@id\":\"https:\/\/www.franquiciescat.org\/tabernus-nuevo-socio-de-la-afc\/\",\"url\":\"https:\/\/www.franquiciescat.org\/tabernus-nuevo-socio-de-la-afc\/\",\"name\":\"TABERNUS, nuevo socio de la AFC - Asociaci\u00f3n de Franqu\u00edcias de Catalunya\",\"isPartOf\":{\"@id\":\"https:\/\/www.franquiciescat.org\/#website\"},\"primaryImageOfPage\":{\"@id\":\"https:\/\/www.franquiciescat.org\/tabernus-nuevo-socio-de-la-afc\/#primaryimage\"},\"image\":{\"@id\":\"https:\/\/www.franquiciescat.org\/tabernus-nuevo-socio-de-la-afc\/#primaryimage\"},\"thumbnailUrl\":\"https:\/\/www.franquiciescat.org\/wp-content\/uploads\/2023\/06\/5bmfsefvs7dwu0nclpaazrgol-bade0018a9b044fc96eeda48af6dc6dc-1997543.jpg\",\"datePublished\":\"2023-01-18T09:42:18+00:00\",\"breadcrumb\":{\"@id\":\"https:\/\/www.franquiciescat.org\/tabernus-nuevo-socio-de-la-afc\/#breadcrumb\"},\"inLanguage\":\"es\",\"potentialAction\":[{\"@type\":\"ReadAction\",\"target\":[\"https:\/\/www.franquiciescat.org\/tabernus-nuevo-socio-de-la-afc\/\"]}]},{\"@type\":\"ImageObject\",\"inLanguage\":\"es\",\"@id\":\"https:\/\/www.franquiciescat.org\/tabernus-nuevo-socio-de-la-afc\/#primaryimage\",\"url\":\"https:\/\/www.franquiciescat.org\/wp-content\/uploads\/2023\/06\/5bmfsefvs7dwu0nclpaazrgol-bade0018a9b044fc96eeda48af6dc6dc-1997543.jpg\",\"contentUrl\":\"https:\/\/www.franquiciescat.org\/wp-content\/uploads\/2023\/06\/5bmfsefvs7dwu0nclpaazrgol-bade0018a9b044fc96eeda48af6dc6dc-1997543.jpg\",\"width\":300,\"height\":290},{\"@type\":\"BreadcrumbList\",\"@id\":\"https:\/\/www.franquiciescat.org\/tabernus-nuevo-socio-de-la-afc\/#breadcrumb\",\"itemListElement\":[{\"@type\":\"ListItem\",\"position\":1,\"name\":\"Inici\",\"item\":\"https:\/\/www.franquiciescat.org\/\"},{\"@type\":\"ListItem\",\"position\":2,\"name\":\"TABERNUS, nuevo socio de la AFC\"}]},{\"@type\":\"WebSite\",\"@id\":\"https:\/\/www.franquiciescat.org\/#website\",\"url\":\"https:\/\/www.franquiciescat.org\/\",\"name\":\"Associaci\u00f3 de Franqu\u00edcies de Catalunya\",\"description\":\"Asociaci\u00f3n de Franqu\u00edcias de Catalunya\",\"publisher\":{\"@id\":\"https:\/\/www.franquiciescat.org\/#organization\"},\"potentialAction\":[{\"@type\":\"SearchAction\",\"target\":{\"@type\":\"EntryPoint\",\"urlTemplate\":\"https:\/\/www.franquiciescat.org\/?s={search_term_string}\"},\"query-input\":{\"@type\":\"PropertyValueSpecification\",\"valueRequired\":true,\"valueName\":\"search_term_string\"}}],\"inLanguage\":\"es\"},{\"@type\":\"Organization\",\"@id\":\"https:\/\/www.franquiciescat.org\/#organization\",\"name\":\"Associaci\u00f3 de Franqu\u00edcies de Catalunya\",\"url\":\"https:\/\/www.franquiciescat.org\/\",\"logo\":{\"@type\":\"ImageObject\",\"inLanguage\":\"es\",\"@id\":\"https:\/\/www.franquiciescat.org\/#\/schema\/logo\/image\/\",\"url\":\"https:\/\/www.franquiciescat.org\/wp-content\/uploads\/2023\/05\/logo-afc.png\",\"contentUrl\":\"https:\/\/www.franquiciescat.org\/wp-content\/uploads\/2023\/05\/logo-afc.png\",\"width\":640,\"height\":171,\"caption\":\"Associaci\u00f3 de Franqu\u00edcies de Catalunya\"},\"image\":{\"@id\":\"https:\/\/www.franquiciescat.org\/#\/schema\/logo\/image\/\"}},{\"@type\":\"Person\",\"@id\":\"https:\/\/www.franquiciescat.org\/#\/schema\/person\/f7cfeca2687a2d216942148b0f430be5\",\"name\":\"Einagrafic\",\"image\":{\"@type\":\"ImageObject\",\"inLanguage\":\"es\",\"@id\":\"https:\/\/www.franquiciescat.org\/#\/schema\/person\/image\/\",\"url\":\"https:\/\/secure.gravatar.com\/avatar\/cc75d3f0c33e859c04998660c0362167519e435366e0967a9b01a7c511c82ae4?s=96&d=mm&r=g\",\"contentUrl\":\"https:\/\/secure.gravatar.com\/avatar\/cc75d3f0c33e859c04998660c0362167519e435366e0967a9b01a7c511c82ae4?s=96&d=mm&r=g\",\"caption\":\"Einagrafic\"},\"sameAs\":[\"https:\/\/www.franquiciescat.org\"],\"url\":\"https:\/\/www.franquiciescat.org\/es\/author\/einagrafic\/\"}]}<\/script>\n<!-- \/ Yoast SEO plugin. -->","yoast_head_json":{"title":"TABERNUS, nuevo socio de la AFC - Asociaci\u00f3n de Franqu\u00edcias de Catalunya","robots":{"index":"index","follow":"follow","max-snippet":"max-snippet:-1","max-image-preview":"max-image-preview:large","max-video-preview":"max-video-preview:-1"},"canonical":"https:\/\/www.franquiciescat.org\/tabernus-nuevo-socio-de-la-afc\/","og_locale":"es_ES","og_type":"article","og_title":"TABERNUS, nuevo socio de la AFC - Asociaci\u00f3n de Franqu\u00edcias de Catalunya","og_description":"&nbsp; Damos la bienvenida como nuevo socio de la Asociaci\u00f3n de Franquicias de Catalu\u00f1a a TABERNNUS, concepto, desarrollado por el Grupo Solgepan, que se define como \u201cjamoner\u00eda de gastro tapas y cervecer\u00eda.\u201d Se trata de un modelo de taberna moderna que tiene como embajador el jam\u00f3n ib\u00e9rico al corte ofreciendo, tambi\u00e9n, otros productos ib\u00e9ricos con [&hellip;]","og_url":"https:\/\/www.franquiciescat.org\/tabernus-nuevo-socio-de-la-afc\/","og_site_name":"Asociaci\u00f3n de Franqu\u00edcias de Catalunya","article_published_time":"2023-01-18T09:42:18+00:00","og_image":[{"url":"https:\/\/www.franquiciescat.org\/wp-content\/uploads\/2023\/06\/5bmfsefvs7dwu0nclpaazrgol-bade0018a9b044fc96eeda48af6dc6dc-1997543.jpg","type":"","width":"","height":""}],"author":"Einagrafic","twitter_card":"summary_large_image","twitter_misc":{"Escrito por":"Einagrafic","Tiempo de lectura":"1 minuto"},"schema":{"@context":"https:\/\/schema.org","@graph":[{"@type":"Article","@id":"https:\/\/www.franquiciescat.org\/tabernus-nuevo-socio-de-la-afc\/#article","isPartOf":{"@id":"https:\/\/www.franquiciescat.org\/tabernus-nuevo-socio-de-la-afc\/"},"author":{"name":"Einagrafic","@id":"https:\/\/www.franquiciescat.org\/#\/schema\/person\/f7cfeca2687a2d216942148b0f430be5"},"headline":"TABERNUS, nuevo socio de la AFC","datePublished":"2023-01-18T09:42:18+00:00","mainEntityOfPage":{"@id":"https:\/\/www.franquiciescat.org\/tabernus-nuevo-socio-de-la-afc\/"},"wordCount":211,"commentCount":0,"publisher":{"@id":"https:\/\/www.franquiciescat.org\/#organization"},"image":{"@id":"https:\/\/www.franquiciescat.org\/tabernus-nuevo-socio-de-la-afc\/#primaryimage"},"thumbnailUrl":"https:\/\/www.franquiciescat.org\/wp-content\/uploads\/2023\/06\/5bmfsefvs7dwu0nclpaazrgol-bade0018a9b044fc96eeda48af6dc6dc-1997543.jpg","articleSection":["Noticias"],"inLanguage":"es"},{"@type":"WebPage","@id":"https:\/\/www.franquiciescat.org\/tabernus-nuevo-socio-de-la-afc\/","url":"https:\/\/www.franquiciescat.org\/tabernus-nuevo-socio-de-la-afc\/","name":"TABERNUS, nuevo socio de la AFC - Asociaci\u00f3n de Franqu\u00edcias de Catalunya","isPartOf":{"@id":"https:\/\/www.franquiciescat.org\/#website"},"primaryImageOfPage":{"@id":"https:\/\/www.franquiciescat.org\/tabernus-nuevo-socio-de-la-afc\/#primaryimage"},"image":{"@id":"https:\/\/www.franquiciescat.org\/tabernus-nuevo-socio-de-la-afc\/#primaryimage"},"thumbnailUrl":"https:\/\/www.franquiciescat.org\/wp-content\/uploads\/2023\/06\/5bmfsefvs7dwu0nclpaazrgol-bade0018a9b044fc96eeda48af6dc6dc-1997543.jpg","datePublished":"2023-01-18T09:42:18+00:00","breadcrumb":{"@id":"https:\/\/www.franquiciescat.org\/tabernus-nuevo-socio-de-la-afc\/#breadcrumb"},"inLanguage":"es","potentialAction":[{"@type":"ReadAction","target":["https:\/\/www.franquiciescat.org\/tabernus-nuevo-socio-de-la-afc\/"]}]},{"@type":"ImageObject","inLanguage":"es","@id":"https:\/\/www.franquiciescat.org\/tabernus-nuevo-socio-de-la-afc\/#primaryimage","url":"https:\/\/www.franquiciescat.org\/wp-content\/uploads\/2023\/06\/5bmfsefvs7dwu0nclpaazrgol-bade0018a9b044fc96eeda48af6dc6dc-1997543.jpg","contentUrl":"https:\/\/www.franquiciescat.org\/wp-content\/uploads\/2023\/06\/5bmfsefvs7dwu0nclpaazrgol-bade0018a9b044fc96eeda48af6dc6dc-1997543.jpg","width":300,"height":290},{"@type":"BreadcrumbList","@id":"https:\/\/www.franquiciescat.org\/tabernus-nuevo-socio-de-la-afc\/#breadcrumb","itemListElement":[{"@type":"ListItem","position":1,"name":"Inici","item":"https:\/\/www.franquiciescat.org\/"},{"@type":"ListItem","position":2,"name":"TABERNUS, nuevo socio de la AFC"}]},{"@type":"WebSite","@id":"https:\/\/www.franquiciescat.org\/#website","url":"https:\/\/www.franquiciescat.org\/","name":"Associaci\u00f3 de Franqu\u00edcies de Catalunya","description":"Asociaci\u00f3n de Franqu\u00edcias de Catalunya","publisher":{"@id":"https:\/\/www.franquiciescat.org\/#organization"},"potentialAction":[{"@type":"SearchAction","target":{"@type":"EntryPoint","urlTemplate":"https:\/\/www.franquiciescat.org\/?s={search_term_string}"},"query-input":{"@type":"PropertyValueSpecification","valueRequired":true,"valueName":"search_term_string"}}],"inLanguage":"es"},{"@type":"Organization","@id":"https:\/\/www.franquiciescat.org\/#organization","name":"Associaci\u00f3 de Franqu\u00edcies de Catalunya","url":"https:\/\/www.franquiciescat.org\/","logo":{"@type":"ImageObject","inLanguage":"es","@id":"https:\/\/www.franquiciescat.org\/#\/schema\/logo\/image\/","url":"https:\/\/www.franquiciescat.org\/wp-content\/uploads\/2023\/05\/logo-afc.png","contentUrl":"https:\/\/www.franquiciescat.org\/wp-content\/uploads\/2023\/05\/logo-afc.png","width":640,"height":171,"caption":"Associaci\u00f3 de Franqu\u00edcies de Catalunya"},"image":{"@id":"https:\/\/www.franquiciescat.org\/#\/schema\/logo\/image\/"}},{"@type":"Person","@id":"https:\/\/www.franquiciescat.org\/#\/schema\/person\/f7cfeca2687a2d216942148b0f430be5","name":"Einagrafic","image":{"@type":"ImageObject","inLanguage":"es","@id":"https:\/\/www.franquiciescat.org\/#\/schema\/person\/image\/","url":"https:\/\/secure.gravatar.com\/avatar\/cc75d3f0c33e859c04998660c0362167519e435366e0967a9b01a7c511c82ae4?s=96&d=mm&r=g","contentUrl":"https:\/\/secure.gravatar.com\/avatar\/cc75d3f0c33e859c04998660c0362167519e435366e0967a9b01a7c511c82ae4?s=96&d=mm&r=g","caption":"Einagrafic"},"sameAs":["https:\/\/www.franquiciescat.org"],"url":"https:\/\/www.franquiciescat.org\/es\/author\/einagrafic\/"}]}},"_links":{"self":[{"href":"https:\/\/www.franquiciescat.org\/es\/wp-json\/wp\/v2\/posts\/2977","targetHints":{"allow":["GET"]}}],"collection":[{"href":"https:\/\/www.franquiciescat.org\/es\/wp-json\/wp\/v2\/posts"}],"about":[{"href":"https:\/\/www.franquiciescat.org\/es\/wp-json\/wp\/v2\/types\/post"}],"author":[{"embeddable":true,"href":"https:\/\/www.franquiciescat.org\/es\/wp-json\/wp\/v2\/users\/1"}],"replies":[{"embeddable":true,"href":"https:\/\/www.franquiciescat.org\/es\/wp-json\/wp\/v2\/comments?post=2977"}],"version-history":[{"count":0,"href":"https:\/\/www.franquiciescat.org\/es\/wp-json\/wp\/v2\/posts\/2977\/revisions"}],"wp:featuredmedia":[{"embeddable":true,"href":"https:\/\/www.franquiciescat.org\/es\/wp-json\/wp\/v2\/media\/2461"}],"wp:attachment":[{"href":"https:\/\/www.franquiciescat.org\/es\/wp-json\/wp\/v2\/media?parent=2977"}],"wp:term":[{"taxonomy":"category","embeddable":true,"href":"https:\/\/www.franquiciescat.org\/es\/wp-json\/wp\/v2\/categories?post=2977"},{"taxonomy":"post_tag","embeddable":true,"href":"https:\/\/www.franquiciescat.org\/es\/wp-json\/wp\/v2\/tags?post=2977"}],"curies":[{"name":"wp","href":"https:\/\/api.w.org\/{rel}","templated":true}]}}