{"id":2989,"date":"2022-11-17T14:32:50","date_gmt":"2022-11-17T14:32:50","guid":{"rendered":"https:\/\/www.franquiciescat.org\/anytime-fitness-foners-inicia-la-cuenta-atras-para-su-apertura\/"},"modified":"2022-11-17T14:32:50","modified_gmt":"2022-11-17T14:32:50","slug":"anytime-fitness-foners-inicia-la-cuenta-atras-para-su-apertura","status":"publish","type":"post","link":"https:\/\/www.franquiciescat.org\/es\/anytime-fitness-foners-inicia-la-cuenta-atras-para-su-apertura\/","title":{"rendered":"Anytime Fitness Foners inicia la cuenta atr\u00e1s para su apertura"},"content":{"rendered":"<p class=\"summary\">Palma de Mallorca acoger\u00e1 el pr\u00f3ximo 16 de enero su segundo gimnasio Anytime Fitness en el barrio de Foners.<\/p>\n<p><img decoding=\"async\" class=\"alignnone size-medium wp-image-1403 aligncenter\" src=\"https:\/\/www.franquiciescat.org\/wp-content\/uploads\/2023\/06\/anytimefitness-2069569-2-300x80.png\" alt=\"\" width=\"300\" height=\"80\" srcset=\"https:\/\/www.franquiciescat.org\/wp-content\/uploads\/2023\/06\/anytimefitness-2069569-2-300x80.png 300w, https:\/\/www.franquiciescat.org\/wp-content\/uploads\/2023\/06\/anytimefitness-2069569-2.png 480w\" sizes=\"(max-width: 300px) 100vw, 300px\" \/><\/p>\n<p><em>Palma de Mallorca acoger\u00e1 el pr\u00f3ximo 16 de enero su segundo gimnasio Anytime Fitness en el barrio de Foners. Con una superficie de 500 m2 y abierto las 24 horas los 365 d\u00edas, el club operar\u00e1 en r\u00e9gimen de franquicia de la mano de Javier Lerma y Laura Ruiz, franquiciados desde hace cinco a\u00f1os del \u00fanico Anytime Fitness que de momento existe en la isla balear. El centro -el n\u00famero 39 de Anytime Fitness en Espa\u00f1a- contar\u00e1 con la nueva imagen de la cadena, estar\u00e1 equipado con la maquinaria de Matrix y sus instalaciones dispondr\u00e1n de placas solares y aerotermia en una clara apuesta por la sostenibilidad y la eficiencia energ\u00e9tica.<\/em><\/p>\n<p>&nbsp;<\/p>\n<p>Barcelona, 17 de noviembre de 2022.- Anytime Fitness, la cadena de gimnasios m\u00e1s grande del mundo, ha iniciado la cuenta atr\u00e1s para dar la bienvenida a su red a un nuevo centro en Palma de Mallorca. Se trata del club que el pr\u00f3ximo 16 de enero abrir\u00e1 sus puertas en el barrio de Foners (en el n\u00famero 9 de la calle P\u00e9rez Gald\u00f3s) de la capital balear, con el que la ense\u00f1a sumar\u00e1 39 centros operativos en el pa\u00eds y dos en el archipi\u00e9lago.<\/p>\n<p><img fetchpriority=\"high\" decoding=\"async\" class=\"alignnone wp-image-1491 aligncenter\" src=\"https:\/\/www.franquiciescat.org\/wp-content\/uploads\/2023\/06\/hboqeayispcphzhmlkxpou6no-afifoto-1957966-2-2-300x169.jpg\" alt=\"\" width=\"1001\" height=\"564\" srcset=\"https:\/\/www.franquiciescat.org\/wp-content\/uploads\/2023\/06\/hboqeayispcphzhmlkxpou6no-afifoto-1957966-2-2-300x169.jpg 300w, https:\/\/www.franquiciescat.org\/wp-content\/uploads\/2023\/06\/hboqeayispcphzhmlkxpou6no-afifoto-1957966-2-2-1024x576.jpg 1024w, https:\/\/www.franquiciescat.org\/wp-content\/uploads\/2023\/06\/hboqeayispcphzhmlkxpou6no-afifoto-1957966-2-2-768x432.jpg 768w, https:\/\/www.franquiciescat.org\/wp-content\/uploads\/2023\/06\/hboqeayispcphzhmlkxpou6no-afifoto-1957966-2-2.jpg 1280w\" sizes=\"(max-width: 1001px) 100vw, 1001px\" \/><\/p>\n<p>&nbsp;<\/p>\n<p><strong><em>M\u00e1s multifranquiciados en Anytime Fitness Iberia<\/em><\/strong><\/p>\n<p>Anytime Fitness Foners, de 500 metros cuadrados y abierto las 24 horas todos los d\u00edas del a\u00f1o, estar\u00e1 gestionado por Javier Lerma y Laura Ruiz, quienes con esta apertura se convierten en multifranquiciados de la cadena en Espa\u00f1a, ya que desde febrero de 2017 operan el que hasta ahora ha sido su primer y \u00fanico club, en la c\u00e9ntrica calle 31 de diciembre de la misma ciudad.<\/p>\n<p>\u201cEstamos muy contentos y orgullosos de ver que Anytime Fitness sigue creciendo de la mano de franquiciados que ya forman parte de nuestra familia, como es el caso de Javier y Laura. \u00c9sta es la mejor carta de presentaci\u00f3n con la que podemos contar para demostrar la confianza reiterada de los franquiciados que apuestan por crecer con nosotros y nos permiten crecer con ellos\u201d, destaca Tim Devereaux, director general de Anytime Fitness Iberia.<\/p>\n<p><strong><em>M\u00e1s de 250 socios en 30 d\u00edas de preventa<\/em><\/strong><\/p>\n<p>En plena fase de adecuaci\u00f3n del local y en este primer mes de preventa -el proceso arranc\u00f3 el pasado 17 de octubre-, Anytime Fitness Foners ha conseguido sumar a sus filas m\u00e1s de 250 socios. Una cifra que es un \u00e9xito rotundo y con la que sus franquiciados calculan poder abrir las puertas de su nuevo club superando los 500 socios.<\/p>\n<p>\u201cEstamos muy contentos de poder inaugurar nuestro segundo Anytime Fitness, y de seguir llevando la salud a todos aquellos que conf\u00edan en nuestro modelo y en nuestro servicio para mejorar su bienestar y calidad de vida. Ya tenemos m\u00e1s de 250 personas inscritas en nuestro futuro club donde, al igual que en el primero, ofreceremos planes individualizados, personalizaci\u00f3n, innovaci\u00f3n, flexibilidad, vanguardia y los mejores profesionales de la isla para que todos nuestros socios puedan alcanzar de nuestra mano cualquier objetivo fitness que se propongan\u201d, sostiene Javier Lerma.<\/p>\n<p><strong><em>Zona funcional equipada con MyZone: vanguardia y gamificaci\u00f3n<\/em><\/strong><\/p>\n<p>Anytime Fitness Foners estar\u00e1 dise\u00f1ado seg\u00fan el nuevo manual de estilo de la franquicia, contar\u00e1 con la maquinaria de Matrix, tendr\u00e1 zonas de cardio y peso libre y una novedosa sala de entrenamiento funcional equipada con la tecnolog\u00eda de MyZone, el medidor de frecuencia cardiaca que pondr\u00e1 a competir a todos los usuarios que se acojan a los planes que incluyen este servicio.<\/p>\n<p>Adem\u00e1s, dispondr\u00e1 de un estudio en el que diariamente se impartir\u00e1n clases dirigidas en grupos reducidos. Para que sus socios puedan empezar a entrenar desde ya -antes de abrir sus puertas-, el club les da la posibilidad de hacerlo fuera de sus instalaciones gracias a los m\u00e1s de 1.100 planes de entrenamiento y m\u00e1s de 8.000 ejercicios con los que est\u00e1n dotadas las App de la cadena.<\/p>\n<p><strong><em>Eficientes tambi\u00e9n en el gasto energ\u00e9tico<\/em><\/strong><\/p>\n<p>Anytime Fitness Foners nace con la vocaci\u00f3n de ser un gimnasio eficiente tambi\u00e9n desde el punto de vista energ\u00e9tico, y respetuoso con el medio ambiente y la lucha contra el cambio clim\u00e1tico. \u00bfC\u00f3mo? Gracias a su apuesta por placas solares y aerotermia.<\/p>\n<p>\u201cEstamos muy orgullosos de poner en marcha un gimnasio tan sostenible. Es una contribuci\u00f3n m\u00e1s al bienestar presente y futuro, no solo de nuestro negocio, sino de las pr\u00f3ximas generaciones. Queremos que todos nuestros socios sean conscientes del desaf\u00edo energ\u00e9tico que tenemos por delante y, para ello, contaremos con unas pantallas a la entrada de nuestro club en las que todos podremos comprobar la energ\u00eda que demandamos y producimos en cada momento\u201d, afirma Lerma.<\/p>\n<p style=\"text-align: center;\"><strong>&#8211; FIN \u2013<\/strong><\/p>\n","protected":false},"excerpt":{"rendered":"<p>Palma de Mallorca acoger\u00e1 el pr\u00f3ximo 16 de enero su segundo gimnasio Anytime Fitness en el barrio de Foners. Palma de Mallorca acoger\u00e1 el pr\u00f3ximo 16 de enero su segundo gimnasio Anytime Fitness en el barrio de Foners. Con una superficie de 500 m2 y abierto las 24 horas los 365 d\u00edas, el club operar\u00e1 [&hellip;]<\/p>\n","protected":false},"author":1,"featured_media":2500,"comment_status":"open","ping_status":"open","sticky":false,"template":"","format":"standard","meta":{"footnotes":""},"categories":[72],"tags":[],"class_list":["post-2989","post","type-post","status-publish","format-standard","has-post-thumbnail","hentry","category-noticias"],"yoast_head":"<!-- This site is optimized with the Yoast SEO plugin v26.9 - https:\/\/yoast.com\/product\/yoast-seo-wordpress\/ -->\n<title>Anytime Fitness Foners inicia la cuenta atr\u00e1s para su apertura - Asociaci\u00f3n de Franqu\u00edcias de Catalunya<\/title>\n<meta name=\"robots\" content=\"index, follow, max-snippet:-1, max-image-preview:large, max-video-preview:-1\" \/>\n<link rel=\"canonical\" href=\"https:\/\/www.franquiciescat.org\/anytime-fitness-foners-inicia-la-cuenta-atras-para-su-apertura\/\" \/>\n<meta property=\"og:locale\" content=\"es_ES\" \/>\n<meta property=\"og:type\" content=\"article\" \/>\n<meta property=\"og:title\" content=\"Anytime Fitness Foners inicia la cuenta atr\u00e1s para su apertura - Asociaci\u00f3n de Franqu\u00edcias de Catalunya\" \/>\n<meta property=\"og:description\" content=\"Palma de Mallorca acoger\u00e1 el pr\u00f3ximo 16 de enero su segundo gimnasio Anytime Fitness en el barrio de Foners. Palma de Mallorca acoger\u00e1 el pr\u00f3ximo 16 de enero su segundo gimnasio Anytime Fitness en el barrio de Foners. Con una superficie de 500 m2 y abierto las 24 horas los 365 d\u00edas, el club operar\u00e1 [&hellip;]\" \/>\n<meta property=\"og:url\" content=\"https:\/\/www.franquiciescat.org\/anytime-fitness-foners-inicia-la-cuenta-atras-para-su-apertura\/\" \/>\n<meta property=\"og:site_name\" content=\"Asociaci\u00f3n de Franqu\u00edcias de Catalunya\" \/>\n<meta property=\"article:published_time\" content=\"2022-11-17T14:32:50+00:00\" \/>\n<meta property=\"og:image\" content=\"https:\/\/www.franquiciescat.org\/wp-content\/uploads\/2023\/06\/anytimefitness-2069569-2-300x80.png\" \/>\n<meta name=\"author\" content=\"Einagrafic\" \/>\n<meta name=\"twitter:card\" content=\"summary_large_image\" \/>\n<meta name=\"twitter:label1\" content=\"Escrito por\" \/>\n\t<meta name=\"twitter:data1\" content=\"Einagrafic\" \/>\n\t<meta name=\"twitter:label2\" content=\"Tiempo de lectura\" \/>\n\t<meta name=\"twitter:data2\" content=\"4 minutos\" \/>\n<script type=\"application\/ld+json\" class=\"yoast-schema-graph\">{\"@context\":\"https:\/\/schema.org\",\"@graph\":[{\"@type\":\"Article\",\"@id\":\"https:\/\/www.franquiciescat.org\/anytime-fitness-foners-inicia-la-cuenta-atras-para-su-apertura\/#article\",\"isPartOf\":{\"@id\":\"https:\/\/www.franquiciescat.org\/anytime-fitness-foners-inicia-la-cuenta-atras-para-su-apertura\/\"},\"author\":{\"name\":\"Einagrafic\",\"@id\":\"https:\/\/www.franquiciescat.org\/#\/schema\/person\/f7cfeca2687a2d216942148b0f430be5\"},\"headline\":\"Anytime Fitness Foners inicia la cuenta atr\u00e1s para su apertura\",\"datePublished\":\"2022-11-17T14:32:50+00:00\",\"mainEntityOfPage\":{\"@id\":\"https:\/\/www.franquiciescat.org\/anytime-fitness-foners-inicia-la-cuenta-atras-para-su-apertura\/\"},\"wordCount\":824,\"commentCount\":0,\"publisher\":{\"@id\":\"https:\/\/www.franquiciescat.org\/#organization\"},\"image\":{\"@id\":\"https:\/\/www.franquiciescat.org\/anytime-fitness-foners-inicia-la-cuenta-atras-para-su-apertura\/#primaryimage\"},\"thumbnailUrl\":\"https:\/\/www.franquiciescat.org\/wp-content\/uploads\/2023\/06\/hboqeayispcphzhmlkxpou6no-afifoto-1957966-2-2.jpg\",\"articleSection\":[\"Noticias\"],\"inLanguage\":\"es\"},{\"@type\":\"WebPage\",\"@id\":\"https:\/\/www.franquiciescat.org\/anytime-fitness-foners-inicia-la-cuenta-atras-para-su-apertura\/\",\"url\":\"https:\/\/www.franquiciescat.org\/anytime-fitness-foners-inicia-la-cuenta-atras-para-su-apertura\/\",\"name\":\"Anytime Fitness Foners inicia la cuenta atr\u00e1s para su apertura - Asociaci\u00f3n de Franqu\u00edcias de Catalunya\",\"isPartOf\":{\"@id\":\"https:\/\/www.franquiciescat.org\/#website\"},\"primaryImageOfPage\":{\"@id\":\"https:\/\/www.franquiciescat.org\/anytime-fitness-foners-inicia-la-cuenta-atras-para-su-apertura\/#primaryimage\"},\"image\":{\"@id\":\"https:\/\/www.franquiciescat.org\/anytime-fitness-foners-inicia-la-cuenta-atras-para-su-apertura\/#primaryimage\"},\"thumbnailUrl\":\"https:\/\/www.franquiciescat.org\/wp-content\/uploads\/2023\/06\/hboqeayispcphzhmlkxpou6no-afifoto-1957966-2-2.jpg\",\"datePublished\":\"2022-11-17T14:32:50+00:00\",\"breadcrumb\":{\"@id\":\"https:\/\/www.franquiciescat.org\/anytime-fitness-foners-inicia-la-cuenta-atras-para-su-apertura\/#breadcrumb\"},\"inLanguage\":\"es\",\"potentialAction\":[{\"@type\":\"ReadAction\",\"target\":[\"https:\/\/www.franquiciescat.org\/anytime-fitness-foners-inicia-la-cuenta-atras-para-su-apertura\/\"]}]},{\"@type\":\"ImageObject\",\"inLanguage\":\"es\",\"@id\":\"https:\/\/www.franquiciescat.org\/anytime-fitness-foners-inicia-la-cuenta-atras-para-su-apertura\/#primaryimage\",\"url\":\"https:\/\/www.franquiciescat.org\/wp-content\/uploads\/2023\/06\/hboqeayispcphzhmlkxpou6no-afifoto-1957966-2-2.jpg\",\"contentUrl\":\"https:\/\/www.franquiciescat.org\/wp-content\/uploads\/2023\/06\/hboqeayispcphzhmlkxpou6no-afifoto-1957966-2-2.jpg\",\"width\":1280,\"height\":720},{\"@type\":\"BreadcrumbList\",\"@id\":\"https:\/\/www.franquiciescat.org\/anytime-fitness-foners-inicia-la-cuenta-atras-para-su-apertura\/#breadcrumb\",\"itemListElement\":[{\"@type\":\"ListItem\",\"position\":1,\"name\":\"Inici\",\"item\":\"https:\/\/www.franquiciescat.org\/\"},{\"@type\":\"ListItem\",\"position\":2,\"name\":\"Anytime Fitness Foners inicia la cuenta atr\u00e1s para su apertura\"}]},{\"@type\":\"WebSite\",\"@id\":\"https:\/\/www.franquiciescat.org\/#website\",\"url\":\"https:\/\/www.franquiciescat.org\/\",\"name\":\"Associaci\u00f3 de Franqu\u00edcies de Catalunya\",\"description\":\"Asociaci\u00f3n de Franqu\u00edcias de Catalunya\",\"publisher\":{\"@id\":\"https:\/\/www.franquiciescat.org\/#organization\"},\"potentialAction\":[{\"@type\":\"SearchAction\",\"target\":{\"@type\":\"EntryPoint\",\"urlTemplate\":\"https:\/\/www.franquiciescat.org\/?s={search_term_string}\"},\"query-input\":{\"@type\":\"PropertyValueSpecification\",\"valueRequired\":true,\"valueName\":\"search_term_string\"}}],\"inLanguage\":\"es\"},{\"@type\":\"Organization\",\"@id\":\"https:\/\/www.franquiciescat.org\/#organization\",\"name\":\"Associaci\u00f3 de Franqu\u00edcies de Catalunya\",\"url\":\"https:\/\/www.franquiciescat.org\/\",\"logo\":{\"@type\":\"ImageObject\",\"inLanguage\":\"es\",\"@id\":\"https:\/\/www.franquiciescat.org\/#\/schema\/logo\/image\/\",\"url\":\"https:\/\/www.franquiciescat.org\/wp-content\/uploads\/2023\/05\/logo-afc.png\",\"contentUrl\":\"https:\/\/www.franquiciescat.org\/wp-content\/uploads\/2023\/05\/logo-afc.png\",\"width\":640,\"height\":171,\"caption\":\"Associaci\u00f3 de Franqu\u00edcies de Catalunya\"},\"image\":{\"@id\":\"https:\/\/www.franquiciescat.org\/#\/schema\/logo\/image\/\"}},{\"@type\":\"Person\",\"@id\":\"https:\/\/www.franquiciescat.org\/#\/schema\/person\/f7cfeca2687a2d216942148b0f430be5\",\"name\":\"Einagrafic\",\"image\":{\"@type\":\"ImageObject\",\"inLanguage\":\"es\",\"@id\":\"https:\/\/www.franquiciescat.org\/#\/schema\/person\/image\/\",\"url\":\"https:\/\/secure.gravatar.com\/avatar\/cc75d3f0c33e859c04998660c0362167519e435366e0967a9b01a7c511c82ae4?s=96&d=mm&r=g\",\"contentUrl\":\"https:\/\/secure.gravatar.com\/avatar\/cc75d3f0c33e859c04998660c0362167519e435366e0967a9b01a7c511c82ae4?s=96&d=mm&r=g\",\"caption\":\"Einagrafic\"},\"sameAs\":[\"https:\/\/www.franquiciescat.org\"],\"url\":\"https:\/\/www.franquiciescat.org\/es\/author\/einagrafic\/\"}]}<\/script>\n<!-- \/ Yoast SEO plugin. -->","yoast_head_json":{"title":"Anytime Fitness Foners inicia la cuenta atr\u00e1s para su apertura - Asociaci\u00f3n de Franqu\u00edcias de Catalunya","robots":{"index":"index","follow":"follow","max-snippet":"max-snippet:-1","max-image-preview":"max-image-preview:large","max-video-preview":"max-video-preview:-1"},"canonical":"https:\/\/www.franquiciescat.org\/anytime-fitness-foners-inicia-la-cuenta-atras-para-su-apertura\/","og_locale":"es_ES","og_type":"article","og_title":"Anytime Fitness Foners inicia la cuenta atr\u00e1s para su apertura - Asociaci\u00f3n de Franqu\u00edcias de Catalunya","og_description":"Palma de Mallorca acoger\u00e1 el pr\u00f3ximo 16 de enero su segundo gimnasio Anytime Fitness en el barrio de Foners. Palma de Mallorca acoger\u00e1 el pr\u00f3ximo 16 de enero su segundo gimnasio Anytime Fitness en el barrio de Foners. Con una superficie de 500 m2 y abierto las 24 horas los 365 d\u00edas, el club operar\u00e1 [&hellip;]","og_url":"https:\/\/www.franquiciescat.org\/anytime-fitness-foners-inicia-la-cuenta-atras-para-su-apertura\/","og_site_name":"Asociaci\u00f3n de Franqu\u00edcias de Catalunya","article_published_time":"2022-11-17T14:32:50+00:00","og_image":[{"url":"https:\/\/www.franquiciescat.org\/wp-content\/uploads\/2023\/06\/anytimefitness-2069569-2-300x80.png","type":"","width":"","height":""}],"author":"Einagrafic","twitter_card":"summary_large_image","twitter_misc":{"Escrito por":"Einagrafic","Tiempo de lectura":"4 minutos"},"schema":{"@context":"https:\/\/schema.org","@graph":[{"@type":"Article","@id":"https:\/\/www.franquiciescat.org\/anytime-fitness-foners-inicia-la-cuenta-atras-para-su-apertura\/#article","isPartOf":{"@id":"https:\/\/www.franquiciescat.org\/anytime-fitness-foners-inicia-la-cuenta-atras-para-su-apertura\/"},"author":{"name":"Einagrafic","@id":"https:\/\/www.franquiciescat.org\/#\/schema\/person\/f7cfeca2687a2d216942148b0f430be5"},"headline":"Anytime Fitness Foners inicia la cuenta atr\u00e1s para su apertura","datePublished":"2022-11-17T14:32:50+00:00","mainEntityOfPage":{"@id":"https:\/\/www.franquiciescat.org\/anytime-fitness-foners-inicia-la-cuenta-atras-para-su-apertura\/"},"wordCount":824,"commentCount":0,"publisher":{"@id":"https:\/\/www.franquiciescat.org\/#organization"},"image":{"@id":"https:\/\/www.franquiciescat.org\/anytime-fitness-foners-inicia-la-cuenta-atras-para-su-apertura\/#primaryimage"},"thumbnailUrl":"https:\/\/www.franquiciescat.org\/wp-content\/uploads\/2023\/06\/hboqeayispcphzhmlkxpou6no-afifoto-1957966-2-2.jpg","articleSection":["Noticias"],"inLanguage":"es"},{"@type":"WebPage","@id":"https:\/\/www.franquiciescat.org\/anytime-fitness-foners-inicia-la-cuenta-atras-para-su-apertura\/","url":"https:\/\/www.franquiciescat.org\/anytime-fitness-foners-inicia-la-cuenta-atras-para-su-apertura\/","name":"Anytime Fitness Foners inicia la cuenta atr\u00e1s para su apertura - Asociaci\u00f3n de Franqu\u00edcias de Catalunya","isPartOf":{"@id":"https:\/\/www.franquiciescat.org\/#website"},"primaryImageOfPage":{"@id":"https:\/\/www.franquiciescat.org\/anytime-fitness-foners-inicia-la-cuenta-atras-para-su-apertura\/#primaryimage"},"image":{"@id":"https:\/\/www.franquiciescat.org\/anytime-fitness-foners-inicia-la-cuenta-atras-para-su-apertura\/#primaryimage"},"thumbnailUrl":"https:\/\/www.franquiciescat.org\/wp-content\/uploads\/2023\/06\/hboqeayispcphzhmlkxpou6no-afifoto-1957966-2-2.jpg","datePublished":"2022-11-17T14:32:50+00:00","breadcrumb":{"@id":"https:\/\/www.franquiciescat.org\/anytime-fitness-foners-inicia-la-cuenta-atras-para-su-apertura\/#breadcrumb"},"inLanguage":"es","potentialAction":[{"@type":"ReadAction","target":["https:\/\/www.franquiciescat.org\/anytime-fitness-foners-inicia-la-cuenta-atras-para-su-apertura\/"]}]},{"@type":"ImageObject","inLanguage":"es","@id":"https:\/\/www.franquiciescat.org\/anytime-fitness-foners-inicia-la-cuenta-atras-para-su-apertura\/#primaryimage","url":"https:\/\/www.franquiciescat.org\/wp-content\/uploads\/2023\/06\/hboqeayispcphzhmlkxpou6no-afifoto-1957966-2-2.jpg","contentUrl":"https:\/\/www.franquiciescat.org\/wp-content\/uploads\/2023\/06\/hboqeayispcphzhmlkxpou6no-afifoto-1957966-2-2.jpg","width":1280,"height":720},{"@type":"BreadcrumbList","@id":"https:\/\/www.franquiciescat.org\/anytime-fitness-foners-inicia-la-cuenta-atras-para-su-apertura\/#breadcrumb","itemListElement":[{"@type":"ListItem","position":1,"name":"Inici","item":"https:\/\/www.franquiciescat.org\/"},{"@type":"ListItem","position":2,"name":"Anytime Fitness Foners inicia la cuenta atr\u00e1s para su apertura"}]},{"@type":"WebSite","@id":"https:\/\/www.franquiciescat.org\/#website","url":"https:\/\/www.franquiciescat.org\/","name":"Associaci\u00f3 de Franqu\u00edcies de Catalunya","description":"Asociaci\u00f3n de Franqu\u00edcias de Catalunya","publisher":{"@id":"https:\/\/www.franquiciescat.org\/#organization"},"potentialAction":[{"@type":"SearchAction","target":{"@type":"EntryPoint","urlTemplate":"https:\/\/www.franquiciescat.org\/?s={search_term_string}"},"query-input":{"@type":"PropertyValueSpecification","valueRequired":true,"valueName":"search_term_string"}}],"inLanguage":"es"},{"@type":"Organization","@id":"https:\/\/www.franquiciescat.org\/#organization","name":"Associaci\u00f3 de Franqu\u00edcies de Catalunya","url":"https:\/\/www.franquiciescat.org\/","logo":{"@type":"ImageObject","inLanguage":"es","@id":"https:\/\/www.franquiciescat.org\/#\/schema\/logo\/image\/","url":"https:\/\/www.franquiciescat.org\/wp-content\/uploads\/2023\/05\/logo-afc.png","contentUrl":"https:\/\/www.franquiciescat.org\/wp-content\/uploads\/2023\/05\/logo-afc.png","width":640,"height":171,"caption":"Associaci\u00f3 de Franqu\u00edcies de Catalunya"},"image":{"@id":"https:\/\/www.franquiciescat.org\/#\/schema\/logo\/image\/"}},{"@type":"Person","@id":"https:\/\/www.franquiciescat.org\/#\/schema\/person\/f7cfeca2687a2d216942148b0f430be5","name":"Einagrafic","image":{"@type":"ImageObject","inLanguage":"es","@id":"https:\/\/www.franquiciescat.org\/#\/schema\/person\/image\/","url":"https:\/\/secure.gravatar.com\/avatar\/cc75d3f0c33e859c04998660c0362167519e435366e0967a9b01a7c511c82ae4?s=96&d=mm&r=g","contentUrl":"https:\/\/secure.gravatar.com\/avatar\/cc75d3f0c33e859c04998660c0362167519e435366e0967a9b01a7c511c82ae4?s=96&d=mm&r=g","caption":"Einagrafic"},"sameAs":["https:\/\/www.franquiciescat.org"],"url":"https:\/\/www.franquiciescat.org\/es\/author\/einagrafic\/"}]}},"_links":{"self":[{"href":"https:\/\/www.franquiciescat.org\/es\/wp-json\/wp\/v2\/posts\/2989","targetHints":{"allow":["GET"]}}],"collection":[{"href":"https:\/\/www.franquiciescat.org\/es\/wp-json\/wp\/v2\/posts"}],"about":[{"href":"https:\/\/www.franquiciescat.org\/es\/wp-json\/wp\/v2\/types\/post"}],"author":[{"embeddable":true,"href":"https:\/\/www.franquiciescat.org\/es\/wp-json\/wp\/v2\/users\/1"}],"replies":[{"embeddable":true,"href":"https:\/\/www.franquiciescat.org\/es\/wp-json\/wp\/v2\/comments?post=2989"}],"version-history":[{"count":0,"href":"https:\/\/www.franquiciescat.org\/es\/wp-json\/wp\/v2\/posts\/2989\/revisions"}],"wp:featuredmedia":[{"embeddable":true,"href":"https:\/\/www.franquiciescat.org\/es\/wp-json\/wp\/v2\/media\/2500"}],"wp:attachment":[{"href":"https:\/\/www.franquiciescat.org\/es\/wp-json\/wp\/v2\/media?parent=2989"}],"wp:term":[{"taxonomy":"category","embeddable":true,"href":"https:\/\/www.franquiciescat.org\/es\/wp-json\/wp\/v2\/categories?post=2989"},{"taxonomy":"post_tag","embeddable":true,"href":"https:\/\/www.franquiciescat.org\/es\/wp-json\/wp\/v2\/tags?post=2989"}],"curies":[{"name":"wp","href":"https:\/\/api.w.org\/{rel}","templated":true}]}}