{"id":3016,"date":"2022-05-19T07:58:57","date_gmt":"2022-05-19T07:58:57","guid":{"rendered":"https:\/\/www.franquiciescat.org\/grupo-moure-obrira-una-nova-estacio-de-servei-autonetoil-a-vigo\/"},"modified":"2022-05-19T07:58:57","modified_gmt":"2022-05-19T07:58:57","slug":"grupo-moure-obrira-una-nova-estacio-de-servei-autonetoil-a-vigo","status":"publish","type":"post","link":"https:\/\/www.franquiciescat.org\/es\/grupo-moure-obrira-una-nova-estacio-de-servei-autonetoil-a-vigo\/","title":{"rendered":"Grupo Moure obrir\u00e0 una nova estaci\u00f3 de servei Autonetoil a Vigo"},"content":{"rendered":"<p class=\"summary\">Con esta apertura, prevista a principios de julio, se alcanzar\u00e1n las 15 estaciones de servicio Autonetoil y los 58 centros de lavado Elefante Azul a nivel nacional.<\/p>\n<p style=\"text-align: center;\"><em><strong>\u201cLa puesta en marcha de este nuevo establecimiento, el primero del holding en Vigo, supondr\u00e1 una mejora en la oferta de servicios para el vecindario y para la ciudad\u201d, indica Manel Montero, director general de Grupo Moure.<\/strong><\/em><\/p>\n<p><em><strong><img fetchpriority=\"high\" decoding=\"async\" class=\"alignnone wp-image-1659 aligncenter\" src=\"https:\/\/www.franquiciescat.org\/wp-content\/uploads\/2023\/06\/thumbnail-1829935-300x200.jpg\" alt=\"\" width=\"602\" height=\"401\" srcset=\"https:\/\/www.franquiciescat.org\/wp-content\/uploads\/2023\/06\/thumbnail-1829935-300x200.jpg 300w, https:\/\/www.franquiciescat.org\/wp-content\/uploads\/2023\/06\/thumbnail-1829935.jpg 500w\" sizes=\"(max-width: 602px) 100vw, 602px\" \/><\/strong><\/em><\/p>\n<p>&nbsp;<\/p>\n<p><strong>Jueves, 19 de mayo 2022<\/strong>\u2013 <a href=\"https:\/\/grupmoure.com\/\">Grupo Moure<\/a>, holding fundado en 1996 con presencia en el sector energ\u00e9tico y carwash, entre otros, que engloba las empresas <a href=\"http:\/\/elefanteazul.com\/\">Elefante Azul<\/a>,  <a href=\"https:\/\/www.autonet24.net\/\">Autonetoil<\/a>,  <a href=\"https:\/\/hybis.es\/\">Petronet<\/a> y Washnet Factory ha anunciado <strong>la apertura de una nueva estaci\u00f3n de servicio Autonetoil y un nuevo centro de lavado Elefante Azul a principios del pr\u00f3ximo mes de julio en Vigo<\/strong>, en la Avenida de Florida n\u00famero 145.<\/p>\n<p>La inauguraci\u00f3n de dichos establecimientos supondr\u00e1 un crecimiento para <strong>ambas empresas, las cuales alcanzar\u00e1n las 15 estaciones de servicio y los 58 centros de lavado a nivel nacional.<\/strong> Actualmente, en Galicia, Autonetoil ya cuenta con otra gasolinera Quality Low Cost en A Coru\u00f1a y Elefante Azul con dos centros de lavado en A Coru\u00f1a y Lugo.<\/p>\n<p>Beneficios de esta nueva apertura<\/p>\n<p>\u201cLa puesta en marcha del nuevo centro Autonetoil \u2013 Elefante Azul supondr\u00e1 una mejora en la oferta de servicios para el vecindario y para la ciudad de Vigo por m\u00faltiples motivos\u201d indica Manel Montero, director general de Grupo Moure.<\/p>\n<p>Por una parte, para la realizaci\u00f3n de las obras de la gasolinera, ha sido necesario urbanizar y condicionar parte del pavimento urbano, con el objetivo de poder tener el acceso al centro. Esto ha supuesto un aumento de la seguridad y ha mejorado el estado en el que se encontraba la zona previamente.<\/p>\n<p>Por otra parte, el director pone \u00e9nfasis en que <em>\u201cel hecho de <strong>ofrecer unos precios del carburante muy competitivos comportar\u00e1 un ahorro significativo para todos los usuarios de la zona, los cuales podr\u00e1n disfrutar de la comodidad de tener una estaci\u00f3n de servicio abierta las 24 horas del d\u00eda,<\/strong> los 365 d\u00edas del a\u00f1o y con personal en horario diurno\u201d.<\/em> Y finaliza aclarando que <em>\u201cel carburante que ofrecemos en Autonetoil no es de peor calidad por el hecho de ser una low cost, dado que todos los combustibles que se venden en Espa\u00f1a provienen de las mismas refiner\u00edas. Nuestro modelo de negocio se basa en ajustar m\u00e1rgenes y trabajar con diferentes operadores con el objetivo de conseguir el carburante a un mejor precio<\/em>\u201d.<\/p>\n<p>&nbsp;<\/p>\n<p><strong>Sobre Grupo Moure<\/strong><\/p>\n<p><a href=\"https:\/\/grupmoure.com\/\">Grupo Moure<\/a> es un holding fundado en 1996 con presencia en el sector energ\u00e9tico y carwash, entre otros, que engloba las empresas <a href=\"http:\/\/elefanteazul.com\/\">Elefante Azul,<\/a> <a href=\"https:\/\/www.autonet24.net\/\">Autonetoil<\/a>, <a href=\"https:\/\/hybis.es\/\">Petronet<\/a> y Washnet Factory. <strong>Elefante Azul<\/strong>, con m\u00e1s de 30 a\u00f1os de experiencia en el sector, es la primera empresa europea pionera en el lavado de coches a alta presi\u00f3n, garantizando la mayor eficacia gracias a sus sistemas exclusivos, f\u00e1ciles y flexibles para el cliente; <strong>Autonetoil<\/strong> es una red de gasolineras \u2018Quality Low Cost\u2019 que cuenta con 14 centros a nivel nacional; <strong>Petronet<\/strong> es distribuidora n\u00ba 1 en Espa\u00f1a de piezas de carwash y, finalmente, <strong>Washnet Factory<\/strong>, est\u00e1 especializada en la fabricaci\u00f3n e instalaci\u00f3n de centros de lavado.<\/p>\n<p>&nbsp;<\/p>\n<p><strong>Si te interesa tener m\u00e1s informaci\u00f3n sobre Grupo Moure, solicitar disponibilidad para concertar entrevista con alguno de sus portavoces o tienes cualquier consulta relacionada con la empresa, no dudes en ponerte en contacto con nosotros:<\/strong><\/p>\n<p>&nbsp;<\/p>\n<p style=\"text-align: center;\">Marga Ca\u00f1ellas \/ Laura Sali P\u00e9rez<\/p>\n<p style=\"text-align: center;\">+ 34 689 688 822 \/ + 34 667 656 269<\/p>\n<p style=\"text-align: center;\">Departamento de Comunicaci\u00f3n<\/p>\n<p style=\"text-align: center;\"><a href=\"mailto:press@grupomoure.com\">press@grupomoure.com<\/a><\/p>\n<p>&nbsp;<\/p>\n<p><img decoding=\"async\" class=\"alignnone size-medium wp-image-1339 aligncenter\" src=\"https:\/\/www.franquiciescat.org\/wp-content\/uploads\/2023\/01\/grupomore-1992723-2-300x74.png\" alt=\"\" width=\"300\" height=\"74\" srcset=\"https:\/\/www.franquiciescat.org\/wp-content\/uploads\/2023\/01\/grupomore-1992723-2-300x74.png 300w, https:\/\/www.franquiciescat.org\/wp-content\/uploads\/2023\/01\/grupomore-1992723-2.png 346w\" sizes=\"(max-width: 300px) 100vw, 300px\" \/><\/p>\n<p>&nbsp;<\/p>\n<p>&nbsp;<\/p>\n<p><img decoding=\"async\" class=\"alignnone wp-image-1340 aligncenter\" src=\"https:\/\/www.franquiciescat.org\/wp-content\/uploads\/2023\/01\/logos-junts-elefante-azul-autonetoil-petronet-washnet-fact-300x38.png\" alt=\"\" width=\"521\" height=\"66\" srcset=\"https:\/\/www.franquiciescat.org\/wp-content\/uploads\/2023\/01\/logos-junts-elefante-azul-autonetoil-petronet-washnet-fact-300x38.png 300w, https:\/\/www.franquiciescat.org\/wp-content\/uploads\/2023\/01\/logos-junts-elefante-azul-autonetoil-petronet-washnet-fact.png 545w\" sizes=\"(max-width: 521px) 100vw, 521px\" \/><\/p>\n","protected":false},"excerpt":{"rendered":"<p>Con esta apertura, prevista a principios de julio, se alcanzar\u00e1n las 15 estaciones de servicio Autonetoil y los 58 centros de lavado Elefante Azul a nivel nacional. \u201cLa puesta en marcha de este nuevo establecimiento, el primero del holding en Vigo, supondr\u00e1 una mejora en la oferta de servicios para el vecindario y para la [&hellip;]<\/p>\n","protected":false},"author":1,"featured_media":2565,"comment_status":"open","ping_status":"open","sticky":false,"template":"","format":"standard","meta":{"footnotes":""},"categories":[72],"tags":[],"class_list":["post-3016","post","type-post","status-publish","format-standard","has-post-thumbnail","hentry","category-noticias"],"yoast_head":"<!-- This site is optimized with the Yoast SEO plugin v26.9 - https:\/\/yoast.com\/product\/yoast-seo-wordpress\/ -->\n<title>Grupo Moure obrir\u00e0 una nova estaci\u00f3 de servei Autonetoil a Vigo - Asociaci\u00f3n de Franqu\u00edcias de Catalunya<\/title>\n<meta name=\"robots\" content=\"index, follow, max-snippet:-1, max-image-preview:large, max-video-preview:-1\" \/>\n<link rel=\"canonical\" href=\"https:\/\/www.franquiciescat.org\/grupo-moure-obrira-una-nova-estacio-de-servei-autonetoil-a-vigo\/\" \/>\n<meta property=\"og:locale\" content=\"es_ES\" \/>\n<meta property=\"og:type\" content=\"article\" \/>\n<meta property=\"og:title\" content=\"Grupo Moure obrir\u00e0 una nova estaci\u00f3 de servei Autonetoil a Vigo - Asociaci\u00f3n de Franqu\u00edcias de Catalunya\" \/>\n<meta property=\"og:description\" content=\"Con esta apertura, prevista a principios de julio, se alcanzar\u00e1n las 15 estaciones de servicio Autonetoil y los 58 centros de lavado Elefante Azul a nivel nacional. \u201cLa puesta en marcha de este nuevo establecimiento, el primero del holding en Vigo, supondr\u00e1 una mejora en la oferta de servicios para el vecindario y para la [&hellip;]\" \/>\n<meta property=\"og:url\" content=\"https:\/\/www.franquiciescat.org\/grupo-moure-obrira-una-nova-estacio-de-servei-autonetoil-a-vigo\/\" \/>\n<meta property=\"og:site_name\" content=\"Asociaci\u00f3n de Franqu\u00edcias de Catalunya\" \/>\n<meta property=\"article:published_time\" content=\"2022-05-19T07:58:57+00:00\" \/>\n<meta property=\"og:image\" content=\"https:\/\/www.franquiciescat.org\/wp-content\/uploads\/2023\/06\/thumbnail-1829935-300x200.jpg\" \/>\n<meta name=\"author\" content=\"Einagrafic\" \/>\n<meta name=\"twitter:card\" content=\"summary_large_image\" \/>\n<meta name=\"twitter:label1\" content=\"Escrito por\" \/>\n\t<meta name=\"twitter:data1\" content=\"Einagrafic\" \/>\n\t<meta name=\"twitter:label2\" content=\"Tiempo de lectura\" \/>\n\t<meta name=\"twitter:data2\" content=\"3 minutos\" \/>\n<script type=\"application\/ld+json\" class=\"yoast-schema-graph\">{\"@context\":\"https:\/\/schema.org\",\"@graph\":[{\"@type\":\"Article\",\"@id\":\"https:\/\/www.franquiciescat.org\/grupo-moure-obrira-una-nova-estacio-de-servei-autonetoil-a-vigo\/#article\",\"isPartOf\":{\"@id\":\"https:\/\/www.franquiciescat.org\/grupo-moure-obrira-una-nova-estacio-de-servei-autonetoil-a-vigo\/\"},\"author\":{\"name\":\"Einagrafic\",\"@id\":\"https:\/\/www.franquiciescat.org\/#\/schema\/person\/f7cfeca2687a2d216942148b0f430be5\"},\"headline\":\"Grupo Moure obrir\u00e0 una nova estaci\u00f3 de servei Autonetoil a Vigo\",\"datePublished\":\"2022-05-19T07:58:57+00:00\",\"mainEntityOfPage\":{\"@id\":\"https:\/\/www.franquiciescat.org\/grupo-moure-obrira-una-nova-estacio-de-servei-autonetoil-a-vigo\/\"},\"wordCount\":604,\"commentCount\":0,\"publisher\":{\"@id\":\"https:\/\/www.franquiciescat.org\/#organization\"},\"image\":{\"@id\":\"https:\/\/www.franquiciescat.org\/grupo-moure-obrira-una-nova-estacio-de-servei-autonetoil-a-vigo\/#primaryimage\"},\"thumbnailUrl\":\"https:\/\/www.franquiciescat.org\/wp-content\/uploads\/2023\/06\/thumbnail-1829935.jpg\",\"articleSection\":[\"Noticias\"],\"inLanguage\":\"es\"},{\"@type\":\"WebPage\",\"@id\":\"https:\/\/www.franquiciescat.org\/grupo-moure-obrira-una-nova-estacio-de-servei-autonetoil-a-vigo\/\",\"url\":\"https:\/\/www.franquiciescat.org\/grupo-moure-obrira-una-nova-estacio-de-servei-autonetoil-a-vigo\/\",\"name\":\"Grupo Moure obrir\u00e0 una nova estaci\u00f3 de servei Autonetoil a Vigo - Asociaci\u00f3n de Franqu\u00edcias de Catalunya\",\"isPartOf\":{\"@id\":\"https:\/\/www.franquiciescat.org\/#website\"},\"primaryImageOfPage\":{\"@id\":\"https:\/\/www.franquiciescat.org\/grupo-moure-obrira-una-nova-estacio-de-servei-autonetoil-a-vigo\/#primaryimage\"},\"image\":{\"@id\":\"https:\/\/www.franquiciescat.org\/grupo-moure-obrira-una-nova-estacio-de-servei-autonetoil-a-vigo\/#primaryimage\"},\"thumbnailUrl\":\"https:\/\/www.franquiciescat.org\/wp-content\/uploads\/2023\/06\/thumbnail-1829935.jpg\",\"datePublished\":\"2022-05-19T07:58:57+00:00\",\"breadcrumb\":{\"@id\":\"https:\/\/www.franquiciescat.org\/grupo-moure-obrira-una-nova-estacio-de-servei-autonetoil-a-vigo\/#breadcrumb\"},\"inLanguage\":\"es\",\"potentialAction\":[{\"@type\":\"ReadAction\",\"target\":[\"https:\/\/www.franquiciescat.org\/grupo-moure-obrira-una-nova-estacio-de-servei-autonetoil-a-vigo\/\"]}]},{\"@type\":\"ImageObject\",\"inLanguage\":\"es\",\"@id\":\"https:\/\/www.franquiciescat.org\/grupo-moure-obrira-una-nova-estacio-de-servei-autonetoil-a-vigo\/#primaryimage\",\"url\":\"https:\/\/www.franquiciescat.org\/wp-content\/uploads\/2023\/06\/thumbnail-1829935.jpg\",\"contentUrl\":\"https:\/\/www.franquiciescat.org\/wp-content\/uploads\/2023\/06\/thumbnail-1829935.jpg\",\"width\":500,\"height\":333},{\"@type\":\"BreadcrumbList\",\"@id\":\"https:\/\/www.franquiciescat.org\/grupo-moure-obrira-una-nova-estacio-de-servei-autonetoil-a-vigo\/#breadcrumb\",\"itemListElement\":[{\"@type\":\"ListItem\",\"position\":1,\"name\":\"Inici\",\"item\":\"https:\/\/www.franquiciescat.org\/\"},{\"@type\":\"ListItem\",\"position\":2,\"name\":\"Grupo Moure obrir\u00e0 una nova estaci\u00f3 de servei Autonetoil a Vigo\"}]},{\"@type\":\"WebSite\",\"@id\":\"https:\/\/www.franquiciescat.org\/#website\",\"url\":\"https:\/\/www.franquiciescat.org\/\",\"name\":\"Associaci\u00f3 de Franqu\u00edcies de Catalunya\",\"description\":\"Asociaci\u00f3n de Franqu\u00edcias de Catalunya\",\"publisher\":{\"@id\":\"https:\/\/www.franquiciescat.org\/#organization\"},\"potentialAction\":[{\"@type\":\"SearchAction\",\"target\":{\"@type\":\"EntryPoint\",\"urlTemplate\":\"https:\/\/www.franquiciescat.org\/?s={search_term_string}\"},\"query-input\":{\"@type\":\"PropertyValueSpecification\",\"valueRequired\":true,\"valueName\":\"search_term_string\"}}],\"inLanguage\":\"es\"},{\"@type\":\"Organization\",\"@id\":\"https:\/\/www.franquiciescat.org\/#organization\",\"name\":\"Associaci\u00f3 de Franqu\u00edcies de Catalunya\",\"url\":\"https:\/\/www.franquiciescat.org\/\",\"logo\":{\"@type\":\"ImageObject\",\"inLanguage\":\"es\",\"@id\":\"https:\/\/www.franquiciescat.org\/#\/schema\/logo\/image\/\",\"url\":\"https:\/\/www.franquiciescat.org\/wp-content\/uploads\/2023\/05\/logo-afc.png\",\"contentUrl\":\"https:\/\/www.franquiciescat.org\/wp-content\/uploads\/2023\/05\/logo-afc.png\",\"width\":640,\"height\":171,\"caption\":\"Associaci\u00f3 de Franqu\u00edcies de Catalunya\"},\"image\":{\"@id\":\"https:\/\/www.franquiciescat.org\/#\/schema\/logo\/image\/\"}},{\"@type\":\"Person\",\"@id\":\"https:\/\/www.franquiciescat.org\/#\/schema\/person\/f7cfeca2687a2d216942148b0f430be5\",\"name\":\"Einagrafic\",\"image\":{\"@type\":\"ImageObject\",\"inLanguage\":\"es\",\"@id\":\"https:\/\/www.franquiciescat.org\/#\/schema\/person\/image\/\",\"url\":\"https:\/\/secure.gravatar.com\/avatar\/cc75d3f0c33e859c04998660c0362167519e435366e0967a9b01a7c511c82ae4?s=96&d=mm&r=g\",\"contentUrl\":\"https:\/\/secure.gravatar.com\/avatar\/cc75d3f0c33e859c04998660c0362167519e435366e0967a9b01a7c511c82ae4?s=96&d=mm&r=g\",\"caption\":\"Einagrafic\"},\"sameAs\":[\"https:\/\/www.franquiciescat.org\"],\"url\":\"https:\/\/www.franquiciescat.org\/es\/author\/einagrafic\/\"}]}<\/script>\n<!-- \/ Yoast SEO plugin. -->","yoast_head_json":{"title":"Grupo Moure obrir\u00e0 una nova estaci\u00f3 de servei Autonetoil a Vigo - Asociaci\u00f3n de Franqu\u00edcias de Catalunya","robots":{"index":"index","follow":"follow","max-snippet":"max-snippet:-1","max-image-preview":"max-image-preview:large","max-video-preview":"max-video-preview:-1"},"canonical":"https:\/\/www.franquiciescat.org\/grupo-moure-obrira-una-nova-estacio-de-servei-autonetoil-a-vigo\/","og_locale":"es_ES","og_type":"article","og_title":"Grupo Moure obrir\u00e0 una nova estaci\u00f3 de servei Autonetoil a Vigo - Asociaci\u00f3n de Franqu\u00edcias de Catalunya","og_description":"Con esta apertura, prevista a principios de julio, se alcanzar\u00e1n las 15 estaciones de servicio Autonetoil y los 58 centros de lavado Elefante Azul a nivel nacional. \u201cLa puesta en marcha de este nuevo establecimiento, el primero del holding en Vigo, supondr\u00e1 una mejora en la oferta de servicios para el vecindario y para la [&hellip;]","og_url":"https:\/\/www.franquiciescat.org\/grupo-moure-obrira-una-nova-estacio-de-servei-autonetoil-a-vigo\/","og_site_name":"Asociaci\u00f3n de Franqu\u00edcias de Catalunya","article_published_time":"2022-05-19T07:58:57+00:00","og_image":[{"url":"https:\/\/www.franquiciescat.org\/wp-content\/uploads\/2023\/06\/thumbnail-1829935-300x200.jpg","type":"","width":"","height":""}],"author":"Einagrafic","twitter_card":"summary_large_image","twitter_misc":{"Escrito por":"Einagrafic","Tiempo de lectura":"3 minutos"},"schema":{"@context":"https:\/\/schema.org","@graph":[{"@type":"Article","@id":"https:\/\/www.franquiciescat.org\/grupo-moure-obrira-una-nova-estacio-de-servei-autonetoil-a-vigo\/#article","isPartOf":{"@id":"https:\/\/www.franquiciescat.org\/grupo-moure-obrira-una-nova-estacio-de-servei-autonetoil-a-vigo\/"},"author":{"name":"Einagrafic","@id":"https:\/\/www.franquiciescat.org\/#\/schema\/person\/f7cfeca2687a2d216942148b0f430be5"},"headline":"Grupo Moure obrir\u00e0 una nova estaci\u00f3 de servei Autonetoil a Vigo","datePublished":"2022-05-19T07:58:57+00:00","mainEntityOfPage":{"@id":"https:\/\/www.franquiciescat.org\/grupo-moure-obrira-una-nova-estacio-de-servei-autonetoil-a-vigo\/"},"wordCount":604,"commentCount":0,"publisher":{"@id":"https:\/\/www.franquiciescat.org\/#organization"},"image":{"@id":"https:\/\/www.franquiciescat.org\/grupo-moure-obrira-una-nova-estacio-de-servei-autonetoil-a-vigo\/#primaryimage"},"thumbnailUrl":"https:\/\/www.franquiciescat.org\/wp-content\/uploads\/2023\/06\/thumbnail-1829935.jpg","articleSection":["Noticias"],"inLanguage":"es"},{"@type":"WebPage","@id":"https:\/\/www.franquiciescat.org\/grupo-moure-obrira-una-nova-estacio-de-servei-autonetoil-a-vigo\/","url":"https:\/\/www.franquiciescat.org\/grupo-moure-obrira-una-nova-estacio-de-servei-autonetoil-a-vigo\/","name":"Grupo Moure obrir\u00e0 una nova estaci\u00f3 de servei Autonetoil a Vigo - Asociaci\u00f3n de Franqu\u00edcias de Catalunya","isPartOf":{"@id":"https:\/\/www.franquiciescat.org\/#website"},"primaryImageOfPage":{"@id":"https:\/\/www.franquiciescat.org\/grupo-moure-obrira-una-nova-estacio-de-servei-autonetoil-a-vigo\/#primaryimage"},"image":{"@id":"https:\/\/www.franquiciescat.org\/grupo-moure-obrira-una-nova-estacio-de-servei-autonetoil-a-vigo\/#primaryimage"},"thumbnailUrl":"https:\/\/www.franquiciescat.org\/wp-content\/uploads\/2023\/06\/thumbnail-1829935.jpg","datePublished":"2022-05-19T07:58:57+00:00","breadcrumb":{"@id":"https:\/\/www.franquiciescat.org\/grupo-moure-obrira-una-nova-estacio-de-servei-autonetoil-a-vigo\/#breadcrumb"},"inLanguage":"es","potentialAction":[{"@type":"ReadAction","target":["https:\/\/www.franquiciescat.org\/grupo-moure-obrira-una-nova-estacio-de-servei-autonetoil-a-vigo\/"]}]},{"@type":"ImageObject","inLanguage":"es","@id":"https:\/\/www.franquiciescat.org\/grupo-moure-obrira-una-nova-estacio-de-servei-autonetoil-a-vigo\/#primaryimage","url":"https:\/\/www.franquiciescat.org\/wp-content\/uploads\/2023\/06\/thumbnail-1829935.jpg","contentUrl":"https:\/\/www.franquiciescat.org\/wp-content\/uploads\/2023\/06\/thumbnail-1829935.jpg","width":500,"height":333},{"@type":"BreadcrumbList","@id":"https:\/\/www.franquiciescat.org\/grupo-moure-obrira-una-nova-estacio-de-servei-autonetoil-a-vigo\/#breadcrumb","itemListElement":[{"@type":"ListItem","position":1,"name":"Inici","item":"https:\/\/www.franquiciescat.org\/"},{"@type":"ListItem","position":2,"name":"Grupo Moure obrir\u00e0 una nova estaci\u00f3 de servei Autonetoil a Vigo"}]},{"@type":"WebSite","@id":"https:\/\/www.franquiciescat.org\/#website","url":"https:\/\/www.franquiciescat.org\/","name":"Associaci\u00f3 de Franqu\u00edcies de Catalunya","description":"Asociaci\u00f3n de Franqu\u00edcias de Catalunya","publisher":{"@id":"https:\/\/www.franquiciescat.org\/#organization"},"potentialAction":[{"@type":"SearchAction","target":{"@type":"EntryPoint","urlTemplate":"https:\/\/www.franquiciescat.org\/?s={search_term_string}"},"query-input":{"@type":"PropertyValueSpecification","valueRequired":true,"valueName":"search_term_string"}}],"inLanguage":"es"},{"@type":"Organization","@id":"https:\/\/www.franquiciescat.org\/#organization","name":"Associaci\u00f3 de Franqu\u00edcies de Catalunya","url":"https:\/\/www.franquiciescat.org\/","logo":{"@type":"ImageObject","inLanguage":"es","@id":"https:\/\/www.franquiciescat.org\/#\/schema\/logo\/image\/","url":"https:\/\/www.franquiciescat.org\/wp-content\/uploads\/2023\/05\/logo-afc.png","contentUrl":"https:\/\/www.franquiciescat.org\/wp-content\/uploads\/2023\/05\/logo-afc.png","width":640,"height":171,"caption":"Associaci\u00f3 de Franqu\u00edcies de Catalunya"},"image":{"@id":"https:\/\/www.franquiciescat.org\/#\/schema\/logo\/image\/"}},{"@type":"Person","@id":"https:\/\/www.franquiciescat.org\/#\/schema\/person\/f7cfeca2687a2d216942148b0f430be5","name":"Einagrafic","image":{"@type":"ImageObject","inLanguage":"es","@id":"https:\/\/www.franquiciescat.org\/#\/schema\/person\/image\/","url":"https:\/\/secure.gravatar.com\/avatar\/cc75d3f0c33e859c04998660c0362167519e435366e0967a9b01a7c511c82ae4?s=96&d=mm&r=g","contentUrl":"https:\/\/secure.gravatar.com\/avatar\/cc75d3f0c33e859c04998660c0362167519e435366e0967a9b01a7c511c82ae4?s=96&d=mm&r=g","caption":"Einagrafic"},"sameAs":["https:\/\/www.franquiciescat.org"],"url":"https:\/\/www.franquiciescat.org\/es\/author\/einagrafic\/"}]}},"_links":{"self":[{"href":"https:\/\/www.franquiciescat.org\/es\/wp-json\/wp\/v2\/posts\/3016","targetHints":{"allow":["GET"]}}],"collection":[{"href":"https:\/\/www.franquiciescat.org\/es\/wp-json\/wp\/v2\/posts"}],"about":[{"href":"https:\/\/www.franquiciescat.org\/es\/wp-json\/wp\/v2\/types\/post"}],"author":[{"embeddable":true,"href":"https:\/\/www.franquiciescat.org\/es\/wp-json\/wp\/v2\/users\/1"}],"replies":[{"embeddable":true,"href":"https:\/\/www.franquiciescat.org\/es\/wp-json\/wp\/v2\/comments?post=3016"}],"version-history":[{"count":0,"href":"https:\/\/www.franquiciescat.org\/es\/wp-json\/wp\/v2\/posts\/3016\/revisions"}],"wp:featuredmedia":[{"embeddable":true,"href":"https:\/\/www.franquiciescat.org\/es\/wp-json\/wp\/v2\/media\/2565"}],"wp:attachment":[{"href":"https:\/\/www.franquiciescat.org\/es\/wp-json\/wp\/v2\/media?parent=3016"}],"wp:term":[{"taxonomy":"category","embeddable":true,"href":"https:\/\/www.franquiciescat.org\/es\/wp-json\/wp\/v2\/categories?post=3016"},{"taxonomy":"post_tag","embeddable":true,"href":"https:\/\/www.franquiciescat.org\/es\/wp-json\/wp\/v2\/tags?post=3016"}],"curies":[{"name":"wp","href":"https:\/\/api.w.org\/{rel}","templated":true}]}}