{"id":3021,"date":"2022-03-30T08:23:35","date_gmt":"2022-03-30T08:23:35","guid":{"rendered":"https:\/\/www.franquiciescat.org\/todo-sobre-los-planes-de-igualdad\/"},"modified":"2023-07-02T20:06:18","modified_gmt":"2023-07-02T20:06:18","slug":"todo-sobre-los-planes-de-igualdad","status":"publish","type":"post","link":"https:\/\/www.franquiciescat.org\/es\/todo-sobre-los-planes-de-igualdad\/","title":{"rendered":"Todo sobre los planes de igualdad"},"content":{"rendered":"<p class=\"summary\">Marzo 2022, fecha l\u00edmite para la aprobaci\u00f3n de los Planes de Igualdad<\/p>\n<p>&nbsp;<\/p>\n<p><strong><img fetchpriority=\"high\" decoding=\"async\" class=\"alignnone wp-image-1680\" src=\"https:\/\/www.franquiciescat.org\/wp-content\/uploads\/2023\/06\/newsletter-1791481-300x70.png\" alt=\"\" width=\"531\" height=\"124\" srcset=\"https:\/\/www.franquiciescat.org\/wp-content\/uploads\/2023\/06\/newsletter-1791481-300x70.png 300w, https:\/\/www.franquiciescat.org\/wp-content\/uploads\/2023\/06\/newsletter-1791481.png 500w\" sizes=\"(max-width: 531px) 100vw, 531px\" \/><\/strong><\/p>\n<p>&nbsp;<\/p>\n<p><strong>Normativa aplicable a los planes de igualdad<\/strong><\/p>\n<p>&#8211; Ley Org\u00e1nica 3\/2007, de 22 de marzo, por la igualdad efectiva entre mujeres y hombres.- Real Decreto 713\/2010, de 28 de mayo, sobre registro y dep\u00f3sito de convenios, acuerdos colectivos de trabajo y planes de igualdad.<br \/>\n&#8211; Real Decreto Legislativo 2\/2015, de 23 de octubre, por el que se aprueba el texto refundido de la Ley del Estatuto de los Trabajadores.<br \/>\n&#8211; Real Decreto-ley 6\/2019, de 1 de marzo, de medidas urgentes por la garant\u00eda de la igualdad de trato y oportunidades entre mujeres y hombres en el trabajo y el empleo<br \/>\n&#8211; Real Decreto 901\/2020, de 13 de octubre, por el que se regulan los planes de igualdad y su registro, y se modifica el Real Decreto 713\/2010, de 28 de mayo, sobre registro y dep\u00f3sito de convenios y acuerdos colectivos de Trabajo<br \/>\n-Real Decreto 902\/2020, de 13 de octubre, de igualdad retributiva entre mujeres y varones.<\/p>\n<p>&nbsp;<\/p>\n<p><strong>Empresas obligadas a elaborar planes de igualdad<\/strong><\/p>\n<p>1. Las empresas que tengan una plantilla m\u00ednima, de acuerdo con los siguientes plazos de aplicaci\u00f3n gradual:<br \/>\no Desde el 7 de marzo de 2020, ya deben tener aprobado los planes de igualdad las empresas que tengan entre 151 y 250 personas trabajadoras.<br \/>\no Desde el 7 de marzo de 2021, ya deben tener aprobado los planes de igualdad las empresas que tengan entre 101 y 150 personas trabajadoras.<br \/>\no A partir del 7 de marzo de 2022, deben tener aprobado los planes de igualdad las empresas que tengan entre 50 y 100 personas trabajadoras.<\/p>\n<p>2. Cuando se establezca esta obligaci\u00f3n por el convenio colectivo aplicable.<\/p>\n<p>3.Cuando la autoridad laboral haya acordado en un procedimiento sancionador la sustituci\u00f3n de las sanciones accesorias por la elaboraci\u00f3n y aplicaci\u00f3n del mencionado plan<\/p>\n<p>&nbsp;<\/p>\n<p><strong>C\u00f3mputo de la plantilla a efectos de la obligatoriedad de elaborar un plan de igualdad:<\/strong><\/p>\n<p>Los d\u00edas 30 de junio y 31 de diciembre de cada a\u00f1o las empresas tendr\u00e1n que efectuar el c\u00f3mputo de personas trabajadoras en su plantilla, teniendo en cuenta que la unidad de referencia es la empresa y no el centro de trabajo.<\/p>\n<p>El c\u00f3mputo se realizar\u00e1 sobre la totalidad de las personas trabajadoras de la empresa, cualquiera que sea la forma de contrataci\u00f3n laboral, incluidas las personas con contratos fijos discontinuos, con contratos de duraci\u00f3n determinada y personas con contratos de puesta a disposici\u00f3n. En cualquier caso, cada persona con contrato a tiempo parcial se computar\u00e1 con independencia del n\u00famero de horas de trabajo, como una persona m\u00e1s.<\/p>\n<p>A este n\u00famero de personas se le sumar\u00e1n los contratos de duraci\u00f3n determinada, cualquiera que sea su modalidad que, habiendo estado vigentes en la empresa durante los 6 meses anteriores, se hayan extinguido en el momento de efectuar el c\u00f3mputo. En este caso, cada 100 d\u00edas trabajados o fracci\u00f3n se computar\u00e1 como persona trabajadora m\u00e1s.<\/p>\n<p>&nbsp;<\/p>\n<p><strong>Comisi\u00f3n negociadora del plan de igualdad<\/strong><\/p>\n<p>Estar\u00e1 sujeta a las siguientes reglas (art\u00edculo 5.3, p\u00e1rrafo 1\u00ba, del Real Decreto 901\/2020):<\/p>\n<p>\u2022 Se compondr\u00e1 de un m\u00e1ximo de seis miembros.<\/p>\n<p>\u2022 Estar\u00e1 integrada por los sindicatos m\u00e1s representativos del sector al que pertenezca la empresa y con legitimaci\u00f3n para formar parte de la comisi\u00f3n negociadora del convenio colectivo de aplicaci\u00f3n.<\/p>\n<p>\u2022 La representaci\u00f3n sindical se conformar\u00e1 en proporci\u00f3n a la representatividad de los sindicatos legitimados en el sector y garantizando la participaci\u00f3n de todos los sindicatos legitimados.<\/p>\n<p>\u2022Sin embargo, esta comisi\u00f3n sindical estar\u00e1 v\u00e1lidamente integrada por aquella organizaci\u00f3n u organizaciones que respondan a la convocatoria de la empresa en el plazo de diez d\u00edas.<br \/>\nPor tanto, la distribuci\u00f3n de representantes en la comisi\u00f3n sindical de un m\u00e1ximo de 6 miembros se efectuar\u00e1 en proporci\u00f3n a la representatividad que tengan los sindicatos legitimados en el sector, siempre que se garantice la participaci\u00f3n de todos ellos.<\/p>\n<p>&nbsp;<\/p>\n<p><strong>\u00bfC\u00f3mo podemos ayudar a las empresas con los planes de igualdad?<\/strong><\/p>\n<p>Podemos ayudarle a la elaboraci\u00f3n y aprobaci\u00f3n del Plan de Igualdad completo, as\u00ed como ofrecerle formaci\u00f3n e informaci\u00f3n de planes de igualdad y protocolo contra el acoso para que lo elabore usted. Para esta segunda opci\u00f3n, tenemos tres posibles cursos en funci\u00f3n de tres objetivos diferenciados: Para esta segunda opci\u00f3n, tenemos tres posibles cursos en funci\u00f3n de tres objetivos diferenciados:<\/p>\n<p>&#8211; <strong>Promoci\u00f3n de la Igualdad (6 horas)<\/strong>, cuyo objetivo es conseguir superar las barreras relativas al g\u00e9nero y conseguir la igualdad entre hombre y mujeres en todos los \u00e1mbitos.<\/p>\n<p>&#8211; <strong>Conceptos b\u00e1sicos sobre Igualdad y Prevenci\u00f3n del Acoso (10 horas),<\/strong>, cuyo objetivo es formar en el \u00e1mbito de la Igualdad y el protocolo de prevenci\u00f3n frente al acoso laboral, para cumplir las acciones formativas y informativas que las empresas deben ofrecer a sus trabajadores tal y como indica el art\u00edculo 48 de la Ley org\u00e1nica 3\/2007, de 22 de marzo, para la igualdad efectiva entre mujeres y hombre.<\/p>\n<p>&#8211; <strong>Desarrollo del Protocolo de prevenci\u00f3n del acoso en el \u00e1mbito laboral (60 horas)<\/strong>. El acoso sexual y\/o por raz\u00f3n de sexo en el entorno laboral, constituyen expresiones de violencia que atentan contra varios derechos fundamentales y tienen un efecto devastador sobre la integridad f\u00edsica, ps\u00edquica y moral de las personas, en el rendimiento no s\u00f3lo de las v\u00edctimas , sino de la Empresa. El itinerario formativo tiene como objetivo informar respecto a la obligaci\u00f3n de la Empresa para prevenir este tipo de situaciones, qu\u00e9 medios debe implementar, qu\u00e9 formaci\u00f3n y\/o informaci\u00f3n deben proporcionar a sus trabajadores y, por supuesto, formar en el desarrollo del protocolo y registros que deben realizar y poner obligatoriamente en funcionamiento para el cumplimiento de la ley vigente.<\/p>\n<p><img decoding=\"async\" class=\"alignnone wp-image-1679\" src=\"https:\/\/www.franquiciescat.org\/wp-content\/uploads\/2023\/06\/m24ucyccs6faaivb0pj7ooolu-logogefapreven-1791482-300x174.jpg\" alt=\"\" width=\"424\" height=\"246\" srcset=\"https:\/\/www.franquiciescat.org\/wp-content\/uploads\/2023\/06\/m24ucyccs6faaivb0pj7ooolu-logogefapreven-1791482-300x174.jpg 300w, https:\/\/www.franquiciescat.org\/wp-content\/uploads\/2023\/06\/m24ucyccs6faaivb0pj7ooolu-logogefapreven-1791482.jpg 416w\" sizes=\"(max-width: 424px) 100vw, 424px\" \/><\/p>\n<p style=\"text-align: center;\"><strong>GEFA Alacant T. 645 001 367 &#8211; GEFA Barcelona T. 93 706 10 80 &#8211; GEFA Castell\u00f3 T. 964 238 327 &#8211; GEFA Girona T. 972 900 174 &#8211;<\/strong><br \/>\n<strong>GEFA Lleida T. 973 282 662 &#8211; GEFA Madrid T. 658 983 667 &#8211; HISER Manlleu T. 93 850 78 58 &#8211; GEFA Osca T. 648 10 28 28 &#8211; GEFA<\/strong><br \/>\n<strong>Saragossa 615 871 008 &#8211; GEFA Tarragona T. 977 36 89 50 &#8211; HISER Terrassa T. 93 783 69 14 &#8211; GEFA Tortosa T. 977 44 57 68 &#8211;<\/strong><br \/>\n<strong>GEFA Val\u00e8ncia T. 96 368 34 52 &#8211; GEFA Vinar\u00f2s T. 964 826 186<\/strong><\/p>\n","protected":false},"excerpt":{"rendered":"<p>Marzo 2022, fecha l\u00edmite para la aprobaci\u00f3n de los Planes de Igualdad &nbsp; &nbsp; Normativa aplicable a los planes de igualdad &#8211; Ley Org\u00e1nica 3\/2007, de 22 de marzo, por la igualdad efectiva entre mujeres y hombres.- Real Decreto 713\/2010, de 28 de mayo, sobre registro y dep\u00f3sito de convenios, acuerdos colectivos de trabajo y [&hellip;]<\/p>\n","protected":false},"author":1,"featured_media":2570,"comment_status":"open","ping_status":"open","sticky":false,"template":"","format":"standard","meta":{"footnotes":""},"categories":[72],"tags":[],"class_list":["post-3021","post","type-post","status-publish","format-standard","has-post-thumbnail","hentry","category-noticias"],"yoast_head":"<!-- This site is optimized with the Yoast SEO plugin v26.9 - https:\/\/yoast.com\/product\/yoast-seo-wordpress\/ -->\n<title>Todo sobre los planes de igualdad - Asociaci\u00f3n de Franqu\u00edcias de Catalunya<\/title>\n<meta name=\"robots\" content=\"index, follow, max-snippet:-1, max-image-preview:large, max-video-preview:-1\" \/>\n<link rel=\"canonical\" href=\"https:\/\/www.franquiciescat.org\/es\/todo-sobre-los-planes-de-igualdad\/\" \/>\n<meta property=\"og:locale\" content=\"es_ES\" \/>\n<meta property=\"og:type\" content=\"article\" \/>\n<meta property=\"og:title\" content=\"Todo sobre los planes de igualdad - Asociaci\u00f3n de Franqu\u00edcias de Catalunya\" \/>\n<meta property=\"og:description\" content=\"Marzo 2022, fecha l\u00edmite para la aprobaci\u00f3n de los Planes de Igualdad &nbsp; &nbsp; Normativa aplicable a los planes de igualdad &#8211; Ley Org\u00e1nica 3\/2007, de 22 de marzo, por la igualdad efectiva entre mujeres y hombres.- Real Decreto 713\/2010, de 28 de mayo, sobre registro y dep\u00f3sito de convenios, acuerdos colectivos de trabajo y [&hellip;]\" \/>\n<meta property=\"og:url\" content=\"https:\/\/www.franquiciescat.org\/es\/todo-sobre-los-planes-de-igualdad\/\" \/>\n<meta property=\"og:site_name\" content=\"Asociaci\u00f3n de Franqu\u00edcias de Catalunya\" \/>\n<meta property=\"article:published_time\" content=\"2022-03-30T08:23:35+00:00\" \/>\n<meta property=\"article:modified_time\" content=\"2023-07-02T20:06:18+00:00\" \/>\n<meta property=\"og:image\" content=\"https:\/\/www.franquiciescat.org\/wp-content\/uploads\/2023\/06\/newsletter-1791481.png\" \/>\n\t<meta property=\"og:image:width\" content=\"500\" \/>\n\t<meta property=\"og:image:height\" content=\"116\" \/>\n\t<meta property=\"og:image:type\" content=\"image\/png\" \/>\n<meta name=\"author\" content=\"Einagrafic\" \/>\n<meta name=\"twitter:card\" content=\"summary_large_image\" \/>\n<meta name=\"twitter:label1\" content=\"Escrito por\" \/>\n\t<meta name=\"twitter:data1\" content=\"Einagrafic\" \/>\n\t<meta name=\"twitter:label2\" content=\"Tiempo de lectura\" \/>\n\t<meta name=\"twitter:data2\" content=\"5 minutos\" \/>\n<script type=\"application\/ld+json\" class=\"yoast-schema-graph\">{\"@context\":\"https:\/\/schema.org\",\"@graph\":[{\"@type\":\"Article\",\"@id\":\"https:\/\/www.franquiciescat.org\/es\/todo-sobre-los-planes-de-igualdad\/#article\",\"isPartOf\":{\"@id\":\"https:\/\/www.franquiciescat.org\/es\/todo-sobre-los-planes-de-igualdad\/\"},\"author\":{\"name\":\"Einagrafic\",\"@id\":\"https:\/\/www.franquiciescat.org\/#\/schema\/person\/f7cfeca2687a2d216942148b0f430be5\"},\"headline\":\"Todo sobre los planes de igualdad\",\"datePublished\":\"2022-03-30T08:23:35+00:00\",\"dateModified\":\"2023-07-02T20:06:18+00:00\",\"mainEntityOfPage\":{\"@id\":\"https:\/\/www.franquiciescat.org\/es\/todo-sobre-los-planes-de-igualdad\/\"},\"wordCount\":1027,\"commentCount\":0,\"publisher\":{\"@id\":\"https:\/\/www.franquiciescat.org\/#organization\"},\"image\":{\"@id\":\"https:\/\/www.franquiciescat.org\/es\/todo-sobre-los-planes-de-igualdad\/#primaryimage\"},\"thumbnailUrl\":\"https:\/\/www.franquiciescat.org\/wp-content\/uploads\/2023\/06\/newsletter-1791481.png\",\"articleSection\":[\"Noticias\"],\"inLanguage\":\"es\"},{\"@type\":\"WebPage\",\"@id\":\"https:\/\/www.franquiciescat.org\/es\/todo-sobre-los-planes-de-igualdad\/\",\"url\":\"https:\/\/www.franquiciescat.org\/es\/todo-sobre-los-planes-de-igualdad\/\",\"name\":\"Todo sobre los planes de igualdad - Asociaci\u00f3n de Franqu\u00edcias de Catalunya\",\"isPartOf\":{\"@id\":\"https:\/\/www.franquiciescat.org\/#website\"},\"primaryImageOfPage\":{\"@id\":\"https:\/\/www.franquiciescat.org\/es\/todo-sobre-los-planes-de-igualdad\/#primaryimage\"},\"image\":{\"@id\":\"https:\/\/www.franquiciescat.org\/es\/todo-sobre-los-planes-de-igualdad\/#primaryimage\"},\"thumbnailUrl\":\"https:\/\/www.franquiciescat.org\/wp-content\/uploads\/2023\/06\/newsletter-1791481.png\",\"datePublished\":\"2022-03-30T08:23:35+00:00\",\"dateModified\":\"2023-07-02T20:06:18+00:00\",\"breadcrumb\":{\"@id\":\"https:\/\/www.franquiciescat.org\/es\/todo-sobre-los-planes-de-igualdad\/#breadcrumb\"},\"inLanguage\":\"es\",\"potentialAction\":[{\"@type\":\"ReadAction\",\"target\":[\"https:\/\/www.franquiciescat.org\/es\/todo-sobre-los-planes-de-igualdad\/\"]}]},{\"@type\":\"ImageObject\",\"inLanguage\":\"es\",\"@id\":\"https:\/\/www.franquiciescat.org\/es\/todo-sobre-los-planes-de-igualdad\/#primaryimage\",\"url\":\"https:\/\/www.franquiciescat.org\/wp-content\/uploads\/2023\/06\/newsletter-1791481.png\",\"contentUrl\":\"https:\/\/www.franquiciescat.org\/wp-content\/uploads\/2023\/06\/newsletter-1791481.png\",\"width\":500,\"height\":116},{\"@type\":\"BreadcrumbList\",\"@id\":\"https:\/\/www.franquiciescat.org\/es\/todo-sobre-los-planes-de-igualdad\/#breadcrumb\",\"itemListElement\":[{\"@type\":\"ListItem\",\"position\":1,\"name\":\"Inici\",\"item\":\"https:\/\/www.franquiciescat.org\/\"},{\"@type\":\"ListItem\",\"position\":2,\"name\":\"Todo sobre los planes de igualdad\"}]},{\"@type\":\"WebSite\",\"@id\":\"https:\/\/www.franquiciescat.org\/#website\",\"url\":\"https:\/\/www.franquiciescat.org\/\",\"name\":\"Associaci\u00f3 de Franqu\u00edcies de Catalunya\",\"description\":\"Asociaci\u00f3n de Franqu\u00edcias de Catalunya\",\"publisher\":{\"@id\":\"https:\/\/www.franquiciescat.org\/#organization\"},\"potentialAction\":[{\"@type\":\"SearchAction\",\"target\":{\"@type\":\"EntryPoint\",\"urlTemplate\":\"https:\/\/www.franquiciescat.org\/?s={search_term_string}\"},\"query-input\":{\"@type\":\"PropertyValueSpecification\",\"valueRequired\":true,\"valueName\":\"search_term_string\"}}],\"inLanguage\":\"es\"},{\"@type\":\"Organization\",\"@id\":\"https:\/\/www.franquiciescat.org\/#organization\",\"name\":\"Associaci\u00f3 de Franqu\u00edcies de Catalunya\",\"url\":\"https:\/\/www.franquiciescat.org\/\",\"logo\":{\"@type\":\"ImageObject\",\"inLanguage\":\"es\",\"@id\":\"https:\/\/www.franquiciescat.org\/#\/schema\/logo\/image\/\",\"url\":\"https:\/\/www.franquiciescat.org\/wp-content\/uploads\/2023\/05\/logo-afc.png\",\"contentUrl\":\"https:\/\/www.franquiciescat.org\/wp-content\/uploads\/2023\/05\/logo-afc.png\",\"width\":640,\"height\":171,\"caption\":\"Associaci\u00f3 de Franqu\u00edcies de Catalunya\"},\"image\":{\"@id\":\"https:\/\/www.franquiciescat.org\/#\/schema\/logo\/image\/\"}},{\"@type\":\"Person\",\"@id\":\"https:\/\/www.franquiciescat.org\/#\/schema\/person\/f7cfeca2687a2d216942148b0f430be5\",\"name\":\"Einagrafic\",\"image\":{\"@type\":\"ImageObject\",\"inLanguage\":\"es\",\"@id\":\"https:\/\/www.franquiciescat.org\/#\/schema\/person\/image\/\",\"url\":\"https:\/\/secure.gravatar.com\/avatar\/cc75d3f0c33e859c04998660c0362167519e435366e0967a9b01a7c511c82ae4?s=96&d=mm&r=g\",\"contentUrl\":\"https:\/\/secure.gravatar.com\/avatar\/cc75d3f0c33e859c04998660c0362167519e435366e0967a9b01a7c511c82ae4?s=96&d=mm&r=g\",\"caption\":\"Einagrafic\"},\"sameAs\":[\"https:\/\/www.franquiciescat.org\"],\"url\":\"https:\/\/www.franquiciescat.org\/es\/author\/einagrafic\/\"}]}<\/script>\n<!-- \/ Yoast SEO plugin. -->","yoast_head_json":{"title":"Todo sobre los planes de igualdad - Asociaci\u00f3n de Franqu\u00edcias de Catalunya","robots":{"index":"index","follow":"follow","max-snippet":"max-snippet:-1","max-image-preview":"max-image-preview:large","max-video-preview":"max-video-preview:-1"},"canonical":"https:\/\/www.franquiciescat.org\/es\/todo-sobre-los-planes-de-igualdad\/","og_locale":"es_ES","og_type":"article","og_title":"Todo sobre los planes de igualdad - Asociaci\u00f3n de Franqu\u00edcias de Catalunya","og_description":"Marzo 2022, fecha l\u00edmite para la aprobaci\u00f3n de los Planes de Igualdad &nbsp; &nbsp; Normativa aplicable a los planes de igualdad &#8211; Ley Org\u00e1nica 3\/2007, de 22 de marzo, por la igualdad efectiva entre mujeres y hombres.- Real Decreto 713\/2010, de 28 de mayo, sobre registro y dep\u00f3sito de convenios, acuerdos colectivos de trabajo y [&hellip;]","og_url":"https:\/\/www.franquiciescat.org\/es\/todo-sobre-los-planes-de-igualdad\/","og_site_name":"Asociaci\u00f3n de Franqu\u00edcias de Catalunya","article_published_time":"2022-03-30T08:23:35+00:00","article_modified_time":"2023-07-02T20:06:18+00:00","og_image":[{"width":500,"height":116,"url":"https:\/\/www.franquiciescat.org\/wp-content\/uploads\/2023\/06\/newsletter-1791481.png","type":"image\/png"}],"author":"Einagrafic","twitter_card":"summary_large_image","twitter_misc":{"Escrito por":"Einagrafic","Tiempo de lectura":"5 minutos"},"schema":{"@context":"https:\/\/schema.org","@graph":[{"@type":"Article","@id":"https:\/\/www.franquiciescat.org\/es\/todo-sobre-los-planes-de-igualdad\/#article","isPartOf":{"@id":"https:\/\/www.franquiciescat.org\/es\/todo-sobre-los-planes-de-igualdad\/"},"author":{"name":"Einagrafic","@id":"https:\/\/www.franquiciescat.org\/#\/schema\/person\/f7cfeca2687a2d216942148b0f430be5"},"headline":"Todo sobre los planes de igualdad","datePublished":"2022-03-30T08:23:35+00:00","dateModified":"2023-07-02T20:06:18+00:00","mainEntityOfPage":{"@id":"https:\/\/www.franquiciescat.org\/es\/todo-sobre-los-planes-de-igualdad\/"},"wordCount":1027,"commentCount":0,"publisher":{"@id":"https:\/\/www.franquiciescat.org\/#organization"},"image":{"@id":"https:\/\/www.franquiciescat.org\/es\/todo-sobre-los-planes-de-igualdad\/#primaryimage"},"thumbnailUrl":"https:\/\/www.franquiciescat.org\/wp-content\/uploads\/2023\/06\/newsletter-1791481.png","articleSection":["Noticias"],"inLanguage":"es"},{"@type":"WebPage","@id":"https:\/\/www.franquiciescat.org\/es\/todo-sobre-los-planes-de-igualdad\/","url":"https:\/\/www.franquiciescat.org\/es\/todo-sobre-los-planes-de-igualdad\/","name":"Todo sobre los planes de igualdad - Asociaci\u00f3n de Franqu\u00edcias de Catalunya","isPartOf":{"@id":"https:\/\/www.franquiciescat.org\/#website"},"primaryImageOfPage":{"@id":"https:\/\/www.franquiciescat.org\/es\/todo-sobre-los-planes-de-igualdad\/#primaryimage"},"image":{"@id":"https:\/\/www.franquiciescat.org\/es\/todo-sobre-los-planes-de-igualdad\/#primaryimage"},"thumbnailUrl":"https:\/\/www.franquiciescat.org\/wp-content\/uploads\/2023\/06\/newsletter-1791481.png","datePublished":"2022-03-30T08:23:35+00:00","dateModified":"2023-07-02T20:06:18+00:00","breadcrumb":{"@id":"https:\/\/www.franquiciescat.org\/es\/todo-sobre-los-planes-de-igualdad\/#breadcrumb"},"inLanguage":"es","potentialAction":[{"@type":"ReadAction","target":["https:\/\/www.franquiciescat.org\/es\/todo-sobre-los-planes-de-igualdad\/"]}]},{"@type":"ImageObject","inLanguage":"es","@id":"https:\/\/www.franquiciescat.org\/es\/todo-sobre-los-planes-de-igualdad\/#primaryimage","url":"https:\/\/www.franquiciescat.org\/wp-content\/uploads\/2023\/06\/newsletter-1791481.png","contentUrl":"https:\/\/www.franquiciescat.org\/wp-content\/uploads\/2023\/06\/newsletter-1791481.png","width":500,"height":116},{"@type":"BreadcrumbList","@id":"https:\/\/www.franquiciescat.org\/es\/todo-sobre-los-planes-de-igualdad\/#breadcrumb","itemListElement":[{"@type":"ListItem","position":1,"name":"Inici","item":"https:\/\/www.franquiciescat.org\/"},{"@type":"ListItem","position":2,"name":"Todo sobre los planes de igualdad"}]},{"@type":"WebSite","@id":"https:\/\/www.franquiciescat.org\/#website","url":"https:\/\/www.franquiciescat.org\/","name":"Associaci\u00f3 de Franqu\u00edcies de Catalunya","description":"Asociaci\u00f3n de Franqu\u00edcias de Catalunya","publisher":{"@id":"https:\/\/www.franquiciescat.org\/#organization"},"potentialAction":[{"@type":"SearchAction","target":{"@type":"EntryPoint","urlTemplate":"https:\/\/www.franquiciescat.org\/?s={search_term_string}"},"query-input":{"@type":"PropertyValueSpecification","valueRequired":true,"valueName":"search_term_string"}}],"inLanguage":"es"},{"@type":"Organization","@id":"https:\/\/www.franquiciescat.org\/#organization","name":"Associaci\u00f3 de Franqu\u00edcies de Catalunya","url":"https:\/\/www.franquiciescat.org\/","logo":{"@type":"ImageObject","inLanguage":"es","@id":"https:\/\/www.franquiciescat.org\/#\/schema\/logo\/image\/","url":"https:\/\/www.franquiciescat.org\/wp-content\/uploads\/2023\/05\/logo-afc.png","contentUrl":"https:\/\/www.franquiciescat.org\/wp-content\/uploads\/2023\/05\/logo-afc.png","width":640,"height":171,"caption":"Associaci\u00f3 de Franqu\u00edcies de Catalunya"},"image":{"@id":"https:\/\/www.franquiciescat.org\/#\/schema\/logo\/image\/"}},{"@type":"Person","@id":"https:\/\/www.franquiciescat.org\/#\/schema\/person\/f7cfeca2687a2d216942148b0f430be5","name":"Einagrafic","image":{"@type":"ImageObject","inLanguage":"es","@id":"https:\/\/www.franquiciescat.org\/#\/schema\/person\/image\/","url":"https:\/\/secure.gravatar.com\/avatar\/cc75d3f0c33e859c04998660c0362167519e435366e0967a9b01a7c511c82ae4?s=96&d=mm&r=g","contentUrl":"https:\/\/secure.gravatar.com\/avatar\/cc75d3f0c33e859c04998660c0362167519e435366e0967a9b01a7c511c82ae4?s=96&d=mm&r=g","caption":"Einagrafic"},"sameAs":["https:\/\/www.franquiciescat.org"],"url":"https:\/\/www.franquiciescat.org\/es\/author\/einagrafic\/"}]}},"_links":{"self":[{"href":"https:\/\/www.franquiciescat.org\/es\/wp-json\/wp\/v2\/posts\/3021","targetHints":{"allow":["GET"]}}],"collection":[{"href":"https:\/\/www.franquiciescat.org\/es\/wp-json\/wp\/v2\/posts"}],"about":[{"href":"https:\/\/www.franquiciescat.org\/es\/wp-json\/wp\/v2\/types\/post"}],"author":[{"embeddable":true,"href":"https:\/\/www.franquiciescat.org\/es\/wp-json\/wp\/v2\/users\/1"}],"replies":[{"embeddable":true,"href":"https:\/\/www.franquiciescat.org\/es\/wp-json\/wp\/v2\/comments?post=3021"}],"version-history":[{"count":1,"href":"https:\/\/www.franquiciescat.org\/es\/wp-json\/wp\/v2\/posts\/3021\/revisions"}],"predecessor-version":[{"id":3022,"href":"https:\/\/www.franquiciescat.org\/es\/wp-json\/wp\/v2\/posts\/3021\/revisions\/3022"}],"wp:featuredmedia":[{"embeddable":true,"href":"https:\/\/www.franquiciescat.org\/es\/wp-json\/wp\/v2\/media\/2570"}],"wp:attachment":[{"href":"https:\/\/www.franquiciescat.org\/es\/wp-json\/wp\/v2\/media?parent=3021"}],"wp:term":[{"taxonomy":"category","embeddable":true,"href":"https:\/\/www.franquiciescat.org\/es\/wp-json\/wp\/v2\/categories?post=3021"},{"taxonomy":"post_tag","embeddable":true,"href":"https:\/\/www.franquiciescat.org\/es\/wp-json\/wp\/v2\/tags?post=3021"}],"curies":[{"name":"wp","href":"https:\/\/api.w.org\/{rel}","templated":true}]}}