{"id":3023,"date":"2022-03-29T08:26:25","date_gmt":"2022-03-29T08:26:25","guid":{"rendered":"https:\/\/www.franquiciescat.org\/subida-precio-del-carburante\/"},"modified":"2022-03-29T08:26:25","modified_gmt":"2022-03-29T08:26:25","slug":"subida-precio-del-carburante","status":"publish","type":"post","link":"https:\/\/www.franquiciescat.org\/es\/subida-precio-del-carburante\/","title":{"rendered":"Subida precio del carburante"},"content":{"rendered":"<div class=\"content-block\">\n<p class=\"summary\">\u00bfPor qu\u00e9 sigue subiendo el carburante, aunque baje el precio del petr\u00f3leo?<\/p>\n<\/div>\n<div class=\"text content-block\">\n<p>&nbsp;<\/p>\n<p style=\"text-align: center;\"><strong>Despu\u00e9s de unas primeras semanas de mucha incertidumbre por el mercado a causa del conflicto b\u00e9lico entre Rusia y Ucrania, el precio del crudo ha empezado a caer, mientras que, el carburante mantiene su tendencia alcista en gasolineras espa\u00f1olas.<\/strong><\/p>\n<p style=\"text-align: center;\"><em><strong>\u201cEl precio del petr\u00f3leo est\u00e1 fuertemente influenciado por la oferta y la demanda, mientras que el precio en las gasolineras est\u00e1 marcado por el precio de compra que hayamos conseguido al ir al distribuidor<\/strong><\/em>\u201d, <strong>alerta Manel Montero, director general de Grupo Moure.<\/strong><\/p>\n<p>&nbsp;<\/p>\n<p><strong><img fetchpriority=\"high\" decoding=\"async\" class=\" wp-image-1684 aligncenter\" src=\"https:\/\/www.franquiciescat.org\/wp-content\/uploads\/2023\/06\/foto-pujada-preu-del-carburant-1789743-300x200.jpg\" alt=\"\" width=\"1000\" height=\"666\" srcset=\"https:\/\/www.franquiciescat.org\/wp-content\/uploads\/2023\/06\/foto-pujada-preu-del-carburant-1789743-300x200.jpg 300w, https:\/\/www.franquiciescat.org\/wp-content\/uploads\/2023\/06\/foto-pujada-preu-del-carburant-1789743.jpg 500w\" sizes=\"(max-width: 1000px) 100vw, 1000px\" \/><\/strong><\/p>\n<p><strong>Martes, 22 de marzo 2022<\/strong>&#8211; En los \u00faltimos d\u00edas los conductores espa\u00f1oles han podido ver c\u00f3mo <strong>el precio de los carburantes manten\u00eda su tendencia alcista hasta situarse, en algunas gasolineras, por encima de los 1,8 euros el litro.<\/strong> Mientras que, por su parte, el precio del barril de Brent ha ido cayendo, sorprendiendo esto a miles de espa\u00f1oles.<\/p>\n<p><em><strong>\u201c\u00bfPor qu\u00e9 sigue subiendo el precio de la gasolina si el petr\u00f3leo est\u00e1 cayendo? Esta es una pregunta muy habitual entre los conductores espa\u00f1oles, pero la realidad es que se trata de dos mercados de cotizaci\u00f3n diferentes que no siempre est\u00e1n ligados\u201d<\/strong><\/em>, revela Manel Montero, director general de Grupo Moure.<\/p>\n<p>A este fen\u00f3meno se le denomina \u2018<strong>efecto cohete<\/strong>\u2019 y \u2018<strong>efecto pluma<\/strong>\u2019, ya que la subida del precio del crudo acostumbra a provocar un incremento importante de la gasolina, mientras que un descenso del petr\u00f3leo no.<\/p>\n<p><strong>Mercado Internacional vs. Mercado Local<\/strong><\/p>\n<p>En este sentido, <strong>Montero explica que el precio del petr\u00f3leo depende de cinco factores<\/strong>: \u201clas situaciones pol\u00edticas de orden mundial, las cuotas de producci\u00f3n, las existencias, el comportamiento de los pa\u00edses productores y, por supuesto, la demanda A su vez, el crudo cuenta con su propio \u00edndice de referencia internacional, el barril de Brent.<\/p>\n<p>\u201cEs aqu\u00ed donde surge la principal diferencia, ya que <em><strong>el precio de los carburantes cuenta con su propio mercado, que ya no es internacional sino local, y, a pesar de estar relacionados, en muchas ocasiones no funcionan de forma simult\u00e1nea.<\/strong><\/em> B\u00e1sicamente por un efecto temporal, y porque los condicionantes que constituyen el precio del gasoleo y la gasolina ya no son los mismos que componen el precio del petr\u00f3leo\u201d, detalla Montero<\/p>\n<p>A la hora de hablar de gas\u00f3leos y gasolinas, hay que tener en cuenta no solo el valor de la materia prima (el crudo), sino tambi\u00e9n los costes de refiner\u00eda, as\u00ed como el tiempo que transcurre entre la compra inicial y la fase final de dicho proceso. Adem\u00e1s, <strong>a todo esto, hay que a\u00f1adir los m\u00e1rgenes de las distribuidoras y los impuestos especiales de los hidrocarburos y el Impuesto de Valor A\u00f1adido (IVA),<\/strong> que tienen un gran impacto en el precio de venta el p\u00fablico.<\/p>\n<p>Por lo tanto, la gran diferencia es que el precio del petr\u00f3leo est\u00e1 fuertemente influenciado por la oferta y la demanda, mientras que el precio en las gasolineras est\u00e1 marcado por el precio de compra que hayamos conseguido al ir al distribuidor. En segundo lugar, adem\u00e1s, <em><strong>encontramos la m\u00e1s evidente de las diferencias, y es que los coches no consumen crudo, sino gas\u00f3leos y gasolinas refinadas y distribuidas en los diferentes canales de distribuci\u00f3n<\/strong><\/em>\u201d, concluye el experto.<\/p>\n<p>&nbsp;<\/p>\n<p><strong>Sobre Grupo Moure<\/strong><\/p>\n<p><a href=\"https:\/\/grupmoure.com\/\">Grupo Moure<\/a> es un holding fundado en 1996 con presencia en el sector energ\u00e9tico y carwash, entre otros, que engloba las empresas <a href=\"http:\/\/elefanteazul.com\/\">Elefante Azul,<\/a> <a href=\"https:\/\/www.autonet24.net\/\">Autonetoil<\/a>, <a href=\"https:\/\/hybis.es\/\">Petronet<\/a> y Washnet Factory. <strong>Elefante Azul<\/strong>, con m\u00e1s de 30 a\u00f1os de experiencia en el sector, es la primera empresa europea pionera en el lavado de coches a alta presi\u00f3n, garantizando la mayor eficacia gracias a sus sistemas exclusivos, f\u00e1ciles y flexibles para el cliente; <strong>Autonetoil<\/strong> es una red de gasolineras \u2018Quality Low Cost\u2019 que cuenta con 14 centros a nivel nacional; Petronet es distribuidora n\u00ba 1 en Espa\u00f1a de piezas de carwash y, finalmente, <strong>Washnet Factory<\/strong>, est\u00e1 especializada en la fabricaci\u00f3n e instalaci\u00f3n de centros de lavado.<\/p>\n<p>&nbsp;<\/p>\n<p><strong>Si te interesa tener m\u00e1s informaci\u00f3n sobre Grupo Moure, solicitar disponibilidad para concertar entrevista con alguno de sus portavoces o tienes cualquier consulta relacionada con la empresa, no dudes en ponerte en contacto con nosotros:<\/strong><\/p>\n<p>&nbsp;<\/p>\n<p style=\"text-align: center;\">\nMarga Ca\u00f1ellas \/ Laura Sali P\u00e9rez<\/p>\n<p style=\"text-align: center;\">+ 34 689 688 822 \/ + 34 667 656 269<\/p>\n<p style=\"text-align: center;\">Departamento de Comunicaci\u00f3n<\/p>\n<p style=\"text-align: center;\"><a href=\"mailto:press@grupomoure.com\">press@grupomoure.com<\/a><\/p>\n<p>&nbsp;<\/p>\n<p><img decoding=\"async\" class=\"alignnone wp-image-1339 aligncenter\" src=\"https:\/\/www.franquiciescat.org\/wp-content\/uploads\/2023\/01\/grupomore-1992723-2-300x74.png\" alt=\"\" width=\"328\" height=\"81\" srcset=\"https:\/\/www.franquiciescat.org\/wp-content\/uploads\/2023\/01\/grupomore-1992723-2-300x74.png 300w, https:\/\/www.franquiciescat.org\/wp-content\/uploads\/2023\/01\/grupomore-1992723-2.png 346w\" sizes=\"(max-width: 328px) 100vw, 328px\" \/><\/p>\n<p><img decoding=\"async\" class=\"alignnone wp-image-1340 aligncenter\" src=\"https:\/\/www.franquiciescat.org\/wp-content\/uploads\/2023\/01\/logos-junts-elefante-azul-autonetoil-petronet-washnet-fact-300x38.png\" alt=\"\" width=\"529\" height=\"67\" srcset=\"https:\/\/www.franquiciescat.org\/wp-content\/uploads\/2023\/01\/logos-junts-elefante-azul-autonetoil-petronet-washnet-fact-300x38.png 300w, https:\/\/www.franquiciescat.org\/wp-content\/uploads\/2023\/01\/logos-junts-elefante-azul-autonetoil-petronet-washnet-fact.png 545w\" sizes=\"(max-width: 529px) 100vw, 529px\" \/><\/p>\n<\/div>\n","protected":false},"excerpt":{"rendered":"<p>\u00bfPor qu\u00e9 sigue subiendo el carburante, aunque baje el precio del petr\u00f3leo? &nbsp; Despu\u00e9s de unas primeras semanas de mucha incertidumbre por el mercado a causa del conflicto b\u00e9lico entre Rusia y Ucrania, el precio del crudo ha empezado a caer, mientras que, el carburante mantiene su tendencia alcista en gasolineras espa\u00f1olas. \u201cEl precio del [&hellip;]<\/p>\n","protected":false},"author":1,"featured_media":2571,"comment_status":"open","ping_status":"open","sticky":false,"template":"","format":"standard","meta":{"footnotes":""},"categories":[72],"tags":[],"class_list":["post-3023","post","type-post","status-publish","format-standard","has-post-thumbnail","hentry","category-noticias"],"yoast_head":"<!-- This site is optimized with the Yoast SEO plugin v26.9 - https:\/\/yoast.com\/product\/yoast-seo-wordpress\/ -->\n<title>Subida precio del carburante - Asociaci\u00f3n de Franqu\u00edcias de Catalunya<\/title>\n<meta name=\"robots\" content=\"index, follow, max-snippet:-1, max-image-preview:large, max-video-preview:-1\" \/>\n<link rel=\"canonical\" href=\"https:\/\/www.franquiciescat.org\/subida-precio-del-carburante\/\" \/>\n<meta property=\"og:locale\" content=\"es_ES\" \/>\n<meta property=\"og:type\" content=\"article\" \/>\n<meta property=\"og:title\" content=\"Subida precio del carburante - Asociaci\u00f3n de Franqu\u00edcias de Catalunya\" \/>\n<meta property=\"og:description\" content=\"\u00bfPor qu\u00e9 sigue subiendo el carburante, aunque baje el precio del petr\u00f3leo? &nbsp; Despu\u00e9s de unas primeras semanas de mucha incertidumbre por el mercado a causa del conflicto b\u00e9lico entre Rusia y Ucrania, el precio del crudo ha empezado a caer, mientras que, el carburante mantiene su tendencia alcista en gasolineras espa\u00f1olas. \u201cEl precio del [&hellip;]\" \/>\n<meta property=\"og:url\" content=\"https:\/\/www.franquiciescat.org\/subida-precio-del-carburante\/\" \/>\n<meta property=\"og:site_name\" content=\"Asociaci\u00f3n de Franqu\u00edcias de Catalunya\" \/>\n<meta property=\"article:published_time\" content=\"2022-03-29T08:26:25+00:00\" \/>\n<meta property=\"og:image\" content=\"https:\/\/www.franquiciescat.org\/wp-content\/uploads\/2023\/06\/foto-pujada-preu-del-carburant-1789743-300x200.jpg\" \/>\n<meta name=\"author\" content=\"Einagrafic\" \/>\n<meta name=\"twitter:card\" content=\"summary_large_image\" \/>\n<meta name=\"twitter:label1\" content=\"Escrito por\" \/>\n\t<meta name=\"twitter:data1\" content=\"Einagrafic\" \/>\n\t<meta name=\"twitter:label2\" content=\"Tiempo de lectura\" \/>\n\t<meta name=\"twitter:data2\" content=\"4 minutos\" \/>\n<script type=\"application\/ld+json\" class=\"yoast-schema-graph\">{\"@context\":\"https:\/\/schema.org\",\"@graph\":[{\"@type\":\"Article\",\"@id\":\"https:\/\/www.franquiciescat.org\/subida-precio-del-carburante\/#article\",\"isPartOf\":{\"@id\":\"https:\/\/www.franquiciescat.org\/subida-precio-del-carburante\/\"},\"author\":{\"name\":\"Einagrafic\",\"@id\":\"https:\/\/www.franquiciescat.org\/#\/schema\/person\/f7cfeca2687a2d216942148b0f430be5\"},\"headline\":\"Subida precio del carburante\",\"datePublished\":\"2022-03-29T08:26:25+00:00\",\"mainEntityOfPage\":{\"@id\":\"https:\/\/www.franquiciescat.org\/subida-precio-del-carburante\/\"},\"wordCount\":743,\"commentCount\":0,\"publisher\":{\"@id\":\"https:\/\/www.franquiciescat.org\/#organization\"},\"image\":{\"@id\":\"https:\/\/www.franquiciescat.org\/subida-precio-del-carburante\/#primaryimage\"},\"thumbnailUrl\":\"https:\/\/www.franquiciescat.org\/wp-content\/uploads\/2023\/06\/foto-pujada-preu-del-carburant-1789743.jpg\",\"articleSection\":[\"Noticias\"],\"inLanguage\":\"es\"},{\"@type\":\"WebPage\",\"@id\":\"https:\/\/www.franquiciescat.org\/subida-precio-del-carburante\/\",\"url\":\"https:\/\/www.franquiciescat.org\/subida-precio-del-carburante\/\",\"name\":\"Subida precio del carburante - Asociaci\u00f3n de Franqu\u00edcias de Catalunya\",\"isPartOf\":{\"@id\":\"https:\/\/www.franquiciescat.org\/#website\"},\"primaryImageOfPage\":{\"@id\":\"https:\/\/www.franquiciescat.org\/subida-precio-del-carburante\/#primaryimage\"},\"image\":{\"@id\":\"https:\/\/www.franquiciescat.org\/subida-precio-del-carburante\/#primaryimage\"},\"thumbnailUrl\":\"https:\/\/www.franquiciescat.org\/wp-content\/uploads\/2023\/06\/foto-pujada-preu-del-carburant-1789743.jpg\",\"datePublished\":\"2022-03-29T08:26:25+00:00\",\"breadcrumb\":{\"@id\":\"https:\/\/www.franquiciescat.org\/subida-precio-del-carburante\/#breadcrumb\"},\"inLanguage\":\"es\",\"potentialAction\":[{\"@type\":\"ReadAction\",\"target\":[\"https:\/\/www.franquiciescat.org\/subida-precio-del-carburante\/\"]}]},{\"@type\":\"ImageObject\",\"inLanguage\":\"es\",\"@id\":\"https:\/\/www.franquiciescat.org\/subida-precio-del-carburante\/#primaryimage\",\"url\":\"https:\/\/www.franquiciescat.org\/wp-content\/uploads\/2023\/06\/foto-pujada-preu-del-carburant-1789743.jpg\",\"contentUrl\":\"https:\/\/www.franquiciescat.org\/wp-content\/uploads\/2023\/06\/foto-pujada-preu-del-carburant-1789743.jpg\",\"width\":500,\"height\":333},{\"@type\":\"BreadcrumbList\",\"@id\":\"https:\/\/www.franquiciescat.org\/subida-precio-del-carburante\/#breadcrumb\",\"itemListElement\":[{\"@type\":\"ListItem\",\"position\":1,\"name\":\"Inici\",\"item\":\"https:\/\/www.franquiciescat.org\/\"},{\"@type\":\"ListItem\",\"position\":2,\"name\":\"Subida precio del carburante\"}]},{\"@type\":\"WebSite\",\"@id\":\"https:\/\/www.franquiciescat.org\/#website\",\"url\":\"https:\/\/www.franquiciescat.org\/\",\"name\":\"Associaci\u00f3 de Franqu\u00edcies de Catalunya\",\"description\":\"Asociaci\u00f3n de Franqu\u00edcias de Catalunya\",\"publisher\":{\"@id\":\"https:\/\/www.franquiciescat.org\/#organization\"},\"potentialAction\":[{\"@type\":\"SearchAction\",\"target\":{\"@type\":\"EntryPoint\",\"urlTemplate\":\"https:\/\/www.franquiciescat.org\/?s={search_term_string}\"},\"query-input\":{\"@type\":\"PropertyValueSpecification\",\"valueRequired\":true,\"valueName\":\"search_term_string\"}}],\"inLanguage\":\"es\"},{\"@type\":\"Organization\",\"@id\":\"https:\/\/www.franquiciescat.org\/#organization\",\"name\":\"Associaci\u00f3 de Franqu\u00edcies de Catalunya\",\"url\":\"https:\/\/www.franquiciescat.org\/\",\"logo\":{\"@type\":\"ImageObject\",\"inLanguage\":\"es\",\"@id\":\"https:\/\/www.franquiciescat.org\/#\/schema\/logo\/image\/\",\"url\":\"https:\/\/www.franquiciescat.org\/wp-content\/uploads\/2023\/05\/logo-afc.png\",\"contentUrl\":\"https:\/\/www.franquiciescat.org\/wp-content\/uploads\/2023\/05\/logo-afc.png\",\"width\":640,\"height\":171,\"caption\":\"Associaci\u00f3 de Franqu\u00edcies de Catalunya\"},\"image\":{\"@id\":\"https:\/\/www.franquiciescat.org\/#\/schema\/logo\/image\/\"}},{\"@type\":\"Person\",\"@id\":\"https:\/\/www.franquiciescat.org\/#\/schema\/person\/f7cfeca2687a2d216942148b0f430be5\",\"name\":\"Einagrafic\",\"image\":{\"@type\":\"ImageObject\",\"inLanguage\":\"es\",\"@id\":\"https:\/\/www.franquiciescat.org\/#\/schema\/person\/image\/\",\"url\":\"https:\/\/secure.gravatar.com\/avatar\/cc75d3f0c33e859c04998660c0362167519e435366e0967a9b01a7c511c82ae4?s=96&d=mm&r=g\",\"contentUrl\":\"https:\/\/secure.gravatar.com\/avatar\/cc75d3f0c33e859c04998660c0362167519e435366e0967a9b01a7c511c82ae4?s=96&d=mm&r=g\",\"caption\":\"Einagrafic\"},\"sameAs\":[\"https:\/\/www.franquiciescat.org\"],\"url\":\"https:\/\/www.franquiciescat.org\/es\/author\/einagrafic\/\"}]}<\/script>\n<!-- \/ Yoast SEO plugin. -->","yoast_head_json":{"title":"Subida precio del carburante - Asociaci\u00f3n de Franqu\u00edcias de Catalunya","robots":{"index":"index","follow":"follow","max-snippet":"max-snippet:-1","max-image-preview":"max-image-preview:large","max-video-preview":"max-video-preview:-1"},"canonical":"https:\/\/www.franquiciescat.org\/subida-precio-del-carburante\/","og_locale":"es_ES","og_type":"article","og_title":"Subida precio del carburante - Asociaci\u00f3n de Franqu\u00edcias de Catalunya","og_description":"\u00bfPor qu\u00e9 sigue subiendo el carburante, aunque baje el precio del petr\u00f3leo? &nbsp; Despu\u00e9s de unas primeras semanas de mucha incertidumbre por el mercado a causa del conflicto b\u00e9lico entre Rusia y Ucrania, el precio del crudo ha empezado a caer, mientras que, el carburante mantiene su tendencia alcista en gasolineras espa\u00f1olas. \u201cEl precio del [&hellip;]","og_url":"https:\/\/www.franquiciescat.org\/subida-precio-del-carburante\/","og_site_name":"Asociaci\u00f3n de Franqu\u00edcias de Catalunya","article_published_time":"2022-03-29T08:26:25+00:00","og_image":[{"url":"https:\/\/www.franquiciescat.org\/wp-content\/uploads\/2023\/06\/foto-pujada-preu-del-carburant-1789743-300x200.jpg","type":"","width":"","height":""}],"author":"Einagrafic","twitter_card":"summary_large_image","twitter_misc":{"Escrito por":"Einagrafic","Tiempo de lectura":"4 minutos"},"schema":{"@context":"https:\/\/schema.org","@graph":[{"@type":"Article","@id":"https:\/\/www.franquiciescat.org\/subida-precio-del-carburante\/#article","isPartOf":{"@id":"https:\/\/www.franquiciescat.org\/subida-precio-del-carburante\/"},"author":{"name":"Einagrafic","@id":"https:\/\/www.franquiciescat.org\/#\/schema\/person\/f7cfeca2687a2d216942148b0f430be5"},"headline":"Subida precio del carburante","datePublished":"2022-03-29T08:26:25+00:00","mainEntityOfPage":{"@id":"https:\/\/www.franquiciescat.org\/subida-precio-del-carburante\/"},"wordCount":743,"commentCount":0,"publisher":{"@id":"https:\/\/www.franquiciescat.org\/#organization"},"image":{"@id":"https:\/\/www.franquiciescat.org\/subida-precio-del-carburante\/#primaryimage"},"thumbnailUrl":"https:\/\/www.franquiciescat.org\/wp-content\/uploads\/2023\/06\/foto-pujada-preu-del-carburant-1789743.jpg","articleSection":["Noticias"],"inLanguage":"es"},{"@type":"WebPage","@id":"https:\/\/www.franquiciescat.org\/subida-precio-del-carburante\/","url":"https:\/\/www.franquiciescat.org\/subida-precio-del-carburante\/","name":"Subida precio del carburante - Asociaci\u00f3n de Franqu\u00edcias de Catalunya","isPartOf":{"@id":"https:\/\/www.franquiciescat.org\/#website"},"primaryImageOfPage":{"@id":"https:\/\/www.franquiciescat.org\/subida-precio-del-carburante\/#primaryimage"},"image":{"@id":"https:\/\/www.franquiciescat.org\/subida-precio-del-carburante\/#primaryimage"},"thumbnailUrl":"https:\/\/www.franquiciescat.org\/wp-content\/uploads\/2023\/06\/foto-pujada-preu-del-carburant-1789743.jpg","datePublished":"2022-03-29T08:26:25+00:00","breadcrumb":{"@id":"https:\/\/www.franquiciescat.org\/subida-precio-del-carburante\/#breadcrumb"},"inLanguage":"es","potentialAction":[{"@type":"ReadAction","target":["https:\/\/www.franquiciescat.org\/subida-precio-del-carburante\/"]}]},{"@type":"ImageObject","inLanguage":"es","@id":"https:\/\/www.franquiciescat.org\/subida-precio-del-carburante\/#primaryimage","url":"https:\/\/www.franquiciescat.org\/wp-content\/uploads\/2023\/06\/foto-pujada-preu-del-carburant-1789743.jpg","contentUrl":"https:\/\/www.franquiciescat.org\/wp-content\/uploads\/2023\/06\/foto-pujada-preu-del-carburant-1789743.jpg","width":500,"height":333},{"@type":"BreadcrumbList","@id":"https:\/\/www.franquiciescat.org\/subida-precio-del-carburante\/#breadcrumb","itemListElement":[{"@type":"ListItem","position":1,"name":"Inici","item":"https:\/\/www.franquiciescat.org\/"},{"@type":"ListItem","position":2,"name":"Subida precio del carburante"}]},{"@type":"WebSite","@id":"https:\/\/www.franquiciescat.org\/#website","url":"https:\/\/www.franquiciescat.org\/","name":"Associaci\u00f3 de Franqu\u00edcies de Catalunya","description":"Asociaci\u00f3n de Franqu\u00edcias de Catalunya","publisher":{"@id":"https:\/\/www.franquiciescat.org\/#organization"},"potentialAction":[{"@type":"SearchAction","target":{"@type":"EntryPoint","urlTemplate":"https:\/\/www.franquiciescat.org\/?s={search_term_string}"},"query-input":{"@type":"PropertyValueSpecification","valueRequired":true,"valueName":"search_term_string"}}],"inLanguage":"es"},{"@type":"Organization","@id":"https:\/\/www.franquiciescat.org\/#organization","name":"Associaci\u00f3 de Franqu\u00edcies de Catalunya","url":"https:\/\/www.franquiciescat.org\/","logo":{"@type":"ImageObject","inLanguage":"es","@id":"https:\/\/www.franquiciescat.org\/#\/schema\/logo\/image\/","url":"https:\/\/www.franquiciescat.org\/wp-content\/uploads\/2023\/05\/logo-afc.png","contentUrl":"https:\/\/www.franquiciescat.org\/wp-content\/uploads\/2023\/05\/logo-afc.png","width":640,"height":171,"caption":"Associaci\u00f3 de Franqu\u00edcies de Catalunya"},"image":{"@id":"https:\/\/www.franquiciescat.org\/#\/schema\/logo\/image\/"}},{"@type":"Person","@id":"https:\/\/www.franquiciescat.org\/#\/schema\/person\/f7cfeca2687a2d216942148b0f430be5","name":"Einagrafic","image":{"@type":"ImageObject","inLanguage":"es","@id":"https:\/\/www.franquiciescat.org\/#\/schema\/person\/image\/","url":"https:\/\/secure.gravatar.com\/avatar\/cc75d3f0c33e859c04998660c0362167519e435366e0967a9b01a7c511c82ae4?s=96&d=mm&r=g","contentUrl":"https:\/\/secure.gravatar.com\/avatar\/cc75d3f0c33e859c04998660c0362167519e435366e0967a9b01a7c511c82ae4?s=96&d=mm&r=g","caption":"Einagrafic"},"sameAs":["https:\/\/www.franquiciescat.org"],"url":"https:\/\/www.franquiciescat.org\/es\/author\/einagrafic\/"}]}},"_links":{"self":[{"href":"https:\/\/www.franquiciescat.org\/es\/wp-json\/wp\/v2\/posts\/3023","targetHints":{"allow":["GET"]}}],"collection":[{"href":"https:\/\/www.franquiciescat.org\/es\/wp-json\/wp\/v2\/posts"}],"about":[{"href":"https:\/\/www.franquiciescat.org\/es\/wp-json\/wp\/v2\/types\/post"}],"author":[{"embeddable":true,"href":"https:\/\/www.franquiciescat.org\/es\/wp-json\/wp\/v2\/users\/1"}],"replies":[{"embeddable":true,"href":"https:\/\/www.franquiciescat.org\/es\/wp-json\/wp\/v2\/comments?post=3023"}],"version-history":[{"count":0,"href":"https:\/\/www.franquiciescat.org\/es\/wp-json\/wp\/v2\/posts\/3023\/revisions"}],"wp:featuredmedia":[{"embeddable":true,"href":"https:\/\/www.franquiciescat.org\/es\/wp-json\/wp\/v2\/media\/2571"}],"wp:attachment":[{"href":"https:\/\/www.franquiciescat.org\/es\/wp-json\/wp\/v2\/media?parent=3023"}],"wp:term":[{"taxonomy":"category","embeddable":true,"href":"https:\/\/www.franquiciescat.org\/es\/wp-json\/wp\/v2\/categories?post=3023"},{"taxonomy":"post_tag","embeddable":true,"href":"https:\/\/www.franquiciescat.org\/es\/wp-json\/wp\/v2\/tags?post=3023"}],"curies":[{"name":"wp","href":"https:\/\/api.w.org\/{rel}","templated":true}]}}