{"id":3024,"date":"2022-03-22T08:29:43","date_gmt":"2022-03-22T08:29:43","guid":{"rendered":"https:\/\/www.franquiciescat.org\/franquishop-barcelona\/"},"modified":"2022-03-22T08:29:43","modified_gmt":"2022-03-22T08:29:43","slug":"franquishop-barcelona","status":"publish","type":"post","link":"https:\/\/www.franquiciescat.org\/es\/franquishop-barcelona\/","title":{"rendered":"FranquiShop Barcelona"},"content":{"rendered":"<p class=\"summary\">La feria se celebrar\u00e1 presencialmente el jueves 24 de marzo, de 9:30 a 18 horas.<\/p>\n<p><img fetchpriority=\"high\" decoding=\"async\" class=\"alignnone wp-image-1689\" src=\"https:\/\/www.franquiciescat.org\/wp-content\/uploads\/2023\/06\/fotofranquishopbarcelona-1783288-300x151.jpg\" alt=\"\" width=\"550\" height=\"277\" srcset=\"https:\/\/www.franquiciescat.org\/wp-content\/uploads\/2023\/06\/fotofranquishopbarcelona-1783288-300x151.jpg 300w, https:\/\/www.franquiciescat.org\/wp-content\/uploads\/2023\/06\/fotofranquishopbarcelona-1783288-1024x517.jpg 1024w, https:\/\/www.franquiciescat.org\/wp-content\/uploads\/2023\/06\/fotofranquishopbarcelona-1783288-768x387.jpg 768w, https:\/\/www.franquiciescat.org\/wp-content\/uploads\/2023\/06\/fotofranquishopbarcelona-1783288.jpg 1100w\" sizes=\"(max-width: 550px) 100vw, 550px\" \/><\/p>\n<p><strong>Las asociaciones espa\u00f1ola y catalana de franquicias estar\u00e1n asesorando a los emprendedores en FranquiShop Barcelona<\/strong><\/p>\n<p><img decoding=\"async\" class=\"alignnone size-medium wp-image-1453\" src=\"https:\/\/www.franquiciescat.org\/wp-content\/uploads\/2023\/06\/logo-1978205-2-300x196.jpg\" alt=\"\" width=\"300\" height=\"196\" srcset=\"https:\/\/www.franquiciescat.org\/wp-content\/uploads\/2023\/06\/logo-1978205-2-300x196.jpg 300w, https:\/\/www.franquiciescat.org\/wp-content\/uploads\/2023\/06\/logo-1978205-2.jpg 480w\" sizes=\"(max-width: 300px) 100vw, 300px\" \/><img decoding=\"async\" class=\"alignnone wp-image-1688\" src=\"https:\/\/www.franquiciescat.org\/wp-content\/uploads\/2023\/06\/logo-afc-1327890-300x80.jpg\" alt=\"\" width=\"652\" height=\"174\" srcset=\"https:\/\/www.franquiciescat.org\/wp-content\/uploads\/2023\/06\/logo-afc-1327890-300x80.jpg 300w, https:\/\/www.franquiciescat.org\/wp-content\/uploads\/2023\/06\/logo-afc-1327890.jpg 640w\" sizes=\"(max-width: 652px) 100vw, 652px\" \/><\/p>\n<p style=\"text-align: center;\"><strong>La Asociaci\u00f3n Espa\u00f1ola de Franquiciadores (AEF) y la Asociaci\u00f3n de Franquicias de Catalu\u00f1a (AFC) tambi\u00e9n estar\u00e1n apoyando a los socios que expondr\u00e1n en la feria: Aqu\u00ed tu Reforma, Banco Sabadell, Carrefour, d-u\u00f1as, DIA, Ecox 4D-5D, Eroski, Look &amp; Find, Mail Boxes Etc., McDonald\u2019s, Mr Jeff y Oh my Cut!, adem\u00e1s de contar con el asesoramiento de Carmila<\/strong><\/p>\n<p>&nbsp;<\/p>\n<p><strong>Martes 22 de marzo de 2022.<\/strong>.- La<a href=\"http:\/\/www.franquiciadores.com\/\"><strong>La Asociaci\u00f3n Espa\u00f1ola de Franquiciadores (AEF)<\/strong><\/a> y la<strong><a href=\"https:\/\/www.franquiciescat.org\/ca\/\">Asociaci\u00f3n de Franquicias de Catalu\u00f1a<\/a> (AFC)<\/strong> colaborar\u00e1n y estar\u00e1n exponiendo en la Feria de Franquicias FranquiShop Barcelona 2022, que tendr\u00e1 lugar de manera presencial en el Hotel Novotel Barcelona City (Avenida Diagonal, 201), el jueves 24 de marzo de 9:30 a 18 horas. Un evento en el que expondr\u00e1n m\u00e1s de 50 marcas, con las que los visitantes podr\u00e1n interactuar directamente.<\/p>\n<p>Ser\u00e1 la d\u00e9cima edici\u00f3n de FranquiShop Barcelona, una feria en la que aquellos emprendedores e inversores que se planteen abrir una franquicia, pueden inscribirse de forma gratuita y concertar citas previas con las ense\u00f1as que sean de su inter\u00e9s, a trav\u00e9s de la p\u00e1gina web: <a href=\"https:\/\/ferias.franquiciasfranquishop.es\/feria\/feria-franquicias-barcelona-2022\">https:\/\/ferias.franquiciasfranquishop.es\/feria\/feria-franquicias-barcelona-2022<\/a><\/p>\n<p>En palabras de <strong>Eduardo Abad\u00eda, Director Ejecutivo de la AEF<\/strong>, \u201c<em>continuamos exponiendo en las ferias que organiza FranquiShop por distintas ciudades de Espa\u00f1a, y en esta ocasi\u00f3n estaremos en Barcelona, asesorando a los emprendedores que nos visiten, as\u00ed como apoyando a nuestros socios presentes en la feria<\/em>\u201d.<\/p>\n<p>A su vez, <strong>Xavier Vallhonrat, Presidente de la AFC<\/strong>, <em>asegura que \u201cen esta nueva edici\u00f3n de FranquiShop Barcelona volveremos a cumplir con nuestro papel de resolver cualquier duda o facilitar informaci\u00f3n referente al sistema de franquicias, a todas aquellas personas que se acerquen a nuestro stand<\/em><\/p>\n<p>Asimismo, en esta Feria de Franquicias y Emprendedores <strong>estar\u00e1n exponiendo algunas empresas asociadas a la AEF<\/strong>, como Aqu\u00ed tu Reforma, Banco Sabadell \u2013entidad colaboradora del evento\u2212, Carrefour, d-u\u00f1as, DIA, Ecox 4D-5D, Eroski, Look &amp; Find, Mail Boxes Etc., McDonald\u2019s, Mr Jeff y Oh my Cut!, adem\u00e1s de contar con el asesoramiento de Carmila (alquiler de locales comerciales).<\/p>\n<p>&nbsp;<\/p>\n<p style=\"text-align: center;\"><strong>Acerca de la AEF<\/strong><\/p>\n<p><strong>La Asociaci\u00f3n Espa\u00f1ola de Franquiciadores (AEF)<\/strong> se fund\u00f3 hace 28 a\u00f1os y actualmente est\u00e1 integrada por 188 socios, cuya facturaci\u00f3n representa el 62 % del volumen de negocio que genera el sistema de franquicias en Espa\u00f1a.<\/p>\n<p>Los objetivos de la <strong>AEF<\/strong> son los de representar y velar por los intereses de la franquicia en nuestro pa\u00eds, as\u00ed como hacer de interlocutor ante la Administraci\u00f3n y darla a conocer en otros mercados, a trav\u00e9s de su presencia en distintas ferias de franquicias internacionales.<\/p>\n<p>A su vez, la <strong>AEF<\/strong> es miembro del Consejo Mundial de Franquicias (World Franchise Council, WFC) y de la Federaci\u00f3n Europea de la Franquicia (EFF).<\/p>\n<p>&nbsp;<\/p>\n<p style=\"text-align: center;\"><a href=\"http:\/\/www.franquiciadores.com\/\"><strong>http:\/\/www.franquiciadores.com\/<\/strong><\/a><\/p>\n<p>&nbsp;<\/p>\n<p>Toda la actualidad de la AEF se puede seguir en las redes sociales:<\/p>\n<p><strong><a href=\"https:\/\/www.facebook.com\/franquiciadores\">https:\/\/www.facebook.com\/franquiciadors<\/a><\/strong><\/p>\n<p><strong><a href=\"https:\/\/twitter.com\/AEFranquiciador\">https:\/\/twitter.com\/AEFranquiciador<\/a><\/strong><\/p>\n<p><strong>Observatorio de la Franquicia en Espa\u00f1a: <a href=\"https:\/\/www.linkedin.com\/groups\/4863136\">https:\/\/www.linkedin.com\/groups\/4863136<\/a><\/strong><\/p>\n<p><strong>AEF: <a href=\"https:\/\/www.linkedin.com\/company\/27163850\/\">https:\/\/www.linkedin.com\/company\/27163850\/<\/a><\/strong><\/p>\n<p><strong><a href=\"http:\/\/www.youtube.com\/c\/Asociaci%C3%B3nEspa%C3%B1oladeFranquiciadores\">http:\/\/www.youtube.com\/c\/Associaci\u00f3EspanyoladeFranquiciadors<\/a><\/strong><\/p>\n<p>&nbsp;<\/p>\n<p><strong>Para ampliar informaci\u00f3n, concertar entrevistas o solicitar material gr\u00e1fico:<\/strong><\/p>\n<p>Juan Carlos Mart\u00edn<\/p>\n<p>Director de Comunicaci\u00f3n<\/p>\n<p>Asociaci\u00f3n Espa\u00f1ola de Franquiciadores (AEF)<\/p>\n<p>M\u00f3vil: 607 999 866<\/p>\n","protected":false},"excerpt":{"rendered":"<p>La feria se celebrar\u00e1 presencialmente el jueves 24 de marzo, de 9:30 a 18 horas. Las asociaciones espa\u00f1ola y catalana de franquicias estar\u00e1n asesorando a los emprendedores en FranquiShop Barcelona La Asociaci\u00f3n Espa\u00f1ola de Franquiciadores (AEF) y la Asociaci\u00f3n de Franquicias de Catalu\u00f1a (AFC) tambi\u00e9n estar\u00e1n apoyando a los socios que expondr\u00e1n en la feria: [&hellip;]<\/p>\n","protected":false},"author":1,"featured_media":2573,"comment_status":"open","ping_status":"open","sticky":false,"template":"","format":"standard","meta":{"footnotes":""},"categories":[72],"tags":[],"class_list":["post-3024","post","type-post","status-publish","format-standard","has-post-thumbnail","hentry","category-noticias"],"yoast_head":"<!-- This site is optimized with the Yoast SEO plugin v26.9 - https:\/\/yoast.com\/product\/yoast-seo-wordpress\/ -->\n<title>FranquiShop Barcelona - Asociaci\u00f3n de Franqu\u00edcias de Catalunya<\/title>\n<meta name=\"robots\" content=\"index, follow, max-snippet:-1, max-image-preview:large, max-video-preview:-1\" \/>\n<link rel=\"canonical\" href=\"https:\/\/www.franquiciescat.org\/franquishop-barcelona\/\" \/>\n<meta property=\"og:locale\" content=\"es_ES\" \/>\n<meta property=\"og:type\" content=\"article\" \/>\n<meta property=\"og:title\" content=\"FranquiShop Barcelona - Asociaci\u00f3n de Franqu\u00edcias de Catalunya\" \/>\n<meta property=\"og:description\" content=\"La feria se celebrar\u00e1 presencialmente el jueves 24 de marzo, de 9:30 a 18 horas. Las asociaciones espa\u00f1ola y catalana de franquicias estar\u00e1n asesorando a los emprendedores en FranquiShop Barcelona La Asociaci\u00f3n Espa\u00f1ola de Franquiciadores (AEF) y la Asociaci\u00f3n de Franquicias de Catalu\u00f1a (AFC) tambi\u00e9n estar\u00e1n apoyando a los socios que expondr\u00e1n en la feria: [&hellip;]\" \/>\n<meta property=\"og:url\" content=\"https:\/\/www.franquiciescat.org\/franquishop-barcelona\/\" \/>\n<meta property=\"og:site_name\" content=\"Asociaci\u00f3n de Franqu\u00edcias de Catalunya\" \/>\n<meta property=\"article:published_time\" content=\"2022-03-22T08:29:43+00:00\" \/>\n<meta property=\"og:image\" content=\"https:\/\/www.franquiciescat.org\/wp-content\/uploads\/2023\/06\/fotofranquishopbarcelona-1783288-300x151.jpg\" \/>\n<meta name=\"author\" content=\"Einagrafic\" \/>\n<meta name=\"twitter:card\" content=\"summary_large_image\" \/>\n<meta name=\"twitter:label1\" content=\"Escrito por\" \/>\n\t<meta name=\"twitter:data1\" content=\"Einagrafic\" \/>\n\t<meta name=\"twitter:label2\" content=\"Tiempo de lectura\" \/>\n\t<meta name=\"twitter:data2\" content=\"3 minutos\" \/>\n<script type=\"application\/ld+json\" class=\"yoast-schema-graph\">{\"@context\":\"https:\/\/schema.org\",\"@graph\":[{\"@type\":\"Article\",\"@id\":\"https:\/\/www.franquiciescat.org\/franquishop-barcelona\/#article\",\"isPartOf\":{\"@id\":\"https:\/\/www.franquiciescat.org\/franquishop-barcelona\/\"},\"author\":{\"name\":\"Einagrafic\",\"@id\":\"https:\/\/www.franquiciescat.org\/#\/schema\/person\/f7cfeca2687a2d216942148b0f430be5\"},\"headline\":\"FranquiShop Barcelona\",\"datePublished\":\"2022-03-22T08:29:43+00:00\",\"mainEntityOfPage\":{\"@id\":\"https:\/\/www.franquiciescat.org\/franquishop-barcelona\/\"},\"wordCount\":594,\"commentCount\":0,\"publisher\":{\"@id\":\"https:\/\/www.franquiciescat.org\/#organization\"},\"image\":{\"@id\":\"https:\/\/www.franquiciescat.org\/franquishop-barcelona\/#primaryimage\"},\"thumbnailUrl\":\"https:\/\/www.franquiciescat.org\/wp-content\/uploads\/2023\/06\/fotofranquishopbarcelona-1783288.jpg\",\"articleSection\":[\"Noticias\"],\"inLanguage\":\"es\"},{\"@type\":\"WebPage\",\"@id\":\"https:\/\/www.franquiciescat.org\/franquishop-barcelona\/\",\"url\":\"https:\/\/www.franquiciescat.org\/franquishop-barcelona\/\",\"name\":\"FranquiShop Barcelona - Asociaci\u00f3n de Franqu\u00edcias de Catalunya\",\"isPartOf\":{\"@id\":\"https:\/\/www.franquiciescat.org\/#website\"},\"primaryImageOfPage\":{\"@id\":\"https:\/\/www.franquiciescat.org\/franquishop-barcelona\/#primaryimage\"},\"image\":{\"@id\":\"https:\/\/www.franquiciescat.org\/franquishop-barcelona\/#primaryimage\"},\"thumbnailUrl\":\"https:\/\/www.franquiciescat.org\/wp-content\/uploads\/2023\/06\/fotofranquishopbarcelona-1783288.jpg\",\"datePublished\":\"2022-03-22T08:29:43+00:00\",\"breadcrumb\":{\"@id\":\"https:\/\/www.franquiciescat.org\/franquishop-barcelona\/#breadcrumb\"},\"inLanguage\":\"es\",\"potentialAction\":[{\"@type\":\"ReadAction\",\"target\":[\"https:\/\/www.franquiciescat.org\/franquishop-barcelona\/\"]}]},{\"@type\":\"ImageObject\",\"inLanguage\":\"es\",\"@id\":\"https:\/\/www.franquiciescat.org\/franquishop-barcelona\/#primaryimage\",\"url\":\"https:\/\/www.franquiciescat.org\/wp-content\/uploads\/2023\/06\/fotofranquishopbarcelona-1783288.jpg\",\"contentUrl\":\"https:\/\/www.franquiciescat.org\/wp-content\/uploads\/2023\/06\/fotofranquishopbarcelona-1783288.jpg\",\"width\":1100,\"height\":555},{\"@type\":\"BreadcrumbList\",\"@id\":\"https:\/\/www.franquiciescat.org\/franquishop-barcelona\/#breadcrumb\",\"itemListElement\":[{\"@type\":\"ListItem\",\"position\":1,\"name\":\"Inici\",\"item\":\"https:\/\/www.franquiciescat.org\/\"},{\"@type\":\"ListItem\",\"position\":2,\"name\":\"FranquiShop Barcelona\"}]},{\"@type\":\"WebSite\",\"@id\":\"https:\/\/www.franquiciescat.org\/#website\",\"url\":\"https:\/\/www.franquiciescat.org\/\",\"name\":\"Associaci\u00f3 de Franqu\u00edcies de Catalunya\",\"description\":\"Asociaci\u00f3n de Franqu\u00edcias de Catalunya\",\"publisher\":{\"@id\":\"https:\/\/www.franquiciescat.org\/#organization\"},\"potentialAction\":[{\"@type\":\"SearchAction\",\"target\":{\"@type\":\"EntryPoint\",\"urlTemplate\":\"https:\/\/www.franquiciescat.org\/?s={search_term_string}\"},\"query-input\":{\"@type\":\"PropertyValueSpecification\",\"valueRequired\":true,\"valueName\":\"search_term_string\"}}],\"inLanguage\":\"es\"},{\"@type\":\"Organization\",\"@id\":\"https:\/\/www.franquiciescat.org\/#organization\",\"name\":\"Associaci\u00f3 de Franqu\u00edcies de Catalunya\",\"url\":\"https:\/\/www.franquiciescat.org\/\",\"logo\":{\"@type\":\"ImageObject\",\"inLanguage\":\"es\",\"@id\":\"https:\/\/www.franquiciescat.org\/#\/schema\/logo\/image\/\",\"url\":\"https:\/\/www.franquiciescat.org\/wp-content\/uploads\/2023\/05\/logo-afc.png\",\"contentUrl\":\"https:\/\/www.franquiciescat.org\/wp-content\/uploads\/2023\/05\/logo-afc.png\",\"width\":640,\"height\":171,\"caption\":\"Associaci\u00f3 de Franqu\u00edcies de Catalunya\"},\"image\":{\"@id\":\"https:\/\/www.franquiciescat.org\/#\/schema\/logo\/image\/\"}},{\"@type\":\"Person\",\"@id\":\"https:\/\/www.franquiciescat.org\/#\/schema\/person\/f7cfeca2687a2d216942148b0f430be5\",\"name\":\"Einagrafic\",\"image\":{\"@type\":\"ImageObject\",\"inLanguage\":\"es\",\"@id\":\"https:\/\/www.franquiciescat.org\/#\/schema\/person\/image\/\",\"url\":\"https:\/\/secure.gravatar.com\/avatar\/cc75d3f0c33e859c04998660c0362167519e435366e0967a9b01a7c511c82ae4?s=96&d=mm&r=g\",\"contentUrl\":\"https:\/\/secure.gravatar.com\/avatar\/cc75d3f0c33e859c04998660c0362167519e435366e0967a9b01a7c511c82ae4?s=96&d=mm&r=g\",\"caption\":\"Einagrafic\"},\"sameAs\":[\"https:\/\/www.franquiciescat.org\"],\"url\":\"https:\/\/www.franquiciescat.org\/es\/author\/einagrafic\/\"}]}<\/script>\n<!-- \/ Yoast SEO plugin. -->","yoast_head_json":{"title":"FranquiShop Barcelona - Asociaci\u00f3n de Franqu\u00edcias de Catalunya","robots":{"index":"index","follow":"follow","max-snippet":"max-snippet:-1","max-image-preview":"max-image-preview:large","max-video-preview":"max-video-preview:-1"},"canonical":"https:\/\/www.franquiciescat.org\/franquishop-barcelona\/","og_locale":"es_ES","og_type":"article","og_title":"FranquiShop Barcelona - Asociaci\u00f3n de Franqu\u00edcias de Catalunya","og_description":"La feria se celebrar\u00e1 presencialmente el jueves 24 de marzo, de 9:30 a 18 horas. Las asociaciones espa\u00f1ola y catalana de franquicias estar\u00e1n asesorando a los emprendedores en FranquiShop Barcelona La Asociaci\u00f3n Espa\u00f1ola de Franquiciadores (AEF) y la Asociaci\u00f3n de Franquicias de Catalu\u00f1a (AFC) tambi\u00e9n estar\u00e1n apoyando a los socios que expondr\u00e1n en la feria: [&hellip;]","og_url":"https:\/\/www.franquiciescat.org\/franquishop-barcelona\/","og_site_name":"Asociaci\u00f3n de Franqu\u00edcias de Catalunya","article_published_time":"2022-03-22T08:29:43+00:00","og_image":[{"url":"https:\/\/www.franquiciescat.org\/wp-content\/uploads\/2023\/06\/fotofranquishopbarcelona-1783288-300x151.jpg","type":"","width":"","height":""}],"author":"Einagrafic","twitter_card":"summary_large_image","twitter_misc":{"Escrito por":"Einagrafic","Tiempo de lectura":"3 minutos"},"schema":{"@context":"https:\/\/schema.org","@graph":[{"@type":"Article","@id":"https:\/\/www.franquiciescat.org\/franquishop-barcelona\/#article","isPartOf":{"@id":"https:\/\/www.franquiciescat.org\/franquishop-barcelona\/"},"author":{"name":"Einagrafic","@id":"https:\/\/www.franquiciescat.org\/#\/schema\/person\/f7cfeca2687a2d216942148b0f430be5"},"headline":"FranquiShop Barcelona","datePublished":"2022-03-22T08:29:43+00:00","mainEntityOfPage":{"@id":"https:\/\/www.franquiciescat.org\/franquishop-barcelona\/"},"wordCount":594,"commentCount":0,"publisher":{"@id":"https:\/\/www.franquiciescat.org\/#organization"},"image":{"@id":"https:\/\/www.franquiciescat.org\/franquishop-barcelona\/#primaryimage"},"thumbnailUrl":"https:\/\/www.franquiciescat.org\/wp-content\/uploads\/2023\/06\/fotofranquishopbarcelona-1783288.jpg","articleSection":["Noticias"],"inLanguage":"es"},{"@type":"WebPage","@id":"https:\/\/www.franquiciescat.org\/franquishop-barcelona\/","url":"https:\/\/www.franquiciescat.org\/franquishop-barcelona\/","name":"FranquiShop Barcelona - Asociaci\u00f3n de Franqu\u00edcias de Catalunya","isPartOf":{"@id":"https:\/\/www.franquiciescat.org\/#website"},"primaryImageOfPage":{"@id":"https:\/\/www.franquiciescat.org\/franquishop-barcelona\/#primaryimage"},"image":{"@id":"https:\/\/www.franquiciescat.org\/franquishop-barcelona\/#primaryimage"},"thumbnailUrl":"https:\/\/www.franquiciescat.org\/wp-content\/uploads\/2023\/06\/fotofranquishopbarcelona-1783288.jpg","datePublished":"2022-03-22T08:29:43+00:00","breadcrumb":{"@id":"https:\/\/www.franquiciescat.org\/franquishop-barcelona\/#breadcrumb"},"inLanguage":"es","potentialAction":[{"@type":"ReadAction","target":["https:\/\/www.franquiciescat.org\/franquishop-barcelona\/"]}]},{"@type":"ImageObject","inLanguage":"es","@id":"https:\/\/www.franquiciescat.org\/franquishop-barcelona\/#primaryimage","url":"https:\/\/www.franquiciescat.org\/wp-content\/uploads\/2023\/06\/fotofranquishopbarcelona-1783288.jpg","contentUrl":"https:\/\/www.franquiciescat.org\/wp-content\/uploads\/2023\/06\/fotofranquishopbarcelona-1783288.jpg","width":1100,"height":555},{"@type":"BreadcrumbList","@id":"https:\/\/www.franquiciescat.org\/franquishop-barcelona\/#breadcrumb","itemListElement":[{"@type":"ListItem","position":1,"name":"Inici","item":"https:\/\/www.franquiciescat.org\/"},{"@type":"ListItem","position":2,"name":"FranquiShop Barcelona"}]},{"@type":"WebSite","@id":"https:\/\/www.franquiciescat.org\/#website","url":"https:\/\/www.franquiciescat.org\/","name":"Associaci\u00f3 de Franqu\u00edcies de Catalunya","description":"Asociaci\u00f3n de Franqu\u00edcias de Catalunya","publisher":{"@id":"https:\/\/www.franquiciescat.org\/#organization"},"potentialAction":[{"@type":"SearchAction","target":{"@type":"EntryPoint","urlTemplate":"https:\/\/www.franquiciescat.org\/?s={search_term_string}"},"query-input":{"@type":"PropertyValueSpecification","valueRequired":true,"valueName":"search_term_string"}}],"inLanguage":"es"},{"@type":"Organization","@id":"https:\/\/www.franquiciescat.org\/#organization","name":"Associaci\u00f3 de Franqu\u00edcies de Catalunya","url":"https:\/\/www.franquiciescat.org\/","logo":{"@type":"ImageObject","inLanguage":"es","@id":"https:\/\/www.franquiciescat.org\/#\/schema\/logo\/image\/","url":"https:\/\/www.franquiciescat.org\/wp-content\/uploads\/2023\/05\/logo-afc.png","contentUrl":"https:\/\/www.franquiciescat.org\/wp-content\/uploads\/2023\/05\/logo-afc.png","width":640,"height":171,"caption":"Associaci\u00f3 de Franqu\u00edcies de Catalunya"},"image":{"@id":"https:\/\/www.franquiciescat.org\/#\/schema\/logo\/image\/"}},{"@type":"Person","@id":"https:\/\/www.franquiciescat.org\/#\/schema\/person\/f7cfeca2687a2d216942148b0f430be5","name":"Einagrafic","image":{"@type":"ImageObject","inLanguage":"es","@id":"https:\/\/www.franquiciescat.org\/#\/schema\/person\/image\/","url":"https:\/\/secure.gravatar.com\/avatar\/cc75d3f0c33e859c04998660c0362167519e435366e0967a9b01a7c511c82ae4?s=96&d=mm&r=g","contentUrl":"https:\/\/secure.gravatar.com\/avatar\/cc75d3f0c33e859c04998660c0362167519e435366e0967a9b01a7c511c82ae4?s=96&d=mm&r=g","caption":"Einagrafic"},"sameAs":["https:\/\/www.franquiciescat.org"],"url":"https:\/\/www.franquiciescat.org\/es\/author\/einagrafic\/"}]}},"_links":{"self":[{"href":"https:\/\/www.franquiciescat.org\/es\/wp-json\/wp\/v2\/posts\/3024","targetHints":{"allow":["GET"]}}],"collection":[{"href":"https:\/\/www.franquiciescat.org\/es\/wp-json\/wp\/v2\/posts"}],"about":[{"href":"https:\/\/www.franquiciescat.org\/es\/wp-json\/wp\/v2\/types\/post"}],"author":[{"embeddable":true,"href":"https:\/\/www.franquiciescat.org\/es\/wp-json\/wp\/v2\/users\/1"}],"replies":[{"embeddable":true,"href":"https:\/\/www.franquiciescat.org\/es\/wp-json\/wp\/v2\/comments?post=3024"}],"version-history":[{"count":0,"href":"https:\/\/www.franquiciescat.org\/es\/wp-json\/wp\/v2\/posts\/3024\/revisions"}],"wp:featuredmedia":[{"embeddable":true,"href":"https:\/\/www.franquiciescat.org\/es\/wp-json\/wp\/v2\/media\/2573"}],"wp:attachment":[{"href":"https:\/\/www.franquiciescat.org\/es\/wp-json\/wp\/v2\/media?parent=3024"}],"wp:term":[{"taxonomy":"category","embeddable":true,"href":"https:\/\/www.franquiciescat.org\/es\/wp-json\/wp\/v2\/categories?post=3024"},{"taxonomy":"post_tag","embeddable":true,"href":"https:\/\/www.franquiciescat.org\/es\/wp-json\/wp\/v2\/tags?post=3024"}],"curies":[{"name":"wp","href":"https:\/\/api.w.org\/{rel}","templated":true}]}}