{"id":3025,"date":"2022-03-04T08:38:30","date_gmt":"2022-03-04T08:38:30","guid":{"rendered":"https:\/\/www.franquiciescat.org\/jornada-ma\/"},"modified":"2022-03-04T08:38:30","modified_gmt":"2022-03-04T08:38:30","slug":"jornada-ma","status":"publish","type":"post","link":"https:\/\/www.franquiciescat.org\/es\/jornada-ma\/","title":{"rendered":"Jornada M&amp;A"},"content":{"rendered":"<p class=\"summary\">El Private Equity como socio empresarial. Apoyo al crecimiento del negocio e intervenci\u00f3n en procesos de venta<\/p>\n<p><img fetchpriority=\"high\" decoding=\"async\" class=\"alignnone wp-image-1694\" src=\"https:\/\/www.franquiciescat.org\/wp-content\/uploads\/2023\/06\/fieldfisher-logo-1762895-300x163.png\" alt=\"\" width=\"519\" height=\"282\" srcset=\"https:\/\/www.franquiciescat.org\/wp-content\/uploads\/2023\/06\/fieldfisher-logo-1762895-300x163.png 300w, https:\/\/www.franquiciescat.org\/wp-content\/uploads\/2023\/06\/fieldfisher-logo-1762895-768x417.png 768w, https:\/\/www.franquiciescat.org\/wp-content\/uploads\/2023\/06\/fieldfisher-logo-1762895.png 920w\" sizes=\"(max-width: 519px) 100vw, 519px\" \/><\/p>\n<div class=\"text content-block\">\n<h2><strong>SAVE THE DATE<\/strong><\/h2>\n<h2><strong>Fecha: Martes, 15 de marzo de 2022<br \/>\nHora: De 9.00h a 12.30h<br \/>\nLugar: Hotel Majestic (Passeig de Gr\u00e0cia, 68). BARCELONA. BARCELONA.<\/strong><\/h2>\n<p><strong><a href=\"https:\/\/www.google.com\/maps\/dir\/\/hotel+majestic\/data=!4m6!4m5!1m1!4e2!1m2!1m1!1s0x12a4a3dd8499217b:0x384a49ec73e57659?sa=X&amp;ved=2ahUKEwj9j9LS2ZX2AhWfgP0HHdS5APYQ9Rd6BAgzEAQ\">C\u00f3mo llegar<\/a><\/strong><\/p>\n<p>Tras un periodo de incertidumbre en las operaciones de M&amp;A, debido a la pandemia, la actividad en este sector se ha reactivado en los \u00faltimos meses. Los Private Equity tienen liquidez para invertir en compa\u00f1\u00edas y proyectos empresariales, y eso ha devuelto la alegr\u00eda al mercado.<\/p>\n<p>En esta Jornada organizada por <strong>Fieldfisher,<\/strong>, trataremos de profundizar, de una forma muy pr\u00e1ctica e ilustrativa, en las alternativas que tienen los empresarios, especialmente las empresas familiares, bien de conjugar el crecimiento o el desarrollo de un plan de expansi\u00f3n, valorar la adquisici\u00f3n de otra compa\u00f1\u00eda, o incluso dar salida a la empresa en caso de falta de sucesi\u00f3n empresarial, todo ello con la intervenci\u00f3n de un fondo de inversi\u00f3n, valorando igualmente la opci\u00f3n de financiaci\u00f3n bancaria en funci\u00f3n del proyecto de que se trate.<\/p>\n<p>Estas cuestiones se debatir\u00e1n en las dos mesas redondas que, organizadas por Fieldfisher, tendr\u00e1n lugar el pr\u00f3ximo d\u00eda 15 de marzo, en el Hotel Majestic de Barcelona. Contaremos con la presencia de diversos PE, empresarios que han pasado por alguna de estas experiencias en el pasado y expertos en el mundo de la banca.<\/p>\n<p><a href=\"https:\/\/storage.pardot.com\/191272\/1646126241ydcYbHd6\/Jornada_M_A_Fieldfisher_15_de_marzo_online.jpg\"><strong>Descargar programa<\/strong><\/a><\/p>\n<hr>\n<p><a class=\"linkified open-external\" href=\"http:\/\/www1.jausaslegal.com\/e\/191272\/2022-03-01\/2flylp\/237023312?h=kgjzskzaGkSYT52GKoO-HiODqgpRoJhAI-ZjcERexy4\" target=\"_blank\" rel=\"noreferrer noopener\">Fieldfisher.es |<\/a> <a class=\"linkified open-external\" href=\"http:\/\/www1.jausaslegal.com\/emailPreference\/epc\/191272\/ZjxWtWI9IU7Ij3e49ijcZtpkUoQuRS8tyZf2HntshxU\/1eb6778d6c7c6ebfec638432ff08d08e000b8058e8daa262586aaf2a555d8131\/237023312\" target=\"_blank\" rel=\"noreferrer noopener\">Darse de baja <\/a><a class=\"linkified open-external\" href=\"http:\/\/www1.jausaslegal.com\/e\/191272\/login-login-aspx\/2flymm\/237023312?h=kgjzskzaGkSYT52GKoO-HiODqgpRoJhAI-ZjcERexy4\" target=\"_blank\" rel=\"noreferrer noopener\">| Preferencias<\/a><\/p>\n<p>&nbsp;<\/p>\n<table border=\"0\" width=\"100%\" cellspacing=\"0\" cellpadding=\"0\" align=\"center\">\n<tbody>\n<tr>\n<td width=\"20\"><\/td>\n<td align=\"left\" valign=\"top\"><strong>En virtud de lo establecido en la normativa de protecci\u00f3n de datos y de servicios de la sociedad de la informaci\u00f3n, le comunicamos que el responsable del tratamiento de sus datos personales es Fieldfisher, el nombre comercial de Jausas Legal y Tributario SLP, miembro de Fieldfisher Global, con domicilio en Paseo de Gracia n\u00ba103, Planta 7, 08008, Barcelona y tel\u00e9fono (+34) 93 415 00 88, que trata sus datos, entre otras finalidades, para el env\u00edo de comunicaciones comerciales con su consentimiento como base legal, el cual, puede revocar en cualquier momento. Si no desea seguir recibiendo nuestros correos electr\u00f3nicos, ind\u00edquenoslo enviando un e-mail detallando su solicitud a <a href=\"mailto:protecciondatos@fieldfisher.es\">protecciondatos@fieldfisher.es<\/a><\/strong><strong>. . Ampl\u00ede la informaci\u00f3n sobre el tratamiento de sus datos accediendo a nuestra Pol\u00edtica de privacidad en www.fieldfisher.es o haciendo clic <a href=\"http:\/\/www1.jausaslegal.com\/e\/191272\/politica-de-privacidad-\/2flymp\/237023312?h=kgjzskzaGkSYT52GKoO-HiODqgpRoJhAI-ZjcERexy4\">aqu\u00ed.<\/a><\/strong><strong>.<\/strong><\/p>\n<p><strong>En el supuesto que no desee recibir las referidas comunicaciones comerciales, por favor ind\u00edquenoslo haciendo clic en el siguiente enlace:<\/strong><\/p>\n<p><strong><a href=\"http:\/\/www1.jausaslegal.com\/unsubscribe\/u\/191272\/1eb6778d6c7c6ebfec638432ff08d08e000b8058e8daa262586aaf2a555d8131\/237023312\">Unsubscribe from this list<\/a> or <a href=\"http:\/\/www1.jausaslegal.com\/emailPreference\/e\/epc\/191272\/ZjxWtWI9IU7Ij3e49ijcZtpkUoQuRS8tyZf2HntshxU\/160\/1eb6778d6c7c6ebfec638432ff08d08e000b8058e8daa262586aaf2a555d8131\/237023312\">update subscription preferences<\/a><\/strong><\/p>\n<p><strong>Copyright \u00a9 *2022* *JAUSAS*, All rights reserved. Our mailing address is: <a href=\"mailto:info.spain@fieldfisher.es\">info.spain@fieldfisher.es<\/a><\/strong><\/td>\n<\/tr>\n<\/tbody>\n<\/table>\n<\/div>\n","protected":false},"excerpt":{"rendered":"<p>El Private Equity como socio empresarial. Apoyo al crecimiento del negocio e intervenci\u00f3n en procesos de venta SAVE THE DATE Fecha: Martes, 15 de marzo de 2022 Hora: De 9.00h a 12.30h Lugar: Hotel Majestic (Passeig de Gr\u00e0cia, 68). BARCELONA. BARCELONA. C\u00f3mo llegar Tras un periodo de incertidumbre en las operaciones de M&amp;A, debido a [&hellip;]<\/p>\n","protected":false},"author":1,"featured_media":2574,"comment_status":"open","ping_status":"open","sticky":false,"template":"","format":"standard","meta":{"footnotes":""},"categories":[72],"tags":[],"class_list":["post-3025","post","type-post","status-publish","format-standard","has-post-thumbnail","hentry","category-noticias"],"yoast_head":"<!-- This site is optimized with the Yoast SEO plugin v26.9 - https:\/\/yoast.com\/product\/yoast-seo-wordpress\/ -->\n<title>Jornada M&amp;A - Asociaci\u00f3n de Franqu\u00edcias de Catalunya<\/title>\n<meta name=\"robots\" content=\"index, follow, max-snippet:-1, max-image-preview:large, max-video-preview:-1\" \/>\n<link rel=\"canonical\" href=\"https:\/\/www.franquiciescat.org\/jornada-ma\/\" \/>\n<meta property=\"og:locale\" content=\"es_ES\" \/>\n<meta property=\"og:type\" content=\"article\" \/>\n<meta property=\"og:title\" content=\"Jornada M&amp;A - Asociaci\u00f3n de Franqu\u00edcias de Catalunya\" \/>\n<meta property=\"og:description\" content=\"El Private Equity como socio empresarial. Apoyo al crecimiento del negocio e intervenci\u00f3n en procesos de venta SAVE THE DATE Fecha: Martes, 15 de marzo de 2022 Hora: De 9.00h a 12.30h Lugar: Hotel Majestic (Passeig de Gr\u00e0cia, 68). BARCELONA. BARCELONA. C\u00f3mo llegar Tras un periodo de incertidumbre en las operaciones de M&amp;A, debido a [&hellip;]\" \/>\n<meta property=\"og:url\" content=\"https:\/\/www.franquiciescat.org\/jornada-ma\/\" \/>\n<meta property=\"og:site_name\" content=\"Asociaci\u00f3n de Franqu\u00edcias de Catalunya\" \/>\n<meta property=\"article:published_time\" content=\"2022-03-04T08:38:30+00:00\" \/>\n<meta property=\"og:image\" content=\"https:\/\/www.franquiciescat.org\/wp-content\/uploads\/2023\/06\/fieldfisher-logo-1762895-300x163.png\" \/>\n<meta name=\"author\" content=\"Einagrafic\" \/>\n<meta name=\"twitter:card\" content=\"summary_large_image\" \/>\n<meta name=\"twitter:label1\" content=\"Escrito por\" \/>\n\t<meta name=\"twitter:data1\" content=\"Einagrafic\" \/>\n\t<meta name=\"twitter:label2\" content=\"Tiempo de lectura\" \/>\n\t<meta name=\"twitter:data2\" content=\"2 minutos\" \/>\n<script type=\"application\/ld+json\" class=\"yoast-schema-graph\">{\"@context\":\"https:\/\/schema.org\",\"@graph\":[{\"@type\":\"Article\",\"@id\":\"https:\/\/www.franquiciescat.org\/jornada-ma\/#article\",\"isPartOf\":{\"@id\":\"https:\/\/www.franquiciescat.org\/jornada-ma\/\"},\"author\":{\"name\":\"Einagrafic\",\"@id\":\"https:\/\/www.franquiciescat.org\/#\/schema\/person\/f7cfeca2687a2d216942148b0f430be5\"},\"headline\":\"Jornada M&amp;A\",\"datePublished\":\"2022-03-04T08:38:30+00:00\",\"mainEntityOfPage\":{\"@id\":\"https:\/\/www.franquiciescat.org\/jornada-ma\/\"},\"wordCount\":435,\"commentCount\":0,\"publisher\":{\"@id\":\"https:\/\/www.franquiciescat.org\/#organization\"},\"image\":{\"@id\":\"https:\/\/www.franquiciescat.org\/jornada-ma\/#primaryimage\"},\"thumbnailUrl\":\"https:\/\/www.franquiciescat.org\/wp-content\/uploads\/2023\/06\/fieldfisher-logo-1762895.png\",\"articleSection\":[\"Noticias\"],\"inLanguage\":\"es\"},{\"@type\":\"WebPage\",\"@id\":\"https:\/\/www.franquiciescat.org\/jornada-ma\/\",\"url\":\"https:\/\/www.franquiciescat.org\/jornada-ma\/\",\"name\":\"Jornada M&amp;A - Asociaci\u00f3n de Franqu\u00edcias de Catalunya\",\"isPartOf\":{\"@id\":\"https:\/\/www.franquiciescat.org\/#website\"},\"primaryImageOfPage\":{\"@id\":\"https:\/\/www.franquiciescat.org\/jornada-ma\/#primaryimage\"},\"image\":{\"@id\":\"https:\/\/www.franquiciescat.org\/jornada-ma\/#primaryimage\"},\"thumbnailUrl\":\"https:\/\/www.franquiciescat.org\/wp-content\/uploads\/2023\/06\/fieldfisher-logo-1762895.png\",\"datePublished\":\"2022-03-04T08:38:30+00:00\",\"breadcrumb\":{\"@id\":\"https:\/\/www.franquiciescat.org\/jornada-ma\/#breadcrumb\"},\"inLanguage\":\"es\",\"potentialAction\":[{\"@type\":\"ReadAction\",\"target\":[\"https:\/\/www.franquiciescat.org\/jornada-ma\/\"]}]},{\"@type\":\"ImageObject\",\"inLanguage\":\"es\",\"@id\":\"https:\/\/www.franquiciescat.org\/jornada-ma\/#primaryimage\",\"url\":\"https:\/\/www.franquiciescat.org\/wp-content\/uploads\/2023\/06\/fieldfisher-logo-1762895.png\",\"contentUrl\":\"https:\/\/www.franquiciescat.org\/wp-content\/uploads\/2023\/06\/fieldfisher-logo-1762895.png\",\"width\":920,\"height\":500},{\"@type\":\"BreadcrumbList\",\"@id\":\"https:\/\/www.franquiciescat.org\/jornada-ma\/#breadcrumb\",\"itemListElement\":[{\"@type\":\"ListItem\",\"position\":1,\"name\":\"Inici\",\"item\":\"https:\/\/www.franquiciescat.org\/\"},{\"@type\":\"ListItem\",\"position\":2,\"name\":\"Jornada M&amp;A\"}]},{\"@type\":\"WebSite\",\"@id\":\"https:\/\/www.franquiciescat.org\/#website\",\"url\":\"https:\/\/www.franquiciescat.org\/\",\"name\":\"Associaci\u00f3 de Franqu\u00edcies de Catalunya\",\"description\":\"Asociaci\u00f3n de Franqu\u00edcias de Catalunya\",\"publisher\":{\"@id\":\"https:\/\/www.franquiciescat.org\/#organization\"},\"potentialAction\":[{\"@type\":\"SearchAction\",\"target\":{\"@type\":\"EntryPoint\",\"urlTemplate\":\"https:\/\/www.franquiciescat.org\/?s={search_term_string}\"},\"query-input\":{\"@type\":\"PropertyValueSpecification\",\"valueRequired\":true,\"valueName\":\"search_term_string\"}}],\"inLanguage\":\"es\"},{\"@type\":\"Organization\",\"@id\":\"https:\/\/www.franquiciescat.org\/#organization\",\"name\":\"Associaci\u00f3 de Franqu\u00edcies de Catalunya\",\"url\":\"https:\/\/www.franquiciescat.org\/\",\"logo\":{\"@type\":\"ImageObject\",\"inLanguage\":\"es\",\"@id\":\"https:\/\/www.franquiciescat.org\/#\/schema\/logo\/image\/\",\"url\":\"https:\/\/www.franquiciescat.org\/wp-content\/uploads\/2023\/05\/logo-afc.png\",\"contentUrl\":\"https:\/\/www.franquiciescat.org\/wp-content\/uploads\/2023\/05\/logo-afc.png\",\"width\":640,\"height\":171,\"caption\":\"Associaci\u00f3 de Franqu\u00edcies de Catalunya\"},\"image\":{\"@id\":\"https:\/\/www.franquiciescat.org\/#\/schema\/logo\/image\/\"}},{\"@type\":\"Person\",\"@id\":\"https:\/\/www.franquiciescat.org\/#\/schema\/person\/f7cfeca2687a2d216942148b0f430be5\",\"name\":\"Einagrafic\",\"image\":{\"@type\":\"ImageObject\",\"inLanguage\":\"es\",\"@id\":\"https:\/\/www.franquiciescat.org\/#\/schema\/person\/image\/\",\"url\":\"https:\/\/secure.gravatar.com\/avatar\/cc75d3f0c33e859c04998660c0362167519e435366e0967a9b01a7c511c82ae4?s=96&d=mm&r=g\",\"contentUrl\":\"https:\/\/secure.gravatar.com\/avatar\/cc75d3f0c33e859c04998660c0362167519e435366e0967a9b01a7c511c82ae4?s=96&d=mm&r=g\",\"caption\":\"Einagrafic\"},\"sameAs\":[\"https:\/\/www.franquiciescat.org\"],\"url\":\"https:\/\/www.franquiciescat.org\/es\/author\/einagrafic\/\"}]}<\/script>\n<!-- \/ Yoast SEO plugin. -->","yoast_head_json":{"title":"Jornada M&amp;A - Asociaci\u00f3n de Franqu\u00edcias de Catalunya","robots":{"index":"index","follow":"follow","max-snippet":"max-snippet:-1","max-image-preview":"max-image-preview:large","max-video-preview":"max-video-preview:-1"},"canonical":"https:\/\/www.franquiciescat.org\/jornada-ma\/","og_locale":"es_ES","og_type":"article","og_title":"Jornada M&amp;A - Asociaci\u00f3n de Franqu\u00edcias de Catalunya","og_description":"El Private Equity como socio empresarial. Apoyo al crecimiento del negocio e intervenci\u00f3n en procesos de venta SAVE THE DATE Fecha: Martes, 15 de marzo de 2022 Hora: De 9.00h a 12.30h Lugar: Hotel Majestic (Passeig de Gr\u00e0cia, 68). BARCELONA. BARCELONA. C\u00f3mo llegar Tras un periodo de incertidumbre en las operaciones de M&amp;A, debido a [&hellip;]","og_url":"https:\/\/www.franquiciescat.org\/jornada-ma\/","og_site_name":"Asociaci\u00f3n de Franqu\u00edcias de Catalunya","article_published_time":"2022-03-04T08:38:30+00:00","og_image":[{"url":"https:\/\/www.franquiciescat.org\/wp-content\/uploads\/2023\/06\/fieldfisher-logo-1762895-300x163.png","type":"","width":"","height":""}],"author":"Einagrafic","twitter_card":"summary_large_image","twitter_misc":{"Escrito por":"Einagrafic","Tiempo de lectura":"2 minutos"},"schema":{"@context":"https:\/\/schema.org","@graph":[{"@type":"Article","@id":"https:\/\/www.franquiciescat.org\/jornada-ma\/#article","isPartOf":{"@id":"https:\/\/www.franquiciescat.org\/jornada-ma\/"},"author":{"name":"Einagrafic","@id":"https:\/\/www.franquiciescat.org\/#\/schema\/person\/f7cfeca2687a2d216942148b0f430be5"},"headline":"Jornada M&amp;A","datePublished":"2022-03-04T08:38:30+00:00","mainEntityOfPage":{"@id":"https:\/\/www.franquiciescat.org\/jornada-ma\/"},"wordCount":435,"commentCount":0,"publisher":{"@id":"https:\/\/www.franquiciescat.org\/#organization"},"image":{"@id":"https:\/\/www.franquiciescat.org\/jornada-ma\/#primaryimage"},"thumbnailUrl":"https:\/\/www.franquiciescat.org\/wp-content\/uploads\/2023\/06\/fieldfisher-logo-1762895.png","articleSection":["Noticias"],"inLanguage":"es"},{"@type":"WebPage","@id":"https:\/\/www.franquiciescat.org\/jornada-ma\/","url":"https:\/\/www.franquiciescat.org\/jornada-ma\/","name":"Jornada M&amp;A - Asociaci\u00f3n de Franqu\u00edcias de Catalunya","isPartOf":{"@id":"https:\/\/www.franquiciescat.org\/#website"},"primaryImageOfPage":{"@id":"https:\/\/www.franquiciescat.org\/jornada-ma\/#primaryimage"},"image":{"@id":"https:\/\/www.franquiciescat.org\/jornada-ma\/#primaryimage"},"thumbnailUrl":"https:\/\/www.franquiciescat.org\/wp-content\/uploads\/2023\/06\/fieldfisher-logo-1762895.png","datePublished":"2022-03-04T08:38:30+00:00","breadcrumb":{"@id":"https:\/\/www.franquiciescat.org\/jornada-ma\/#breadcrumb"},"inLanguage":"es","potentialAction":[{"@type":"ReadAction","target":["https:\/\/www.franquiciescat.org\/jornada-ma\/"]}]},{"@type":"ImageObject","inLanguage":"es","@id":"https:\/\/www.franquiciescat.org\/jornada-ma\/#primaryimage","url":"https:\/\/www.franquiciescat.org\/wp-content\/uploads\/2023\/06\/fieldfisher-logo-1762895.png","contentUrl":"https:\/\/www.franquiciescat.org\/wp-content\/uploads\/2023\/06\/fieldfisher-logo-1762895.png","width":920,"height":500},{"@type":"BreadcrumbList","@id":"https:\/\/www.franquiciescat.org\/jornada-ma\/#breadcrumb","itemListElement":[{"@type":"ListItem","position":1,"name":"Inici","item":"https:\/\/www.franquiciescat.org\/"},{"@type":"ListItem","position":2,"name":"Jornada M&amp;A"}]},{"@type":"WebSite","@id":"https:\/\/www.franquiciescat.org\/#website","url":"https:\/\/www.franquiciescat.org\/","name":"Associaci\u00f3 de Franqu\u00edcies de Catalunya","description":"Asociaci\u00f3n de Franqu\u00edcias de Catalunya","publisher":{"@id":"https:\/\/www.franquiciescat.org\/#organization"},"potentialAction":[{"@type":"SearchAction","target":{"@type":"EntryPoint","urlTemplate":"https:\/\/www.franquiciescat.org\/?s={search_term_string}"},"query-input":{"@type":"PropertyValueSpecification","valueRequired":true,"valueName":"search_term_string"}}],"inLanguage":"es"},{"@type":"Organization","@id":"https:\/\/www.franquiciescat.org\/#organization","name":"Associaci\u00f3 de Franqu\u00edcies de Catalunya","url":"https:\/\/www.franquiciescat.org\/","logo":{"@type":"ImageObject","inLanguage":"es","@id":"https:\/\/www.franquiciescat.org\/#\/schema\/logo\/image\/","url":"https:\/\/www.franquiciescat.org\/wp-content\/uploads\/2023\/05\/logo-afc.png","contentUrl":"https:\/\/www.franquiciescat.org\/wp-content\/uploads\/2023\/05\/logo-afc.png","width":640,"height":171,"caption":"Associaci\u00f3 de Franqu\u00edcies de Catalunya"},"image":{"@id":"https:\/\/www.franquiciescat.org\/#\/schema\/logo\/image\/"}},{"@type":"Person","@id":"https:\/\/www.franquiciescat.org\/#\/schema\/person\/f7cfeca2687a2d216942148b0f430be5","name":"Einagrafic","image":{"@type":"ImageObject","inLanguage":"es","@id":"https:\/\/www.franquiciescat.org\/#\/schema\/person\/image\/","url":"https:\/\/secure.gravatar.com\/avatar\/cc75d3f0c33e859c04998660c0362167519e435366e0967a9b01a7c511c82ae4?s=96&d=mm&r=g","contentUrl":"https:\/\/secure.gravatar.com\/avatar\/cc75d3f0c33e859c04998660c0362167519e435366e0967a9b01a7c511c82ae4?s=96&d=mm&r=g","caption":"Einagrafic"},"sameAs":["https:\/\/www.franquiciescat.org"],"url":"https:\/\/www.franquiciescat.org\/es\/author\/einagrafic\/"}]}},"_links":{"self":[{"href":"https:\/\/www.franquiciescat.org\/es\/wp-json\/wp\/v2\/posts\/3025","targetHints":{"allow":["GET"]}}],"collection":[{"href":"https:\/\/www.franquiciescat.org\/es\/wp-json\/wp\/v2\/posts"}],"about":[{"href":"https:\/\/www.franquiciescat.org\/es\/wp-json\/wp\/v2\/types\/post"}],"author":[{"embeddable":true,"href":"https:\/\/www.franquiciescat.org\/es\/wp-json\/wp\/v2\/users\/1"}],"replies":[{"embeddable":true,"href":"https:\/\/www.franquiciescat.org\/es\/wp-json\/wp\/v2\/comments?post=3025"}],"version-history":[{"count":0,"href":"https:\/\/www.franquiciescat.org\/es\/wp-json\/wp\/v2\/posts\/3025\/revisions"}],"wp:featuredmedia":[{"embeddable":true,"href":"https:\/\/www.franquiciescat.org\/es\/wp-json\/wp\/v2\/media\/2574"}],"wp:attachment":[{"href":"https:\/\/www.franquiciescat.org\/es\/wp-json\/wp\/v2\/media?parent=3025"}],"wp:term":[{"taxonomy":"category","embeddable":true,"href":"https:\/\/www.franquiciescat.org\/es\/wp-json\/wp\/v2\/categories?post=3025"},{"taxonomy":"post_tag","embeddable":true,"href":"https:\/\/www.franquiciescat.org\/es\/wp-json\/wp\/v2\/tags?post=3025"}],"curies":[{"name":"wp","href":"https:\/\/api.w.org\/{rel}","templated":true}]}}