{"id":3133,"date":"2021-09-03T11:19:05","date_gmt":"2021-09-03T11:19:05","guid":{"rendered":"https:\/\/www.franquiciescat.org\/aqui-tu-reforma-preve-una-facturacion-de-35-millones-de-euros-en-2021\/"},"modified":"2021-09-03T11:19:05","modified_gmt":"2021-09-03T11:19:05","slug":"aqui-tu-reforma-preve-una-facturacion-de-35-millones-de-euros-en-2021","status":"publish","type":"post","link":"https:\/\/www.franquiciescat.org\/es\/aqui-tu-reforma-preve-una-facturacion-de-35-millones-de-euros-en-2021\/","title":{"rendered":"Aqu\u00ed tu Reforma prev\u00e9 una facturaci\u00f3n de 3,5 millones de euros en 2021"},"content":{"rendered":"<p class=\"summary\">La compa\u00f1\u00eda espera cerrar el a\u00f1o con 36 millones de euros en volumen de obras, duplicar\u00e1 el n\u00famero de franquicias a nivel nacional, pasando de 102 a 216 establecimientos y ampliar\u00e1 su plantilla hasta los 70 empleados.<\/p>\n<p><img fetchpriority=\"high\" decoding=\"async\" class=\"alignnone wp-image-1826\" src=\"https:\/\/www.franquiciescat.org\/wp-content\/uploads\/2023\/06\/235a1031-1643430-300x200.jpg\" alt=\"\" width=\"720\" height=\"480\" srcset=\"https:\/\/www.franquiciescat.org\/wp-content\/uploads\/2023\/06\/235a1031-1643430-300x200.jpg 300w, https:\/\/www.franquiciescat.org\/wp-content\/uploads\/2023\/06\/235a1031-1643430-1024x682.jpg 1024w, https:\/\/www.franquiciescat.org\/wp-content\/uploads\/2023\/06\/235a1031-1643430-768x512.jpg 768w, https:\/\/www.franquiciescat.org\/wp-content\/uploads\/2023\/06\/235a1031-1643430.jpg 1100w\" sizes=\"(max-width: 720px) 100vw, 720px\" \/><\/p>\n<p>&nbsp;<\/p>\n<p><strong>En 2021 se estima que el sector de la reforma y la rehabilitaci\u00f3n crecer\u00e1 por encima del 6%.<\/strong><\/p>\n<p><strong>Aqu\u00ed tu Reforma plantea la internacionalizaci\u00f3n de la actividad de la compa\u00f1\u00eda, tanto en pa\u00edses europeos como en Am\u00e9rica.<\/strong><\/p>\n<p><em><strong>Julio, 2021<\/strong>.<\/em> \u2013 <a href=\"https:\/\/www.aquitureforma.com\/\">Aqu\u00ed tu Reforma<\/a>, la primera compa\u00f1\u00eda espa\u00f1ola de franquicias de reformas <strong>prev\u00e9 una facturaci\u00f3n de 3,5 millones de euros en 2021, tres veces m\u00e1s que en 2020,<\/strong> cuando factur\u00f3 1,1 millones de euros. Adem\u00e1s, espera cerrar el a\u00f1o con <strong>36 millones de euros en volumen de obras<\/strong>, superando con creces <strong>los 9,2 millones de euros de 2020.<\/strong><\/p>\n<p><strong>Enric Aparici, director general de Aqu\u00ed tu Reforma<\/strong> destaca que \u201c<em>un 51% de las obras realizadas hasta el momento en 2021 son reformas integrales, un 37% de las mismas son semi integrales y el 12% restante son reformas de ba\u00f1os\u201d.<\/em> .<\/p>\n<p>El crecimiento de la compa\u00f1\u00eda tambi\u00e9n se ha visto reflejado en el <strong>n\u00famero de franquicias, pasando de 40 a 102 de 2019 a 2020. De cara a finales de 2021 calculan llegar a los 216 establecimientos<\/strong> repartidos entre las principales ciudades del territorio nacional. <em>\u201cA nivel de equipo tambi\u00e9n hemos crecido, pasando de 19 empleados en 2019 a 27 en 2020. <strong>En 2021 calculamos que la plantilla supere las 70 personas<\/strong>\u201d<\/em>, finaliza Aparici.<\/p>\n<p><strong>Crecimiento del sector de la reforma en 2021<\/strong><\/p>\n<p>De cara a finales de a\u00f1o, seg\u00fan datos del<a href=\"https:\/\/andimac.org\/\">\u00faltimo informe de la Asociaci\u00f3n Nacional de Distribuidores de Cer\u00e1mica y Materiales de Construcci\u00f3n<\/a> (Andimac) se estima que el <strong>sector de la reforma y la rehabilitaci\u00f3n crecer\u00e1 en torno al 6% y que el gasto medio en materiales de construcci\u00f3n e instalaci\u00f3n en los hogares de Espa\u00f1a oscilar\u00e1 sobre los 1.000 euros.<\/strong>. En este sentido, el volumen de negocio del sector llegar\u00e1 hasta los 19.000 millones de euros. Otras fuentes, como la <a href=\"https:\/\/www.anerr.es\/\">Asociaci\u00f3n Nacional de Empresarios de la Reforma y la Rehabilitaci\u00f3n<\/a> (ANERR) estiman un <strong>crecimiento por encima del 13%, alcanzando los 60.000 millones de euros. <\/strong><\/p>\n<p>De cara a <strong>finales de a\u00f1o en Espa\u00f1a se reformar\u00e1n alrededor de 1,5 millones de viviendas<\/strong>, es decir, m\u00e1s de un 5% del total a nivel nacional. <strong>Francisco Mor\u00e1n, CEO de Aqu\u00ed tu Reforma<\/strong> explica que <em>\u201ca d\u00eda de hoy, m\u00e1s del 80% del parque inmobiliario en Espa\u00f1a son inmuebles con m\u00e1s de 20 a\u00f1os y que requieren alg\u00fan tipo de reforma\u201d. <\/em><\/p>\n<p><strong>Oportunidades y retos del sector de la reforma<\/strong><\/p>\n<p>Mor\u00e1n destaca que, en 2021, el sector contar\u00e1 con multitud de oportunidades <em>\u201centre ellas, <strong>los fondos de reforma y rehabilitaci\u00f3n europea; el aumento del valor del hogar tras la pandemia; el aumento del inter\u00e9s por la eficiencia energ\u00e9tica y el parque de viviendas envejecido<\/strong><\/em>\u201d. Asimismo tambi\u00e9n se encontrar\u00e1 con varios retos como <em>\u201cla transformaci\u00f3n digital del sector; la profesionalizaci\u00f3n del sector y la colaboraci\u00f3n p\u00fablico-privada\u201d<\/em>. En este sentido, Aqu\u00ed tu Reforma aboga<\/p>\n<p><strong>Nuevos proyectos ATR 2021<\/strong><\/p>\n<p>Actualmente ATR cuenta con varios proyectos que se van a implementar a lo largo de 2021. Entre los m\u00e1s destacables, Mor\u00e1n habla de la <em>\u00ab<\/em> <strong><em>internacionalizaci\u00f3n de la actividad de la compa\u00f1\u00eda, tanto en pa\u00edses europeos como en Am\u00e9rica.<\/em><\/strong><em>. Uno de los primeros pa\u00edses en desembarcar podr\u00eda ser M\u00e9xico\u201d.<\/em>. Otro de los proyectos clave en 2021 es el de rehabilitaci\u00f3n de fachadas <em>\u201cHemos lanzado un proyecto \u00fanico en el que tramitaremos las <strong>ayudas a la rehabilitaci\u00f3n para las comunidades de vecinos<\/strong> y ofreceremos opciones de financiaci\u00f3n de hasta 10 a\u00f1os y 1 mill\u00f3n de euros a trav\u00e9s de nuestra plataforma AQU\u00cd Credit, que opera con diferentes bancos y entidades\u201d<\/em>, finalitza Mor\u00e1n.<\/p>\n<p>Por \u00faltimo, la compa\u00f1\u00eda de reformas va a ofrecer el primer CRM que gestiona toda la cadena de valor de la reforma, desde la captaci\u00f3n, pasando por las fases de presupuestaci\u00f3n y seguimiento de obra.<\/p>\n<p>&nbsp;<\/p>\n<p>&nbsp;<\/p>\n<p><strong>Sobre Aqu\u00ed tu Reforma<\/strong><\/p>\n<p>Aqu\u00ed tu Reforma es la marca l\u00edder de franquicias de reformas de viviendas, que tiene como objetivo principal mejorar el bienestar en las ciudades sostenibles, con las personas en el centro y la tecnolog\u00eda como eje vertebrador. a red cuenta con 130 franquicias, ubicadas en 50 ciudades de Espa\u00f1a. La compa\u00f1\u00eda se encarga de tramitar a trav\u00e9s de su plataforma AQU\u00cd Credit, la financiaci\u00f3n de reformas. La empresa, que inici\u00f3 su actividad en 2019, fue fundada por Francisco Mor\u00e1n y Enric Aparici.<\/p>\n<p>&nbsp;<\/p>\n<p style=\"text-align: center;\">Marga Ca\u00f1ellas \/ Laura Sali P\u00e9rez<br \/>\n+34 689 688 822 \/ + 34 667 656 269<br \/>\nDepartamento de Comunicaci\u00f3n<br \/>\n<a href=\"mailto:press@eozono.com\">marga@whiterabbit.es<\/a> \/ laura@whiterabbit.sit<\/p>\n<p>&nbsp;<\/p>\n","protected":false},"excerpt":{"rendered":"<p>La compa\u00f1\u00eda espera cerrar el a\u00f1o con 36 millones de euros en volumen de obras, duplicar\u00e1 el n\u00famero de franquicias a nivel nacional, pasando de 102 a 216 establecimientos y ampliar\u00e1 su plantilla hasta los 70 empleados. &nbsp; En 2021 se estima que el sector de la reforma y la rehabilitaci\u00f3n crecer\u00e1 por encima del [&hellip;]<\/p>\n","protected":false},"author":1,"featured_media":2605,"comment_status":"open","ping_status":"open","sticky":false,"template":"","format":"standard","meta":{"footnotes":""},"categories":[72],"tags":[],"class_list":["post-3133","post","type-post","status-publish","format-standard","has-post-thumbnail","hentry","category-noticias"],"yoast_head":"<!-- This site is optimized with the Yoast SEO plugin v26.9 - https:\/\/yoast.com\/product\/yoast-seo-wordpress\/ -->\n<title>Aqu\u00ed tu Reforma prev\u00e9 una facturaci\u00f3n de 3,5 millones de euros en 2021 - Asociaci\u00f3n de Franqu\u00edcias de Catalunya<\/title>\n<meta name=\"robots\" content=\"index, follow, max-snippet:-1, max-image-preview:large, max-video-preview:-1\" \/>\n<link rel=\"canonical\" href=\"https:\/\/www.franquiciescat.org\/aqui-tu-reforma-preve-una-facturacion-de-35-millones-de-euros-en-2021\/\" \/>\n<meta property=\"og:locale\" content=\"es_ES\" \/>\n<meta property=\"og:type\" content=\"article\" \/>\n<meta property=\"og:title\" content=\"Aqu\u00ed tu Reforma prev\u00e9 una facturaci\u00f3n de 3,5 millones de euros en 2021 - Asociaci\u00f3n de Franqu\u00edcias de Catalunya\" \/>\n<meta property=\"og:description\" content=\"La compa\u00f1\u00eda espera cerrar el a\u00f1o con 36 millones de euros en volumen de obras, duplicar\u00e1 el n\u00famero de franquicias a nivel nacional, pasando de 102 a 216 establecimientos y ampliar\u00e1 su plantilla hasta los 70 empleados. &nbsp; En 2021 se estima que el sector de la reforma y la rehabilitaci\u00f3n crecer\u00e1 por encima del [&hellip;]\" \/>\n<meta property=\"og:url\" content=\"https:\/\/www.franquiciescat.org\/aqui-tu-reforma-preve-una-facturacion-de-35-millones-de-euros-en-2021\/\" \/>\n<meta property=\"og:site_name\" content=\"Asociaci\u00f3n de Franqu\u00edcias de Catalunya\" \/>\n<meta property=\"article:published_time\" content=\"2021-09-03T11:19:05+00:00\" \/>\n<meta property=\"og:image\" content=\"https:\/\/www.franquiciescat.org\/wp-content\/uploads\/2023\/06\/235a1031-1643430-300x200.jpg\" \/>\n<meta name=\"author\" content=\"Einagrafic\" \/>\n<meta name=\"twitter:card\" content=\"summary_large_image\" \/>\n<meta name=\"twitter:label1\" content=\"Escrito por\" \/>\n\t<meta name=\"twitter:data1\" content=\"Einagrafic\" \/>\n\t<meta name=\"twitter:label2\" content=\"Tiempo de lectura\" \/>\n\t<meta name=\"twitter:data2\" content=\"4 minutos\" \/>\n<script type=\"application\/ld+json\" class=\"yoast-schema-graph\">{\"@context\":\"https:\/\/schema.org\",\"@graph\":[{\"@type\":\"Article\",\"@id\":\"https:\/\/www.franquiciescat.org\/aqui-tu-reforma-preve-una-facturacion-de-35-millones-de-euros-en-2021\/#article\",\"isPartOf\":{\"@id\":\"https:\/\/www.franquiciescat.org\/aqui-tu-reforma-preve-una-facturacion-de-35-millones-de-euros-en-2021\/\"},\"author\":{\"name\":\"Einagrafic\",\"@id\":\"https:\/\/www.franquiciescat.org\/#\/schema\/person\/f7cfeca2687a2d216942148b0f430be5\"},\"headline\":\"Aqu\u00ed tu Reforma prev\u00e9 una facturaci\u00f3n de 3,5 millones de euros en 2021\",\"datePublished\":\"2021-09-03T11:19:05+00:00\",\"mainEntityOfPage\":{\"@id\":\"https:\/\/www.franquiciescat.org\/aqui-tu-reforma-preve-una-facturacion-de-35-millones-de-euros-en-2021\/\"},\"wordCount\":797,\"commentCount\":0,\"publisher\":{\"@id\":\"https:\/\/www.franquiciescat.org\/#organization\"},\"image\":{\"@id\":\"https:\/\/www.franquiciescat.org\/aqui-tu-reforma-preve-una-facturacion-de-35-millones-de-euros-en-2021\/#primaryimage\"},\"thumbnailUrl\":\"https:\/\/www.franquiciescat.org\/wp-content\/uploads\/2023\/06\/235a1031-1643430.jpg\",\"articleSection\":[\"Noticias\"],\"inLanguage\":\"es\"},{\"@type\":\"WebPage\",\"@id\":\"https:\/\/www.franquiciescat.org\/aqui-tu-reforma-preve-una-facturacion-de-35-millones-de-euros-en-2021\/\",\"url\":\"https:\/\/www.franquiciescat.org\/aqui-tu-reforma-preve-una-facturacion-de-35-millones-de-euros-en-2021\/\",\"name\":\"Aqu\u00ed tu Reforma prev\u00e9 una facturaci\u00f3n de 3,5 millones de euros en 2021 - Asociaci\u00f3n de Franqu\u00edcias de Catalunya\",\"isPartOf\":{\"@id\":\"https:\/\/www.franquiciescat.org\/#website\"},\"primaryImageOfPage\":{\"@id\":\"https:\/\/www.franquiciescat.org\/aqui-tu-reforma-preve-una-facturacion-de-35-millones-de-euros-en-2021\/#primaryimage\"},\"image\":{\"@id\":\"https:\/\/www.franquiciescat.org\/aqui-tu-reforma-preve-una-facturacion-de-35-millones-de-euros-en-2021\/#primaryimage\"},\"thumbnailUrl\":\"https:\/\/www.franquiciescat.org\/wp-content\/uploads\/2023\/06\/235a1031-1643430.jpg\",\"datePublished\":\"2021-09-03T11:19:05+00:00\",\"breadcrumb\":{\"@id\":\"https:\/\/www.franquiciescat.org\/aqui-tu-reforma-preve-una-facturacion-de-35-millones-de-euros-en-2021\/#breadcrumb\"},\"inLanguage\":\"es\",\"potentialAction\":[{\"@type\":\"ReadAction\",\"target\":[\"https:\/\/www.franquiciescat.org\/aqui-tu-reforma-preve-una-facturacion-de-35-millones-de-euros-en-2021\/\"]}]},{\"@type\":\"ImageObject\",\"inLanguage\":\"es\",\"@id\":\"https:\/\/www.franquiciescat.org\/aqui-tu-reforma-preve-una-facturacion-de-35-millones-de-euros-en-2021\/#primaryimage\",\"url\":\"https:\/\/www.franquiciescat.org\/wp-content\/uploads\/2023\/06\/235a1031-1643430.jpg\",\"contentUrl\":\"https:\/\/www.franquiciescat.org\/wp-content\/uploads\/2023\/06\/235a1031-1643430.jpg\",\"width\":1100,\"height\":733},{\"@type\":\"BreadcrumbList\",\"@id\":\"https:\/\/www.franquiciescat.org\/aqui-tu-reforma-preve-una-facturacion-de-35-millones-de-euros-en-2021\/#breadcrumb\",\"itemListElement\":[{\"@type\":\"ListItem\",\"position\":1,\"name\":\"Inici\",\"item\":\"https:\/\/www.franquiciescat.org\/\"},{\"@type\":\"ListItem\",\"position\":2,\"name\":\"Aqu\u00ed tu Reforma prev\u00e9 una facturaci\u00f3n de 3,5 millones de euros en 2021\"}]},{\"@type\":\"WebSite\",\"@id\":\"https:\/\/www.franquiciescat.org\/#website\",\"url\":\"https:\/\/www.franquiciescat.org\/\",\"name\":\"Associaci\u00f3 de Franqu\u00edcies de Catalunya\",\"description\":\"Asociaci\u00f3n de Franqu\u00edcias de Catalunya\",\"publisher\":{\"@id\":\"https:\/\/www.franquiciescat.org\/#organization\"},\"potentialAction\":[{\"@type\":\"SearchAction\",\"target\":{\"@type\":\"EntryPoint\",\"urlTemplate\":\"https:\/\/www.franquiciescat.org\/?s={search_term_string}\"},\"query-input\":{\"@type\":\"PropertyValueSpecification\",\"valueRequired\":true,\"valueName\":\"search_term_string\"}}],\"inLanguage\":\"es\"},{\"@type\":\"Organization\",\"@id\":\"https:\/\/www.franquiciescat.org\/#organization\",\"name\":\"Associaci\u00f3 de Franqu\u00edcies de Catalunya\",\"url\":\"https:\/\/www.franquiciescat.org\/\",\"logo\":{\"@type\":\"ImageObject\",\"inLanguage\":\"es\",\"@id\":\"https:\/\/www.franquiciescat.org\/#\/schema\/logo\/image\/\",\"url\":\"https:\/\/www.franquiciescat.org\/wp-content\/uploads\/2023\/05\/logo-afc.png\",\"contentUrl\":\"https:\/\/www.franquiciescat.org\/wp-content\/uploads\/2023\/05\/logo-afc.png\",\"width\":640,\"height\":171,\"caption\":\"Associaci\u00f3 de Franqu\u00edcies de Catalunya\"},\"image\":{\"@id\":\"https:\/\/www.franquiciescat.org\/#\/schema\/logo\/image\/\"}},{\"@type\":\"Person\",\"@id\":\"https:\/\/www.franquiciescat.org\/#\/schema\/person\/f7cfeca2687a2d216942148b0f430be5\",\"name\":\"Einagrafic\",\"image\":{\"@type\":\"ImageObject\",\"inLanguage\":\"es\",\"@id\":\"https:\/\/www.franquiciescat.org\/#\/schema\/person\/image\/\",\"url\":\"https:\/\/secure.gravatar.com\/avatar\/cc75d3f0c33e859c04998660c0362167519e435366e0967a9b01a7c511c82ae4?s=96&d=mm&r=g\",\"contentUrl\":\"https:\/\/secure.gravatar.com\/avatar\/cc75d3f0c33e859c04998660c0362167519e435366e0967a9b01a7c511c82ae4?s=96&d=mm&r=g\",\"caption\":\"Einagrafic\"},\"sameAs\":[\"https:\/\/www.franquiciescat.org\"],\"url\":\"https:\/\/www.franquiciescat.org\/es\/author\/einagrafic\/\"}]}<\/script>\n<!-- \/ Yoast SEO plugin. -->","yoast_head_json":{"title":"Aqu\u00ed tu Reforma prev\u00e9 una facturaci\u00f3n de 3,5 millones de euros en 2021 - Asociaci\u00f3n de Franqu\u00edcias de Catalunya","robots":{"index":"index","follow":"follow","max-snippet":"max-snippet:-1","max-image-preview":"max-image-preview:large","max-video-preview":"max-video-preview:-1"},"canonical":"https:\/\/www.franquiciescat.org\/aqui-tu-reforma-preve-una-facturacion-de-35-millones-de-euros-en-2021\/","og_locale":"es_ES","og_type":"article","og_title":"Aqu\u00ed tu Reforma prev\u00e9 una facturaci\u00f3n de 3,5 millones de euros en 2021 - Asociaci\u00f3n de Franqu\u00edcias de Catalunya","og_description":"La compa\u00f1\u00eda espera cerrar el a\u00f1o con 36 millones de euros en volumen de obras, duplicar\u00e1 el n\u00famero de franquicias a nivel nacional, pasando de 102 a 216 establecimientos y ampliar\u00e1 su plantilla hasta los 70 empleados. &nbsp; En 2021 se estima que el sector de la reforma y la rehabilitaci\u00f3n crecer\u00e1 por encima del [&hellip;]","og_url":"https:\/\/www.franquiciescat.org\/aqui-tu-reforma-preve-una-facturacion-de-35-millones-de-euros-en-2021\/","og_site_name":"Asociaci\u00f3n de Franqu\u00edcias de Catalunya","article_published_time":"2021-09-03T11:19:05+00:00","og_image":[{"url":"https:\/\/www.franquiciescat.org\/wp-content\/uploads\/2023\/06\/235a1031-1643430-300x200.jpg","type":"","width":"","height":""}],"author":"Einagrafic","twitter_card":"summary_large_image","twitter_misc":{"Escrito por":"Einagrafic","Tiempo de lectura":"4 minutos"},"schema":{"@context":"https:\/\/schema.org","@graph":[{"@type":"Article","@id":"https:\/\/www.franquiciescat.org\/aqui-tu-reforma-preve-una-facturacion-de-35-millones-de-euros-en-2021\/#article","isPartOf":{"@id":"https:\/\/www.franquiciescat.org\/aqui-tu-reforma-preve-una-facturacion-de-35-millones-de-euros-en-2021\/"},"author":{"name":"Einagrafic","@id":"https:\/\/www.franquiciescat.org\/#\/schema\/person\/f7cfeca2687a2d216942148b0f430be5"},"headline":"Aqu\u00ed tu Reforma prev\u00e9 una facturaci\u00f3n de 3,5 millones de euros en 2021","datePublished":"2021-09-03T11:19:05+00:00","mainEntityOfPage":{"@id":"https:\/\/www.franquiciescat.org\/aqui-tu-reforma-preve-una-facturacion-de-35-millones-de-euros-en-2021\/"},"wordCount":797,"commentCount":0,"publisher":{"@id":"https:\/\/www.franquiciescat.org\/#organization"},"image":{"@id":"https:\/\/www.franquiciescat.org\/aqui-tu-reforma-preve-una-facturacion-de-35-millones-de-euros-en-2021\/#primaryimage"},"thumbnailUrl":"https:\/\/www.franquiciescat.org\/wp-content\/uploads\/2023\/06\/235a1031-1643430.jpg","articleSection":["Noticias"],"inLanguage":"es"},{"@type":"WebPage","@id":"https:\/\/www.franquiciescat.org\/aqui-tu-reforma-preve-una-facturacion-de-35-millones-de-euros-en-2021\/","url":"https:\/\/www.franquiciescat.org\/aqui-tu-reforma-preve-una-facturacion-de-35-millones-de-euros-en-2021\/","name":"Aqu\u00ed tu Reforma prev\u00e9 una facturaci\u00f3n de 3,5 millones de euros en 2021 - Asociaci\u00f3n de Franqu\u00edcias de Catalunya","isPartOf":{"@id":"https:\/\/www.franquiciescat.org\/#website"},"primaryImageOfPage":{"@id":"https:\/\/www.franquiciescat.org\/aqui-tu-reforma-preve-una-facturacion-de-35-millones-de-euros-en-2021\/#primaryimage"},"image":{"@id":"https:\/\/www.franquiciescat.org\/aqui-tu-reforma-preve-una-facturacion-de-35-millones-de-euros-en-2021\/#primaryimage"},"thumbnailUrl":"https:\/\/www.franquiciescat.org\/wp-content\/uploads\/2023\/06\/235a1031-1643430.jpg","datePublished":"2021-09-03T11:19:05+00:00","breadcrumb":{"@id":"https:\/\/www.franquiciescat.org\/aqui-tu-reforma-preve-una-facturacion-de-35-millones-de-euros-en-2021\/#breadcrumb"},"inLanguage":"es","potentialAction":[{"@type":"ReadAction","target":["https:\/\/www.franquiciescat.org\/aqui-tu-reforma-preve-una-facturacion-de-35-millones-de-euros-en-2021\/"]}]},{"@type":"ImageObject","inLanguage":"es","@id":"https:\/\/www.franquiciescat.org\/aqui-tu-reforma-preve-una-facturacion-de-35-millones-de-euros-en-2021\/#primaryimage","url":"https:\/\/www.franquiciescat.org\/wp-content\/uploads\/2023\/06\/235a1031-1643430.jpg","contentUrl":"https:\/\/www.franquiciescat.org\/wp-content\/uploads\/2023\/06\/235a1031-1643430.jpg","width":1100,"height":733},{"@type":"BreadcrumbList","@id":"https:\/\/www.franquiciescat.org\/aqui-tu-reforma-preve-una-facturacion-de-35-millones-de-euros-en-2021\/#breadcrumb","itemListElement":[{"@type":"ListItem","position":1,"name":"Inici","item":"https:\/\/www.franquiciescat.org\/"},{"@type":"ListItem","position":2,"name":"Aqu\u00ed tu Reforma prev\u00e9 una facturaci\u00f3n de 3,5 millones de euros en 2021"}]},{"@type":"WebSite","@id":"https:\/\/www.franquiciescat.org\/#website","url":"https:\/\/www.franquiciescat.org\/","name":"Associaci\u00f3 de Franqu\u00edcies de Catalunya","description":"Asociaci\u00f3n de Franqu\u00edcias de Catalunya","publisher":{"@id":"https:\/\/www.franquiciescat.org\/#organization"},"potentialAction":[{"@type":"SearchAction","target":{"@type":"EntryPoint","urlTemplate":"https:\/\/www.franquiciescat.org\/?s={search_term_string}"},"query-input":{"@type":"PropertyValueSpecification","valueRequired":true,"valueName":"search_term_string"}}],"inLanguage":"es"},{"@type":"Organization","@id":"https:\/\/www.franquiciescat.org\/#organization","name":"Associaci\u00f3 de Franqu\u00edcies de Catalunya","url":"https:\/\/www.franquiciescat.org\/","logo":{"@type":"ImageObject","inLanguage":"es","@id":"https:\/\/www.franquiciescat.org\/#\/schema\/logo\/image\/","url":"https:\/\/www.franquiciescat.org\/wp-content\/uploads\/2023\/05\/logo-afc.png","contentUrl":"https:\/\/www.franquiciescat.org\/wp-content\/uploads\/2023\/05\/logo-afc.png","width":640,"height":171,"caption":"Associaci\u00f3 de Franqu\u00edcies de Catalunya"},"image":{"@id":"https:\/\/www.franquiciescat.org\/#\/schema\/logo\/image\/"}},{"@type":"Person","@id":"https:\/\/www.franquiciescat.org\/#\/schema\/person\/f7cfeca2687a2d216942148b0f430be5","name":"Einagrafic","image":{"@type":"ImageObject","inLanguage":"es","@id":"https:\/\/www.franquiciescat.org\/#\/schema\/person\/image\/","url":"https:\/\/secure.gravatar.com\/avatar\/cc75d3f0c33e859c04998660c0362167519e435366e0967a9b01a7c511c82ae4?s=96&d=mm&r=g","contentUrl":"https:\/\/secure.gravatar.com\/avatar\/cc75d3f0c33e859c04998660c0362167519e435366e0967a9b01a7c511c82ae4?s=96&d=mm&r=g","caption":"Einagrafic"},"sameAs":["https:\/\/www.franquiciescat.org"],"url":"https:\/\/www.franquiciescat.org\/es\/author\/einagrafic\/"}]}},"_links":{"self":[{"href":"https:\/\/www.franquiciescat.org\/es\/wp-json\/wp\/v2\/posts\/3133","targetHints":{"allow":["GET"]}}],"collection":[{"href":"https:\/\/www.franquiciescat.org\/es\/wp-json\/wp\/v2\/posts"}],"about":[{"href":"https:\/\/www.franquiciescat.org\/es\/wp-json\/wp\/v2\/types\/post"}],"author":[{"embeddable":true,"href":"https:\/\/www.franquiciescat.org\/es\/wp-json\/wp\/v2\/users\/1"}],"replies":[{"embeddable":true,"href":"https:\/\/www.franquiciescat.org\/es\/wp-json\/wp\/v2\/comments?post=3133"}],"version-history":[{"count":0,"href":"https:\/\/www.franquiciescat.org\/es\/wp-json\/wp\/v2\/posts\/3133\/revisions"}],"wp:featuredmedia":[{"embeddable":true,"href":"https:\/\/www.franquiciescat.org\/es\/wp-json\/wp\/v2\/media\/2605"}],"wp:attachment":[{"href":"https:\/\/www.franquiciescat.org\/es\/wp-json\/wp\/v2\/media?parent=3133"}],"wp:term":[{"taxonomy":"category","embeddable":true,"href":"https:\/\/www.franquiciescat.org\/es\/wp-json\/wp\/v2\/categories?post=3133"},{"taxonomy":"post_tag","embeddable":true,"href":"https:\/\/www.franquiciescat.org\/es\/wp-json\/wp\/v2\/tags?post=3133"}],"curies":[{"name":"wp","href":"https:\/\/api.w.org\/{rel}","templated":true}]}}