{"id":3134,"date":"2021-08-02T11:13:15","date_gmt":"2021-08-02T11:13:15","guid":{"rendered":"https:\/\/www.franquiciescat.org\/washnet-factory-firma-un-acuerdo-con-nieves-energia\/"},"modified":"2021-08-02T11:13:15","modified_gmt":"2021-08-02T11:13:15","slug":"washnet-factory-firma-un-acuerdo-con-nieves-energia","status":"publish","type":"post","link":"https:\/\/www.franquiciescat.org\/es\/washnet-factory-firma-un-acuerdo-con-nieves-energia\/","title":{"rendered":"Washnet Factory firma un acuerdo con Nieves Energ\u00eda"},"content":{"rendered":"<p class=\"summary\">Las dos compa\u00f1ias firman un acuerdo para la fabricaci\u00f3n de centros de lavado con placas solares.<\/p>\n<p><img fetchpriority=\"high\" decoding=\"async\" class=\"alignnone wp-image-1822\" src=\"https:\/\/www.franquiciescat.org\/wp-content\/uploads\/2023\/06\/a2bea223-ad6d-0c59-3434-61e93e865e02-1624756-300x225.jpg\" alt=\"\" width=\"865\" height=\"649\" srcset=\"https:\/\/www.franquiciescat.org\/wp-content\/uploads\/2023\/06\/a2bea223-ad6d-0c59-3434-61e93e865e02-1624756-300x225.jpg 300w, https:\/\/www.franquiciescat.org\/wp-content\/uploads\/2023\/06\/a2bea223-ad6d-0c59-3434-61e93e865e02-1624756-1024x768.jpg 1024w, https:\/\/www.franquiciescat.org\/wp-content\/uploads\/2023\/06\/a2bea223-ad6d-0c59-3434-61e93e865e02-1624756-768x576.jpg 768w, https:\/\/www.franquiciescat.org\/wp-content\/uploads\/2023\/06\/a2bea223-ad6d-0c59-3434-61e93e865e02-1624756-800x600.jpg 800w, https:\/\/www.franquiciescat.org\/wp-content\/uploads\/2023\/06\/a2bea223-ad6d-0c59-3434-61e93e865e02-1624756.jpg 1100w\" sizes=\"(max-width: 865px) 100vw, 865px\" \/><\/p>\n<p><strong>La compa\u00f1\u00eda, fabricante de centros de lavado, ha integrado la primera instalaci\u00f3n fotovoltaica en un centro de la red Elefante Azul, generando energ\u00eda que puede ser autoconsumida o vertida a la red.<\/strong><\/p>\n<p><strong>La instalaci\u00f3n se ha realizado sobre la superficie de la estructura del centro de lavado, cubriendo 73 m2 y estimando un ahorro del 78,35%, mediante una potencia instalada de 14,4 KWp, con lo que se espera una producci\u00f3n anual de 21,3 MWh.<\/strong><\/p>\n<p>&nbsp;<\/p>\n<div>\n<p><em><strong>Agosto, 2021<\/strong> \u2013 Washnet Factory, fabricante de centros de lavado perteneciente al holding <a href=\"https:\/\/whiterabbit.us9.list-manage.com\/track\/click?u=d0e7bccf021b1e37939260dba&amp;id=5b8ed4642a&amp;e=c9bc497f61\" target=\"_blank\" rel=\"noreferrer noopener\"><strong>Grupo Moure<\/strong><\/a><strong>,<\/strong> ha firmado un acuerdo con <a href=\"https:\/\/whiterabbit.us9.list-manage.com\/track\/click?u=d0e7bccf021b1e37939260dba&amp;id=27675bb199&amp;e=c9bc497f61\" target=\"_blank\" rel=\"noreferrer noopener\">Nieves Energ\u00eda<\/a> para <strong>implementar paneles solares en centros de lavado. <\/strong>La primera instalaci\u00f3n fotovoltaica se ha integrado en un centro de la red Elefante Azul, generando energ\u00eda que puede ser autoconsumida o vertida a la red. ste nuevo sistema permitir\u00e1 lograr un <strong>ahorro aproximado del 78,35%,<\/strong> mediante una potencia instalada de 14,4 KWp, con lo que se espera una producci\u00f3n anual de 21,3 MWh.<\/em><\/p>\n<p>\u201cPara esta instalaci\u00f3n se ha realizado una inversi\u00f3n de algo m\u00e1s de 12.000 \u20ac, con lo que el cliente tendr\u00e1 un retorno de la inversi\u00f3n de poco m\u00e1s de 6 a\u00f1os\u201d, explica <strong>Marcos Moure, propietario y fundador<\/strong> <strong>de Grupo Moure<\/strong>, holding fundado en 1996 con presencia en el sector energ\u00e9tico y carwash, entre otros que, adem\u00e1s de Washnet Factory, engloba las empresas <a href=\"https:\/\/whiterabbit.us9.list-manage.com\/track\/click?u=d0e7bccf021b1e37939260dba&amp;id=a106fb7044&amp;e=c9bc497f61\" target=\"_blank\" rel=\"noreferrer noopener\">Elefante Azul<\/a>, <a href=\"https:\/\/whiterabbit.us9.list-manage.com\/track\/click?u=d0e7bccf021b1e37939260dba&amp;id=afcf41844c&amp;e=c9bc497f61\" target=\"_blank\" rel=\"noreferrer noopener\">Autonetoil,<\/a> <a href=\"https:\/\/whiterabbit.us9.list-manage.com\/track\/click?u=d0e7bccf021b1e37939260dba&amp;id=ab43e93eae&amp;e=c9bc497f61\" target=\"_blank\" rel=\"noreferrer noopener\">Petronet<\/a>.<\/p>\n<p>Este proyecto, pionero en centros de lavado, se ha realizado en colaboraci\u00f3n con el Grupo <strong>Nieves Energia<\/strong>, grupo energ\u00e9tico fundado en 1991 con m\u00e1s de 25 a\u00f1os de experiencia en el sector. Su identidad est\u00e1 marcada por un alto nivel de servicio y una atenci\u00f3n personalizada.<\/p>\n<p>Los establecimientos de <strong>Ma\u00f3 i Ciutadella<\/strong> en Menorca (Baleares) han sido los primeros en incorporar este nuevo sistema, \u201calcanzando un <strong>ahorro de 11.396Kw al a\u00f1o\u201d<\/strong> indica Moure. A esto a\u00f1ade que, \u201cprogresivamente iremos implementando el proyecto en el resto de los establecimientos a nivel nacional\u201d.<\/p>\n<\/div>\n<div><\/div>\n<div><em>Hasta el momento, Grupo Moure ya implementaba <strong>procesos y productos para reducir la contaminaci\u00f3n,<\/strong> como la utilizaci\u00f3n de jab\u00f3n biodegradable en los centros de lavado, y sistemas de recuperaci\u00f3n de gases y doble filtraci\u00f3n en estaciones de servicio. En este sentido, \u201ccomo grupo nos adaptamos 100% a las nuevas necesidades. Nuestro compromiso con el medio ambiente da un paso m\u00e1s con este tipo de instalaciones\u201d, destaca Moure.<\/em><\/div>\n<div><\/div>\n<div>\n<p><em>\u00abSabemos que es un proceso largo que <strong>requiere de un gran compromiso y<\/strong> con todo nuestro equipo estamos dispuestos a invertir tiempo y recursos para contribuir con la sostenibilidad medioambiental\u201d, finaliza Moure.<\/em><\/p>\n<p><strong>Sobre Grupo Moure<\/strong><\/p>\n<p><a href=\"https:\/\/whiterabbit.us9.list-manage.com\/track\/click?u=d0e7bccf021b1e37939260dba&amp;id=ad60c0c218&amp;e=c9bc497f61\" target=\"_blank\" rel=\"noreferrer noopener\">Grupo Moure<\/a> es un holding fundado en 1996 con presencia en el sector energ\u00e9tico y carwash, entre otros, que engloba las empresas <a href=\"https:\/\/whiterabbit.us9.list-manage.com\/track\/click?u=d0e7bccf021b1e37939260dba&amp;id=8d33604841&amp;e=c9bc497f61\" target=\"_blank\" rel=\"noreferrer noopener\">Elefante Azul<\/a>, <a href=\"https:\/\/whiterabbit.us9.list-manage.com\/track\/click?u=d0e7bccf021b1e37939260dba&amp;id=d855c7557e&amp;e=c9bc497f61\" target=\"_blank\" rel=\"noreferrer noopener\">Autonetoil<\/a>, <a href=\"https:\/\/whiterabbit.us9.list-manage.com\/track\/click?u=d0e7bccf021b1e37939260dba&amp;id=3c9fac7b4a&amp;e=c9bc497f61\" target=\"_blank\" rel=\"noreferrer noopener\">Petronet<\/a> y Washnet Factory. <strong>Elefante Azul<\/strong>, con m\u00e1s de 30 a\u00f1os de experiencia en el sector, es la primera empresa europea pionera en el lavado de coches a alta presi\u00f3n, garantizando la mayor eficacia gracias a sus sistemas exclusivos, f\u00e1ciles y flexibles para el cliente; <strong>Autonetoil<\/strong> es una red de gasolineras \u2018Quality Low Cost\u2019 que cuenta con 14 centros a nivel nacional; <strong>Petronet <\/strong> es<strong> <\/strong>distribuidora n\u00ba 1 en Espa\u00f1a de piezas de carwash y, finalmente, <strong>Washnet Factory<\/strong>, est\u00e1 especializada en la fabricaci\u00f3n e instalaci\u00f3n de centros de lavado.<\/p>\n<p><strong>Si te interesa tener m\u00e1s informaci\u00f3n sobre Grupo Moure, solicitar disponibilidad para concertar entrevista con alguno de sus portavoces o tienes cualquier consulta relacionada con la empresa, no dudes en ponerte en contacto con nosotros.<\/strong><\/p>\n<p style=\"text-align: center;\">Marga Ca\u00f1ellas \/ Laura Sali P\u00e9rez<br \/>\n+ 34 689 688 822 \/ + 34 667 656 269<br \/>\nDepartamento de Comunicaci\u00f3n<br \/>\n<a href=\"mailto:press@grupomoure.com\" target=\"_blank\" rel=\"noreferrer noopener\">press@grupomoure.com<\/a><br \/>\n<a href=\"https:\/\/whiterabbit.us9.list-manage.com\/track\/click?u=d0e7bccf021b1e37939260dba&amp;id=719ac95dab&amp;e=c9bc497f61\" target=\"_blank\" rel=\"noreferrer noopener\">https:\/\/grupomoure.com\/<\/a><\/p>\n<p>&nbsp;<\/p>\n<p><img decoding=\"async\" class=\"size-medium wp-image-1339 aligncenter\" src=\"https:\/\/www.franquiciescat.org\/wp-content\/uploads\/2023\/01\/grupomore-1992723-2-300x74.png\" alt=\"\" width=\"300\" height=\"74\" srcset=\"https:\/\/www.franquiciescat.org\/wp-content\/uploads\/2023\/01\/grupomore-1992723-2-300x74.png 300w, https:\/\/www.franquiciescat.org\/wp-content\/uploads\/2023\/01\/grupomore-1992723-2.png 346w\" sizes=\"(max-width: 300px) 100vw, 300px\" \/><\/p>\n<p><img decoding=\"async\" class=\"alignnone wp-image-1340 aligncenter\" src=\"https:\/\/www.franquiciescat.org\/wp-content\/uploads\/2023\/01\/logos-junts-elefante-azul-autonetoil-petronet-washnet-fact-300x38.png\" alt=\"\" width=\"545\" height=\"69\" srcset=\"https:\/\/www.franquiciescat.org\/wp-content\/uploads\/2023\/01\/logos-junts-elefante-azul-autonetoil-petronet-washnet-fact-300x38.png 300w, https:\/\/www.franquiciescat.org\/wp-content\/uploads\/2023\/01\/logos-junts-elefante-azul-autonetoil-petronet-washnet-fact.png 545w\" sizes=\"(max-width: 545px) 100vw, 545px\" \/><\/p>\n<\/div>\n","protected":false},"excerpt":{"rendered":"<p>Las dos compa\u00f1ias firman un acuerdo para la fabricaci\u00f3n de centros de lavado con placas solares. La compa\u00f1\u00eda, fabricante de centros de lavado, ha integrado la primera instalaci\u00f3n fotovoltaica en un centro de la red Elefante Azul, generando energ\u00eda que puede ser autoconsumida o vertida a la red. La instalaci\u00f3n se ha realizado sobre la [&hellip;]<\/p>\n","protected":false},"author":1,"featured_media":2604,"comment_status":"open","ping_status":"open","sticky":false,"template":"","format":"standard","meta":{"footnotes":""},"categories":[72],"tags":[],"class_list":["post-3134","post","type-post","status-publish","format-standard","has-post-thumbnail","hentry","category-noticias"],"yoast_head":"<!-- This site is optimized with the Yoast SEO plugin v26.9 - https:\/\/yoast.com\/product\/yoast-seo-wordpress\/ -->\n<title>Washnet Factory firma un acuerdo con Nieves Energ\u00eda - Asociaci\u00f3n de Franqu\u00edcias de Catalunya<\/title>\n<meta name=\"robots\" content=\"index, follow, max-snippet:-1, max-image-preview:large, max-video-preview:-1\" \/>\n<link rel=\"canonical\" href=\"https:\/\/www.franquiciescat.org\/washnet-factory-firma-un-acuerdo-con-nieves-energia\/\" \/>\n<meta property=\"og:locale\" content=\"es_ES\" \/>\n<meta property=\"og:type\" content=\"article\" \/>\n<meta property=\"og:title\" content=\"Washnet Factory firma un acuerdo con Nieves Energ\u00eda - Asociaci\u00f3n de Franqu\u00edcias de Catalunya\" \/>\n<meta property=\"og:description\" content=\"Las dos compa\u00f1ias firman un acuerdo para la fabricaci\u00f3n de centros de lavado con placas solares. La compa\u00f1\u00eda, fabricante de centros de lavado, ha integrado la primera instalaci\u00f3n fotovoltaica en un centro de la red Elefante Azul, generando energ\u00eda que puede ser autoconsumida o vertida a la red. La instalaci\u00f3n se ha realizado sobre la [&hellip;]\" \/>\n<meta property=\"og:url\" content=\"https:\/\/www.franquiciescat.org\/washnet-factory-firma-un-acuerdo-con-nieves-energia\/\" \/>\n<meta property=\"og:site_name\" content=\"Asociaci\u00f3n de Franqu\u00edcias de Catalunya\" \/>\n<meta property=\"article:published_time\" content=\"2021-08-02T11:13:15+00:00\" \/>\n<meta property=\"og:image\" content=\"https:\/\/www.franquiciescat.org\/wp-content\/uploads\/2023\/06\/a2bea223-ad6d-0c59-3434-61e93e865e02-1624756-300x225.jpg\" \/>\n<meta name=\"author\" content=\"Einagrafic\" \/>\n<meta name=\"twitter:card\" content=\"summary_large_image\" \/>\n<meta name=\"twitter:label1\" content=\"Escrito por\" \/>\n\t<meta name=\"twitter:data1\" content=\"Einagrafic\" \/>\n\t<meta name=\"twitter:label2\" content=\"Tiempo de lectura\" \/>\n\t<meta name=\"twitter:data2\" content=\"3 minutos\" \/>\n<script type=\"application\/ld+json\" class=\"yoast-schema-graph\">{\"@context\":\"https:\/\/schema.org\",\"@graph\":[{\"@type\":\"Article\",\"@id\":\"https:\/\/www.franquiciescat.org\/washnet-factory-firma-un-acuerdo-con-nieves-energia\/#article\",\"isPartOf\":{\"@id\":\"https:\/\/www.franquiciescat.org\/washnet-factory-firma-un-acuerdo-con-nieves-energia\/\"},\"author\":{\"name\":\"Einagrafic\",\"@id\":\"https:\/\/www.franquiciescat.org\/#\/schema\/person\/f7cfeca2687a2d216942148b0f430be5\"},\"headline\":\"Washnet Factory firma un acuerdo con Nieves Energ\u00eda\",\"datePublished\":\"2021-08-02T11:13:15+00:00\",\"mainEntityOfPage\":{\"@id\":\"https:\/\/www.franquiciescat.org\/washnet-factory-firma-un-acuerdo-con-nieves-energia\/\"},\"wordCount\":631,\"commentCount\":0,\"publisher\":{\"@id\":\"https:\/\/www.franquiciescat.org\/#organization\"},\"image\":{\"@id\":\"https:\/\/www.franquiciescat.org\/washnet-factory-firma-un-acuerdo-con-nieves-energia\/#primaryimage\"},\"thumbnailUrl\":\"https:\/\/www.franquiciescat.org\/wp-content\/uploads\/2023\/06\/a2bea223-ad6d-0c59-3434-61e93e865e02-1624756.jpg\",\"articleSection\":[\"Noticias\"],\"inLanguage\":\"es\"},{\"@type\":\"WebPage\",\"@id\":\"https:\/\/www.franquiciescat.org\/washnet-factory-firma-un-acuerdo-con-nieves-energia\/\",\"url\":\"https:\/\/www.franquiciescat.org\/washnet-factory-firma-un-acuerdo-con-nieves-energia\/\",\"name\":\"Washnet Factory firma un acuerdo con Nieves Energ\u00eda - Asociaci\u00f3n de Franqu\u00edcias de Catalunya\",\"isPartOf\":{\"@id\":\"https:\/\/www.franquiciescat.org\/#website\"},\"primaryImageOfPage\":{\"@id\":\"https:\/\/www.franquiciescat.org\/washnet-factory-firma-un-acuerdo-con-nieves-energia\/#primaryimage\"},\"image\":{\"@id\":\"https:\/\/www.franquiciescat.org\/washnet-factory-firma-un-acuerdo-con-nieves-energia\/#primaryimage\"},\"thumbnailUrl\":\"https:\/\/www.franquiciescat.org\/wp-content\/uploads\/2023\/06\/a2bea223-ad6d-0c59-3434-61e93e865e02-1624756.jpg\",\"datePublished\":\"2021-08-02T11:13:15+00:00\",\"breadcrumb\":{\"@id\":\"https:\/\/www.franquiciescat.org\/washnet-factory-firma-un-acuerdo-con-nieves-energia\/#breadcrumb\"},\"inLanguage\":\"es\",\"potentialAction\":[{\"@type\":\"ReadAction\",\"target\":[\"https:\/\/www.franquiciescat.org\/washnet-factory-firma-un-acuerdo-con-nieves-energia\/\"]}]},{\"@type\":\"ImageObject\",\"inLanguage\":\"es\",\"@id\":\"https:\/\/www.franquiciescat.org\/washnet-factory-firma-un-acuerdo-con-nieves-energia\/#primaryimage\",\"url\":\"https:\/\/www.franquiciescat.org\/wp-content\/uploads\/2023\/06\/a2bea223-ad6d-0c59-3434-61e93e865e02-1624756.jpg\",\"contentUrl\":\"https:\/\/www.franquiciescat.org\/wp-content\/uploads\/2023\/06\/a2bea223-ad6d-0c59-3434-61e93e865e02-1624756.jpg\",\"width\":1100,\"height\":825},{\"@type\":\"BreadcrumbList\",\"@id\":\"https:\/\/www.franquiciescat.org\/washnet-factory-firma-un-acuerdo-con-nieves-energia\/#breadcrumb\",\"itemListElement\":[{\"@type\":\"ListItem\",\"position\":1,\"name\":\"Inici\",\"item\":\"https:\/\/www.franquiciescat.org\/\"},{\"@type\":\"ListItem\",\"position\":2,\"name\":\"Washnet Factory firma un acuerdo con Nieves Energ\u00eda\"}]},{\"@type\":\"WebSite\",\"@id\":\"https:\/\/www.franquiciescat.org\/#website\",\"url\":\"https:\/\/www.franquiciescat.org\/\",\"name\":\"Associaci\u00f3 de Franqu\u00edcies de Catalunya\",\"description\":\"Asociaci\u00f3n de Franqu\u00edcias de Catalunya\",\"publisher\":{\"@id\":\"https:\/\/www.franquiciescat.org\/#organization\"},\"potentialAction\":[{\"@type\":\"SearchAction\",\"target\":{\"@type\":\"EntryPoint\",\"urlTemplate\":\"https:\/\/www.franquiciescat.org\/?s={search_term_string}\"},\"query-input\":{\"@type\":\"PropertyValueSpecification\",\"valueRequired\":true,\"valueName\":\"search_term_string\"}}],\"inLanguage\":\"es\"},{\"@type\":\"Organization\",\"@id\":\"https:\/\/www.franquiciescat.org\/#organization\",\"name\":\"Associaci\u00f3 de Franqu\u00edcies de Catalunya\",\"url\":\"https:\/\/www.franquiciescat.org\/\",\"logo\":{\"@type\":\"ImageObject\",\"inLanguage\":\"es\",\"@id\":\"https:\/\/www.franquiciescat.org\/#\/schema\/logo\/image\/\",\"url\":\"https:\/\/www.franquiciescat.org\/wp-content\/uploads\/2023\/05\/logo-afc.png\",\"contentUrl\":\"https:\/\/www.franquiciescat.org\/wp-content\/uploads\/2023\/05\/logo-afc.png\",\"width\":640,\"height\":171,\"caption\":\"Associaci\u00f3 de Franqu\u00edcies de Catalunya\"},\"image\":{\"@id\":\"https:\/\/www.franquiciescat.org\/#\/schema\/logo\/image\/\"}},{\"@type\":\"Person\",\"@id\":\"https:\/\/www.franquiciescat.org\/#\/schema\/person\/f7cfeca2687a2d216942148b0f430be5\",\"name\":\"Einagrafic\",\"image\":{\"@type\":\"ImageObject\",\"inLanguage\":\"es\",\"@id\":\"https:\/\/www.franquiciescat.org\/#\/schema\/person\/image\/\",\"url\":\"https:\/\/secure.gravatar.com\/avatar\/cc75d3f0c33e859c04998660c0362167519e435366e0967a9b01a7c511c82ae4?s=96&d=mm&r=g\",\"contentUrl\":\"https:\/\/secure.gravatar.com\/avatar\/cc75d3f0c33e859c04998660c0362167519e435366e0967a9b01a7c511c82ae4?s=96&d=mm&r=g\",\"caption\":\"Einagrafic\"},\"sameAs\":[\"https:\/\/www.franquiciescat.org\"],\"url\":\"https:\/\/www.franquiciescat.org\/es\/author\/einagrafic\/\"}]}<\/script>\n<!-- \/ Yoast SEO plugin. -->","yoast_head_json":{"title":"Washnet Factory firma un acuerdo con Nieves Energ\u00eda - Asociaci\u00f3n de Franqu\u00edcias de Catalunya","robots":{"index":"index","follow":"follow","max-snippet":"max-snippet:-1","max-image-preview":"max-image-preview:large","max-video-preview":"max-video-preview:-1"},"canonical":"https:\/\/www.franquiciescat.org\/washnet-factory-firma-un-acuerdo-con-nieves-energia\/","og_locale":"es_ES","og_type":"article","og_title":"Washnet Factory firma un acuerdo con Nieves Energ\u00eda - Asociaci\u00f3n de Franqu\u00edcias de Catalunya","og_description":"Las dos compa\u00f1ias firman un acuerdo para la fabricaci\u00f3n de centros de lavado con placas solares. La compa\u00f1\u00eda, fabricante de centros de lavado, ha integrado la primera instalaci\u00f3n fotovoltaica en un centro de la red Elefante Azul, generando energ\u00eda que puede ser autoconsumida o vertida a la red. La instalaci\u00f3n se ha realizado sobre la [&hellip;]","og_url":"https:\/\/www.franquiciescat.org\/washnet-factory-firma-un-acuerdo-con-nieves-energia\/","og_site_name":"Asociaci\u00f3n de Franqu\u00edcias de Catalunya","article_published_time":"2021-08-02T11:13:15+00:00","og_image":[{"url":"https:\/\/www.franquiciescat.org\/wp-content\/uploads\/2023\/06\/a2bea223-ad6d-0c59-3434-61e93e865e02-1624756-300x225.jpg","type":"","width":"","height":""}],"author":"Einagrafic","twitter_card":"summary_large_image","twitter_misc":{"Escrito por":"Einagrafic","Tiempo de lectura":"3 minutos"},"schema":{"@context":"https:\/\/schema.org","@graph":[{"@type":"Article","@id":"https:\/\/www.franquiciescat.org\/washnet-factory-firma-un-acuerdo-con-nieves-energia\/#article","isPartOf":{"@id":"https:\/\/www.franquiciescat.org\/washnet-factory-firma-un-acuerdo-con-nieves-energia\/"},"author":{"name":"Einagrafic","@id":"https:\/\/www.franquiciescat.org\/#\/schema\/person\/f7cfeca2687a2d216942148b0f430be5"},"headline":"Washnet Factory firma un acuerdo con Nieves Energ\u00eda","datePublished":"2021-08-02T11:13:15+00:00","mainEntityOfPage":{"@id":"https:\/\/www.franquiciescat.org\/washnet-factory-firma-un-acuerdo-con-nieves-energia\/"},"wordCount":631,"commentCount":0,"publisher":{"@id":"https:\/\/www.franquiciescat.org\/#organization"},"image":{"@id":"https:\/\/www.franquiciescat.org\/washnet-factory-firma-un-acuerdo-con-nieves-energia\/#primaryimage"},"thumbnailUrl":"https:\/\/www.franquiciescat.org\/wp-content\/uploads\/2023\/06\/a2bea223-ad6d-0c59-3434-61e93e865e02-1624756.jpg","articleSection":["Noticias"],"inLanguage":"es"},{"@type":"WebPage","@id":"https:\/\/www.franquiciescat.org\/washnet-factory-firma-un-acuerdo-con-nieves-energia\/","url":"https:\/\/www.franquiciescat.org\/washnet-factory-firma-un-acuerdo-con-nieves-energia\/","name":"Washnet Factory firma un acuerdo con Nieves Energ\u00eda - Asociaci\u00f3n de Franqu\u00edcias de Catalunya","isPartOf":{"@id":"https:\/\/www.franquiciescat.org\/#website"},"primaryImageOfPage":{"@id":"https:\/\/www.franquiciescat.org\/washnet-factory-firma-un-acuerdo-con-nieves-energia\/#primaryimage"},"image":{"@id":"https:\/\/www.franquiciescat.org\/washnet-factory-firma-un-acuerdo-con-nieves-energia\/#primaryimage"},"thumbnailUrl":"https:\/\/www.franquiciescat.org\/wp-content\/uploads\/2023\/06\/a2bea223-ad6d-0c59-3434-61e93e865e02-1624756.jpg","datePublished":"2021-08-02T11:13:15+00:00","breadcrumb":{"@id":"https:\/\/www.franquiciescat.org\/washnet-factory-firma-un-acuerdo-con-nieves-energia\/#breadcrumb"},"inLanguage":"es","potentialAction":[{"@type":"ReadAction","target":["https:\/\/www.franquiciescat.org\/washnet-factory-firma-un-acuerdo-con-nieves-energia\/"]}]},{"@type":"ImageObject","inLanguage":"es","@id":"https:\/\/www.franquiciescat.org\/washnet-factory-firma-un-acuerdo-con-nieves-energia\/#primaryimage","url":"https:\/\/www.franquiciescat.org\/wp-content\/uploads\/2023\/06\/a2bea223-ad6d-0c59-3434-61e93e865e02-1624756.jpg","contentUrl":"https:\/\/www.franquiciescat.org\/wp-content\/uploads\/2023\/06\/a2bea223-ad6d-0c59-3434-61e93e865e02-1624756.jpg","width":1100,"height":825},{"@type":"BreadcrumbList","@id":"https:\/\/www.franquiciescat.org\/washnet-factory-firma-un-acuerdo-con-nieves-energia\/#breadcrumb","itemListElement":[{"@type":"ListItem","position":1,"name":"Inici","item":"https:\/\/www.franquiciescat.org\/"},{"@type":"ListItem","position":2,"name":"Washnet Factory firma un acuerdo con Nieves Energ\u00eda"}]},{"@type":"WebSite","@id":"https:\/\/www.franquiciescat.org\/#website","url":"https:\/\/www.franquiciescat.org\/","name":"Associaci\u00f3 de Franqu\u00edcies de Catalunya","description":"Asociaci\u00f3n de Franqu\u00edcias de Catalunya","publisher":{"@id":"https:\/\/www.franquiciescat.org\/#organization"},"potentialAction":[{"@type":"SearchAction","target":{"@type":"EntryPoint","urlTemplate":"https:\/\/www.franquiciescat.org\/?s={search_term_string}"},"query-input":{"@type":"PropertyValueSpecification","valueRequired":true,"valueName":"search_term_string"}}],"inLanguage":"es"},{"@type":"Organization","@id":"https:\/\/www.franquiciescat.org\/#organization","name":"Associaci\u00f3 de Franqu\u00edcies de Catalunya","url":"https:\/\/www.franquiciescat.org\/","logo":{"@type":"ImageObject","inLanguage":"es","@id":"https:\/\/www.franquiciescat.org\/#\/schema\/logo\/image\/","url":"https:\/\/www.franquiciescat.org\/wp-content\/uploads\/2023\/05\/logo-afc.png","contentUrl":"https:\/\/www.franquiciescat.org\/wp-content\/uploads\/2023\/05\/logo-afc.png","width":640,"height":171,"caption":"Associaci\u00f3 de Franqu\u00edcies de Catalunya"},"image":{"@id":"https:\/\/www.franquiciescat.org\/#\/schema\/logo\/image\/"}},{"@type":"Person","@id":"https:\/\/www.franquiciescat.org\/#\/schema\/person\/f7cfeca2687a2d216942148b0f430be5","name":"Einagrafic","image":{"@type":"ImageObject","inLanguage":"es","@id":"https:\/\/www.franquiciescat.org\/#\/schema\/person\/image\/","url":"https:\/\/secure.gravatar.com\/avatar\/cc75d3f0c33e859c04998660c0362167519e435366e0967a9b01a7c511c82ae4?s=96&d=mm&r=g","contentUrl":"https:\/\/secure.gravatar.com\/avatar\/cc75d3f0c33e859c04998660c0362167519e435366e0967a9b01a7c511c82ae4?s=96&d=mm&r=g","caption":"Einagrafic"},"sameAs":["https:\/\/www.franquiciescat.org"],"url":"https:\/\/www.franquiciescat.org\/es\/author\/einagrafic\/"}]}},"_links":{"self":[{"href":"https:\/\/www.franquiciescat.org\/es\/wp-json\/wp\/v2\/posts\/3134","targetHints":{"allow":["GET"]}}],"collection":[{"href":"https:\/\/www.franquiciescat.org\/es\/wp-json\/wp\/v2\/posts"}],"about":[{"href":"https:\/\/www.franquiciescat.org\/es\/wp-json\/wp\/v2\/types\/post"}],"author":[{"embeddable":true,"href":"https:\/\/www.franquiciescat.org\/es\/wp-json\/wp\/v2\/users\/1"}],"replies":[{"embeddable":true,"href":"https:\/\/www.franquiciescat.org\/es\/wp-json\/wp\/v2\/comments?post=3134"}],"version-history":[{"count":0,"href":"https:\/\/www.franquiciescat.org\/es\/wp-json\/wp\/v2\/posts\/3134\/revisions"}],"wp:featuredmedia":[{"embeddable":true,"href":"https:\/\/www.franquiciescat.org\/es\/wp-json\/wp\/v2\/media\/2604"}],"wp:attachment":[{"href":"https:\/\/www.franquiciescat.org\/es\/wp-json\/wp\/v2\/media?parent=3134"}],"wp:term":[{"taxonomy":"category","embeddable":true,"href":"https:\/\/www.franquiciescat.org\/es\/wp-json\/wp\/v2\/categories?post=3134"},{"taxonomy":"post_tag","embeddable":true,"href":"https:\/\/www.franquiciescat.org\/es\/wp-json\/wp\/v2\/tags?post=3134"}],"curies":[{"name":"wp","href":"https:\/\/api.w.org\/{rel}","templated":true}]}}