{"id":3135,"date":"2021-07-05T11:09:37","date_gmt":"2021-07-05T11:09:37","guid":{"rendered":"https:\/\/www.franquiciescat.org\/la-reforma-de-las-pensiones-soluciones-para-empresas-y-trabajadores\/"},"modified":"2021-07-05T11:09:37","modified_gmt":"2021-07-05T11:09:37","slug":"la-reforma-de-las-pensiones-soluciones-para-empresas-y-trabajadores","status":"publish","type":"post","link":"https:\/\/www.franquiciescat.org\/es\/la-reforma-de-las-pensiones-soluciones-para-empresas-y-trabajadores\/","title":{"rendered":"La reforma de las pensiones: Soluciones para empresas y trabajadores"},"content":{"rendered":"<div class=\"content-block\">\n<p><img fetchpriority=\"high\" decoding=\"async\" class=\"alignnone wp-image-1816\" src=\"https:\/\/www.franquiciescat.org\/wp-content\/uploads\/2023\/06\/2021-07-05-12-30-20-1603249-300x191.jpg\" alt=\"\" width=\"415\" height=\"264\" srcset=\"https:\/\/www.franquiciescat.org\/wp-content\/uploads\/2023\/06\/2021-07-05-12-30-20-1603249-300x191.jpg 300w, https:\/\/www.franquiciescat.org\/wp-content\/uploads\/2023\/06\/2021-07-05-12-30-20-1603249-1024x653.jpg 1024w, https:\/\/www.franquiciescat.org\/wp-content\/uploads\/2023\/06\/2021-07-05-12-30-20-1603249-768x490.jpg 768w, https:\/\/www.franquiciescat.org\/wp-content\/uploads\/2023\/06\/2021-07-05-12-30-20-1603249.jpg 1100w\" sizes=\"(max-width: 415px) 100vw, 415px\" \/><\/p>\n<p class=\"summary\">Jornada informativa sobre las reformas de las pensiones, destinada a empresas y trabajadores. Jueves 8 de julio de 10 a 12 horas por Zoom.<\/p>\n<\/div>\n<div class=\"text content-block\">\n<p>En un momento clave en el actual proceso de reforma de las pensiones, en la presente jornada se tratar\u00e1 est\u00e1 cuesti\u00f3n desde diversas perspectivas, como la demogr\u00e1fica o la macroecon\u00f3mica, proponiendo soluciones para empresas y trabajadores.<\/p>\n<p>En especial se analizar\u00e1n mecanismos como los planes de pensiones de empleo o los compromisos por pensiones.<\/p>\n<p><strong>PROGRAMA<\/strong>:<\/p>\n<p><strong>10.00 h. Bienvenida y presentaci\u00f3n.<\/strong><\/p>\n<p><strong>Javier Ibars,<\/strong> Director del departamento de Relaciones Laborales y Asuntos Sociales de Foment del Treball.<\/p>\n<p><strong>10.05 h. Introduci\u00f3n al entorno macro y su evoluci\u00f3n, con el fin de contextualizar el porqu\u00e9 de la problem\u00e1tica del sistema de pensiones actual.<\/strong><\/p>\n<p><strong>Josep Soler, <\/strong>Consejero Delegado del Institut d\u2019Estudis Financers (IEF).<\/p>\n<p><strong>10.35 h. Concreci\u00f3n de la problem\u00e1tica actual de las pensiones. El impacto de las reformas.<\/strong><\/p>\n<p><strong>Javier Varea,<\/strong> Director de la C\u00e1tedra UB \u2013 Longevity Institute y del Observatorio de los Sistemas Europeos de Previsi\u00f3n Social.<\/p>\n<p><strong>11.05 h. Soluciones y alternativas que ofrece el mercado para empresas y trabajadores.<\/strong><\/p>\n<p><strong>Alfredo Hern\u00e1ndez, <\/strong>Director Territorial de Red Espec\u00edfica Vida, Salud y Gesti\u00f3n Patrimonial de Mapfre.<\/p>\n<p><strong>11.45 h. Debate.<\/strong><\/p>\n<p><strong>Modera; <\/strong><strong>Javier Ibars<\/strong>, director del departament de Relacions Laborals i Afers Socials de Foment del Treball.<\/p>\n<p>Esta jornada forma parte de los Planes de Formaci\u00f3n del \u00e1mbito de Catalu\u00f1a, dirigidos a la capacitaci\u00f3n para el desarrollo de las funciones relacionadas con el di\u00e1logo social y la negociaci\u00f3n colectiva. Expediente n\u00fam. TSF051\/19\/00005.<\/p>\n<p><a href=\"https:\/\/beeb0ca9fc774f889da478d85e69ce99.svc.dynamics.com\/t\/t\/I8KrIpFxlMRPx38s2xXHC8DedxHSLaZdKvVZ0elxGpUx\/4xA9GSz7UWevxl6m3xswRLbxa1YwIr6EfK1oVBxxvhox\">Enlace a la inscripci\u00f3n<\/a><\/p>\n<p><strong>Se enviar\u00e1 un correo electr\u00f3nico con el enlace para acceder a la reuni\u00f3n de Zoom el d\u00eda anterior a la celebraci\u00f3n de la jornada.<\/strong><\/p>\n<p><strong>Es imprescindible en formalizar la inscripci\u00f3n rellenar todos los campos del formulario: nombre, apellidos (que deben ser los mismos que se utilizar\u00e1n para identificarse en Zoom), DNI, empresa y direcci\u00f3n postal completa.<\/strong><\/p>\n<p>&nbsp;<\/p>\n<p style=\"text-align: center;\">Con el apoyo de:<\/p>\n<p style=\"text-align: center;\"><img decoding=\"async\" class=\"alignnone size-full wp-image-1817\" src=\"https:\/\/www.franquiciescat.org\/wp-content\/uploads\/2023\/06\/empresa-h3-1603259.png\" alt=\"\" width=\"301\" height=\"65\"><\/p>\n<p style=\"text-align: center;\">Organizador:<\/p>\n<p><img decoding=\"async\" class=\"alignnone size-full wp-image-1818 aligncenter\" src=\"https:\/\/www.franquiciescat.org\/wp-content\/uploads\/2023\/06\/nou-laboral-sin-debates-300x76-1603263.png\" alt=\"\" width=\"233\" height=\"59\"><\/p>\n<p>&nbsp;<\/p>\n<table border=\"0\" width=\"600\" cellspacing=\"0\" cellpadding=\"0\">\n<tbody>\n<tr>\n<td width=\"10\"><\/td>\n<td valign=\"top\" width=\"290\">\n<div>\n<div>\n<div align=\"center\">\n<table border=\"0\" width=\"100%\" cellspacing=\"0\" cellpadding=\"0\">\n<tbody>\n<tr>\n<td valign=\"top\" width=\"270\">\n<div>\n<div>\n<p>M\u00c1S INFORMACI\u00d3N<\/p>\n<p><strong>Tel. +34 93 484 12 21<\/strong><strong><br \/>\n<a href=\"https:\/\/beeb0ca9fc774f889da478d85e69ce99.svc.dynamics.com\/t\/t\/L0qMsAtPxAAwqt69VrZh9kpbi9vcVRfFeceAPKGAyLQx\/4xA9GSz7UWevxl6m3xswRLbxa1YwIr6EfK1oVBxxvhox\" target=\"_blank\" rel=\"noreferrer noopener\">www.foment.com<\/a><\/strong><\/p>\n<p><strong>Via Laietana, 32-34 08003 Barcelona<\/strong><\/p>\n<\/div>\n<\/div>\n<\/td>\n<\/tr>\n<\/tbody>\n<\/table>\n<\/div>\n<\/div>\n<\/div>\n<\/td>\n<\/tr>\n<\/tbody>\n<\/table>\n<\/div>\n","protected":false},"excerpt":{"rendered":"<p>Jornada informativa sobre las reformas de las pensiones, destinada a empresas y trabajadores. Jueves 8 de julio de 10 a 12 horas por Zoom. En un momento clave en el actual proceso de reforma de las pensiones, en la presente jornada se tratar\u00e1 est\u00e1 cuesti\u00f3n desde diversas perspectivas, como la demogr\u00e1fica o la macroecon\u00f3mica, proponiendo [&hellip;]<\/p>\n","protected":false},"author":1,"featured_media":2601,"comment_status":"open","ping_status":"open","sticky":false,"template":"","format":"standard","meta":{"footnotes":""},"categories":[72],"tags":[],"class_list":["post-3135","post","type-post","status-publish","format-standard","has-post-thumbnail","hentry","category-noticias"],"yoast_head":"<!-- This site is optimized with the Yoast SEO plugin v26.9 - https:\/\/yoast.com\/product\/yoast-seo-wordpress\/ -->\n<title>La reforma de las pensiones: Soluciones para empresas y trabajadores - Asociaci\u00f3n de Franqu\u00edcias de Catalunya<\/title>\n<meta name=\"robots\" content=\"index, follow, max-snippet:-1, max-image-preview:large, max-video-preview:-1\" \/>\n<link rel=\"canonical\" href=\"https:\/\/www.franquiciescat.org\/la-reforma-de-las-pensiones-soluciones-para-empresas-y-trabajadores\/\" \/>\n<meta property=\"og:locale\" content=\"es_ES\" \/>\n<meta property=\"og:type\" content=\"article\" \/>\n<meta property=\"og:title\" content=\"La reforma de las pensiones: Soluciones para empresas y trabajadores - Asociaci\u00f3n de Franqu\u00edcias de Catalunya\" \/>\n<meta property=\"og:description\" content=\"Jornada informativa sobre las reformas de las pensiones, destinada a empresas y trabajadores. Jueves 8 de julio de 10 a 12 horas por Zoom. En un momento clave en el actual proceso de reforma de las pensiones, en la presente jornada se tratar\u00e1 est\u00e1 cuesti\u00f3n desde diversas perspectivas, como la demogr\u00e1fica o la macroecon\u00f3mica, proponiendo [&hellip;]\" \/>\n<meta property=\"og:url\" content=\"https:\/\/www.franquiciescat.org\/la-reforma-de-las-pensiones-soluciones-para-empresas-y-trabajadores\/\" \/>\n<meta property=\"og:site_name\" content=\"Asociaci\u00f3n de Franqu\u00edcias de Catalunya\" \/>\n<meta property=\"article:published_time\" content=\"2021-07-05T11:09:37+00:00\" \/>\n<meta property=\"og:image\" content=\"https:\/\/www.franquiciescat.org\/wp-content\/uploads\/2023\/06\/2021-07-05-12-30-20-1603249-300x191.jpg\" \/>\n<meta name=\"author\" content=\"Einagrafic\" \/>\n<meta name=\"twitter:card\" content=\"summary_large_image\" \/>\n<meta name=\"twitter:label1\" content=\"Escrito por\" \/>\n\t<meta name=\"twitter:data1\" content=\"Einagrafic\" \/>\n\t<meta name=\"twitter:label2\" content=\"Tiempo de lectura\" \/>\n\t<meta name=\"twitter:data2\" content=\"2 minutos\" \/>\n<script type=\"application\/ld+json\" class=\"yoast-schema-graph\">{\"@context\":\"https:\/\/schema.org\",\"@graph\":[{\"@type\":\"Article\",\"@id\":\"https:\/\/www.franquiciescat.org\/la-reforma-de-las-pensiones-soluciones-para-empresas-y-trabajadores\/#article\",\"isPartOf\":{\"@id\":\"https:\/\/www.franquiciescat.org\/la-reforma-de-las-pensiones-soluciones-para-empresas-y-trabajadores\/\"},\"author\":{\"name\":\"Einagrafic\",\"@id\":\"https:\/\/www.franquiciescat.org\/#\/schema\/person\/f7cfeca2687a2d216942148b0f430be5\"},\"headline\":\"La reforma de las pensiones: Soluciones para empresas y trabajadores\",\"datePublished\":\"2021-07-05T11:09:37+00:00\",\"mainEntityOfPage\":{\"@id\":\"https:\/\/www.franquiciescat.org\/la-reforma-de-las-pensiones-soluciones-para-empresas-y-trabajadores\/\"},\"wordCount\":357,\"commentCount\":0,\"publisher\":{\"@id\":\"https:\/\/www.franquiciescat.org\/#organization\"},\"image\":{\"@id\":\"https:\/\/www.franquiciescat.org\/la-reforma-de-las-pensiones-soluciones-para-empresas-y-trabajadores\/#primaryimage\"},\"thumbnailUrl\":\"https:\/\/www.franquiciescat.org\/wp-content\/uploads\/2023\/06\/2021-07-05-12-30-20-1603249.jpg\",\"articleSection\":[\"Noticias\"],\"inLanguage\":\"es\"},{\"@type\":\"WebPage\",\"@id\":\"https:\/\/www.franquiciescat.org\/la-reforma-de-las-pensiones-soluciones-para-empresas-y-trabajadores\/\",\"url\":\"https:\/\/www.franquiciescat.org\/la-reforma-de-las-pensiones-soluciones-para-empresas-y-trabajadores\/\",\"name\":\"La reforma de las pensiones: Soluciones para empresas y trabajadores - Asociaci\u00f3n de Franqu\u00edcias de Catalunya\",\"isPartOf\":{\"@id\":\"https:\/\/www.franquiciescat.org\/#website\"},\"primaryImageOfPage\":{\"@id\":\"https:\/\/www.franquiciescat.org\/la-reforma-de-las-pensiones-soluciones-para-empresas-y-trabajadores\/#primaryimage\"},\"image\":{\"@id\":\"https:\/\/www.franquiciescat.org\/la-reforma-de-las-pensiones-soluciones-para-empresas-y-trabajadores\/#primaryimage\"},\"thumbnailUrl\":\"https:\/\/www.franquiciescat.org\/wp-content\/uploads\/2023\/06\/2021-07-05-12-30-20-1603249.jpg\",\"datePublished\":\"2021-07-05T11:09:37+00:00\",\"breadcrumb\":{\"@id\":\"https:\/\/www.franquiciescat.org\/la-reforma-de-las-pensiones-soluciones-para-empresas-y-trabajadores\/#breadcrumb\"},\"inLanguage\":\"es\",\"potentialAction\":[{\"@type\":\"ReadAction\",\"target\":[\"https:\/\/www.franquiciescat.org\/la-reforma-de-las-pensiones-soluciones-para-empresas-y-trabajadores\/\"]}]},{\"@type\":\"ImageObject\",\"inLanguage\":\"es\",\"@id\":\"https:\/\/www.franquiciescat.org\/la-reforma-de-las-pensiones-soluciones-para-empresas-y-trabajadores\/#primaryimage\",\"url\":\"https:\/\/www.franquiciescat.org\/wp-content\/uploads\/2023\/06\/2021-07-05-12-30-20-1603249.jpg\",\"contentUrl\":\"https:\/\/www.franquiciescat.org\/wp-content\/uploads\/2023\/06\/2021-07-05-12-30-20-1603249.jpg\",\"width\":1100,\"height\":702},{\"@type\":\"BreadcrumbList\",\"@id\":\"https:\/\/www.franquiciescat.org\/la-reforma-de-las-pensiones-soluciones-para-empresas-y-trabajadores\/#breadcrumb\",\"itemListElement\":[{\"@type\":\"ListItem\",\"position\":1,\"name\":\"Inici\",\"item\":\"https:\/\/www.franquiciescat.org\/\"},{\"@type\":\"ListItem\",\"position\":2,\"name\":\"La reforma de las pensiones: Soluciones para empresas y trabajadores\"}]},{\"@type\":\"WebSite\",\"@id\":\"https:\/\/www.franquiciescat.org\/#website\",\"url\":\"https:\/\/www.franquiciescat.org\/\",\"name\":\"Associaci\u00f3 de Franqu\u00edcies de Catalunya\",\"description\":\"Asociaci\u00f3n de Franqu\u00edcias de Catalunya\",\"publisher\":{\"@id\":\"https:\/\/www.franquiciescat.org\/#organization\"},\"potentialAction\":[{\"@type\":\"SearchAction\",\"target\":{\"@type\":\"EntryPoint\",\"urlTemplate\":\"https:\/\/www.franquiciescat.org\/?s={search_term_string}\"},\"query-input\":{\"@type\":\"PropertyValueSpecification\",\"valueRequired\":true,\"valueName\":\"search_term_string\"}}],\"inLanguage\":\"es\"},{\"@type\":\"Organization\",\"@id\":\"https:\/\/www.franquiciescat.org\/#organization\",\"name\":\"Associaci\u00f3 de Franqu\u00edcies de Catalunya\",\"url\":\"https:\/\/www.franquiciescat.org\/\",\"logo\":{\"@type\":\"ImageObject\",\"inLanguage\":\"es\",\"@id\":\"https:\/\/www.franquiciescat.org\/#\/schema\/logo\/image\/\",\"url\":\"https:\/\/www.franquiciescat.org\/wp-content\/uploads\/2023\/05\/logo-afc.png\",\"contentUrl\":\"https:\/\/www.franquiciescat.org\/wp-content\/uploads\/2023\/05\/logo-afc.png\",\"width\":640,\"height\":171,\"caption\":\"Associaci\u00f3 de Franqu\u00edcies de Catalunya\"},\"image\":{\"@id\":\"https:\/\/www.franquiciescat.org\/#\/schema\/logo\/image\/\"}},{\"@type\":\"Person\",\"@id\":\"https:\/\/www.franquiciescat.org\/#\/schema\/person\/f7cfeca2687a2d216942148b0f430be5\",\"name\":\"Einagrafic\",\"image\":{\"@type\":\"ImageObject\",\"inLanguage\":\"es\",\"@id\":\"https:\/\/www.franquiciescat.org\/#\/schema\/person\/image\/\",\"url\":\"https:\/\/secure.gravatar.com\/avatar\/cc75d3f0c33e859c04998660c0362167519e435366e0967a9b01a7c511c82ae4?s=96&d=mm&r=g\",\"contentUrl\":\"https:\/\/secure.gravatar.com\/avatar\/cc75d3f0c33e859c04998660c0362167519e435366e0967a9b01a7c511c82ae4?s=96&d=mm&r=g\",\"caption\":\"Einagrafic\"},\"sameAs\":[\"https:\/\/www.franquiciescat.org\"],\"url\":\"https:\/\/www.franquiciescat.org\/es\/author\/einagrafic\/\"}]}<\/script>\n<!-- \/ Yoast SEO plugin. -->","yoast_head_json":{"title":"La reforma de las pensiones: Soluciones para empresas y trabajadores - Asociaci\u00f3n de Franqu\u00edcias de Catalunya","robots":{"index":"index","follow":"follow","max-snippet":"max-snippet:-1","max-image-preview":"max-image-preview:large","max-video-preview":"max-video-preview:-1"},"canonical":"https:\/\/www.franquiciescat.org\/la-reforma-de-las-pensiones-soluciones-para-empresas-y-trabajadores\/","og_locale":"es_ES","og_type":"article","og_title":"La reforma de las pensiones: Soluciones para empresas y trabajadores - Asociaci\u00f3n de Franqu\u00edcias de Catalunya","og_description":"Jornada informativa sobre las reformas de las pensiones, destinada a empresas y trabajadores. Jueves 8 de julio de 10 a 12 horas por Zoom. En un momento clave en el actual proceso de reforma de las pensiones, en la presente jornada se tratar\u00e1 est\u00e1 cuesti\u00f3n desde diversas perspectivas, como la demogr\u00e1fica o la macroecon\u00f3mica, proponiendo [&hellip;]","og_url":"https:\/\/www.franquiciescat.org\/la-reforma-de-las-pensiones-soluciones-para-empresas-y-trabajadores\/","og_site_name":"Asociaci\u00f3n de Franqu\u00edcias de Catalunya","article_published_time":"2021-07-05T11:09:37+00:00","og_image":[{"url":"https:\/\/www.franquiciescat.org\/wp-content\/uploads\/2023\/06\/2021-07-05-12-30-20-1603249-300x191.jpg","type":"","width":"","height":""}],"author":"Einagrafic","twitter_card":"summary_large_image","twitter_misc":{"Escrito por":"Einagrafic","Tiempo de lectura":"2 minutos"},"schema":{"@context":"https:\/\/schema.org","@graph":[{"@type":"Article","@id":"https:\/\/www.franquiciescat.org\/la-reforma-de-las-pensiones-soluciones-para-empresas-y-trabajadores\/#article","isPartOf":{"@id":"https:\/\/www.franquiciescat.org\/la-reforma-de-las-pensiones-soluciones-para-empresas-y-trabajadores\/"},"author":{"name":"Einagrafic","@id":"https:\/\/www.franquiciescat.org\/#\/schema\/person\/f7cfeca2687a2d216942148b0f430be5"},"headline":"La reforma de las pensiones: Soluciones para empresas y trabajadores","datePublished":"2021-07-05T11:09:37+00:00","mainEntityOfPage":{"@id":"https:\/\/www.franquiciescat.org\/la-reforma-de-las-pensiones-soluciones-para-empresas-y-trabajadores\/"},"wordCount":357,"commentCount":0,"publisher":{"@id":"https:\/\/www.franquiciescat.org\/#organization"},"image":{"@id":"https:\/\/www.franquiciescat.org\/la-reforma-de-las-pensiones-soluciones-para-empresas-y-trabajadores\/#primaryimage"},"thumbnailUrl":"https:\/\/www.franquiciescat.org\/wp-content\/uploads\/2023\/06\/2021-07-05-12-30-20-1603249.jpg","articleSection":["Noticias"],"inLanguage":"es"},{"@type":"WebPage","@id":"https:\/\/www.franquiciescat.org\/la-reforma-de-las-pensiones-soluciones-para-empresas-y-trabajadores\/","url":"https:\/\/www.franquiciescat.org\/la-reforma-de-las-pensiones-soluciones-para-empresas-y-trabajadores\/","name":"La reforma de las pensiones: Soluciones para empresas y trabajadores - Asociaci\u00f3n de Franqu\u00edcias de Catalunya","isPartOf":{"@id":"https:\/\/www.franquiciescat.org\/#website"},"primaryImageOfPage":{"@id":"https:\/\/www.franquiciescat.org\/la-reforma-de-las-pensiones-soluciones-para-empresas-y-trabajadores\/#primaryimage"},"image":{"@id":"https:\/\/www.franquiciescat.org\/la-reforma-de-las-pensiones-soluciones-para-empresas-y-trabajadores\/#primaryimage"},"thumbnailUrl":"https:\/\/www.franquiciescat.org\/wp-content\/uploads\/2023\/06\/2021-07-05-12-30-20-1603249.jpg","datePublished":"2021-07-05T11:09:37+00:00","breadcrumb":{"@id":"https:\/\/www.franquiciescat.org\/la-reforma-de-las-pensiones-soluciones-para-empresas-y-trabajadores\/#breadcrumb"},"inLanguage":"es","potentialAction":[{"@type":"ReadAction","target":["https:\/\/www.franquiciescat.org\/la-reforma-de-las-pensiones-soluciones-para-empresas-y-trabajadores\/"]}]},{"@type":"ImageObject","inLanguage":"es","@id":"https:\/\/www.franquiciescat.org\/la-reforma-de-las-pensiones-soluciones-para-empresas-y-trabajadores\/#primaryimage","url":"https:\/\/www.franquiciescat.org\/wp-content\/uploads\/2023\/06\/2021-07-05-12-30-20-1603249.jpg","contentUrl":"https:\/\/www.franquiciescat.org\/wp-content\/uploads\/2023\/06\/2021-07-05-12-30-20-1603249.jpg","width":1100,"height":702},{"@type":"BreadcrumbList","@id":"https:\/\/www.franquiciescat.org\/la-reforma-de-las-pensiones-soluciones-para-empresas-y-trabajadores\/#breadcrumb","itemListElement":[{"@type":"ListItem","position":1,"name":"Inici","item":"https:\/\/www.franquiciescat.org\/"},{"@type":"ListItem","position":2,"name":"La reforma de las pensiones: Soluciones para empresas y trabajadores"}]},{"@type":"WebSite","@id":"https:\/\/www.franquiciescat.org\/#website","url":"https:\/\/www.franquiciescat.org\/","name":"Associaci\u00f3 de Franqu\u00edcies de Catalunya","description":"Asociaci\u00f3n de Franqu\u00edcias de Catalunya","publisher":{"@id":"https:\/\/www.franquiciescat.org\/#organization"},"potentialAction":[{"@type":"SearchAction","target":{"@type":"EntryPoint","urlTemplate":"https:\/\/www.franquiciescat.org\/?s={search_term_string}"},"query-input":{"@type":"PropertyValueSpecification","valueRequired":true,"valueName":"search_term_string"}}],"inLanguage":"es"},{"@type":"Organization","@id":"https:\/\/www.franquiciescat.org\/#organization","name":"Associaci\u00f3 de Franqu\u00edcies de Catalunya","url":"https:\/\/www.franquiciescat.org\/","logo":{"@type":"ImageObject","inLanguage":"es","@id":"https:\/\/www.franquiciescat.org\/#\/schema\/logo\/image\/","url":"https:\/\/www.franquiciescat.org\/wp-content\/uploads\/2023\/05\/logo-afc.png","contentUrl":"https:\/\/www.franquiciescat.org\/wp-content\/uploads\/2023\/05\/logo-afc.png","width":640,"height":171,"caption":"Associaci\u00f3 de Franqu\u00edcies de Catalunya"},"image":{"@id":"https:\/\/www.franquiciescat.org\/#\/schema\/logo\/image\/"}},{"@type":"Person","@id":"https:\/\/www.franquiciescat.org\/#\/schema\/person\/f7cfeca2687a2d216942148b0f430be5","name":"Einagrafic","image":{"@type":"ImageObject","inLanguage":"es","@id":"https:\/\/www.franquiciescat.org\/#\/schema\/person\/image\/","url":"https:\/\/secure.gravatar.com\/avatar\/cc75d3f0c33e859c04998660c0362167519e435366e0967a9b01a7c511c82ae4?s=96&d=mm&r=g","contentUrl":"https:\/\/secure.gravatar.com\/avatar\/cc75d3f0c33e859c04998660c0362167519e435366e0967a9b01a7c511c82ae4?s=96&d=mm&r=g","caption":"Einagrafic"},"sameAs":["https:\/\/www.franquiciescat.org"],"url":"https:\/\/www.franquiciescat.org\/es\/author\/einagrafic\/"}]}},"_links":{"self":[{"href":"https:\/\/www.franquiciescat.org\/es\/wp-json\/wp\/v2\/posts\/3135","targetHints":{"allow":["GET"]}}],"collection":[{"href":"https:\/\/www.franquiciescat.org\/es\/wp-json\/wp\/v2\/posts"}],"about":[{"href":"https:\/\/www.franquiciescat.org\/es\/wp-json\/wp\/v2\/types\/post"}],"author":[{"embeddable":true,"href":"https:\/\/www.franquiciescat.org\/es\/wp-json\/wp\/v2\/users\/1"}],"replies":[{"embeddable":true,"href":"https:\/\/www.franquiciescat.org\/es\/wp-json\/wp\/v2\/comments?post=3135"}],"version-history":[{"count":0,"href":"https:\/\/www.franquiciescat.org\/es\/wp-json\/wp\/v2\/posts\/3135\/revisions"}],"wp:featuredmedia":[{"embeddable":true,"href":"https:\/\/www.franquiciescat.org\/es\/wp-json\/wp\/v2\/media\/2601"}],"wp:attachment":[{"href":"https:\/\/www.franquiciescat.org\/es\/wp-json\/wp\/v2\/media?parent=3135"}],"wp:term":[{"taxonomy":"category","embeddable":true,"href":"https:\/\/www.franquiciescat.org\/es\/wp-json\/wp\/v2\/categories?post=3135"},{"taxonomy":"post_tag","embeddable":true,"href":"https:\/\/www.franquiciescat.org\/es\/wp-json\/wp\/v2\/tags?post=3135"}],"curies":[{"name":"wp","href":"https:\/\/api.w.org\/{rel}","templated":true}]}}