{"id":3136,"date":"2021-06-14T11:07:11","date_gmt":"2021-06-14T11:07:11","guid":{"rendered":"https:\/\/www.franquiciescat.org\/la-afc-participa-en-franquishop-barcelona\/"},"modified":"2021-06-14T11:07:11","modified_gmt":"2021-06-14T11:07:11","slug":"la-afc-participa-en-franquishop-barcelona","status":"publish","type":"post","link":"https:\/\/www.franquiciescat.org\/es\/la-afc-participa-en-franquishop-barcelona\/","title":{"rendered":"La AFC participa en Franquishop Barcelona"},"content":{"rendered":"<p><img fetchpriority=\"high\" decoding=\"async\" class=\"alignnone wp-image-1812\" src=\"https:\/\/www.franquiciescat.org\/wp-content\/uploads\/2023\/06\/franquishop-1589041-300x300.png\" alt=\"\" width=\"375\" height=\"375\" srcset=\"https:\/\/www.franquiciescat.org\/wp-content\/uploads\/2023\/06\/franquishop-1589041-300x300.png 300w, https:\/\/www.franquiciescat.org\/wp-content\/uploads\/2023\/06\/franquishop-1589041-1024x1024.png 1024w, https:\/\/www.franquiciescat.org\/wp-content\/uploads\/2023\/06\/franquishop-1589041-150x150.png 150w, https:\/\/www.franquiciescat.org\/wp-content\/uploads\/2023\/06\/franquishop-1589041-768x768.png 768w, https:\/\/www.franquiciescat.org\/wp-content\/uploads\/2023\/06\/franquishop-1589041.png 1080w\" sizes=\"(max-width: 375px) 100vw, 375px\" \/><\/p>\n<p class=\"summary\">El pr\u00f3ximo jueves 17 de junio, la AFC colaborar\u00e1 en la 9.\u00aa Edici\u00f3n de Franquishop Barcelona y participar\u00e1 con un espacio propio para atender a los visitantes.<\/p>\n<p>El pr\u00f3ximo <strong>jueves<\/strong>, <strong>17 de junio<\/strong>, tendr\u00e1 lugar la<strong> 9a. Edici\u00f3n de Franquishop Barcelona<\/strong>de nuevo de forma <strong>presencial,<\/strong> en el <strong>Hotel Novotel Barcelona City<\/strong> (<strong>Av. Diagonal, 201<\/strong>) desde las <strong>9.30 hasta las 18.00 horas<\/strong>, en horario continuado.<\/p>\n<p>Como en ocasiones anteriores, la Asociaci\u00f3n de Franquicias de Catalunya, <strong>colaboradora oficial del evento<\/strong>, <strong>participar\u00e1 tambi\u00e9n este a\u00f1o con espacio propio<\/strong>, para atender a los visitantes &#8211; emprendedores, empresarios, franquiciadores o franquiciados &#8211; facilitando informaci\u00f3n y asesoramiento para resolver cualquier duda o consulta referente a la franquicia.<\/p>\n<p>Para mayor comodidad, los interesados pueden <strong>reservar hora<\/strong>, entrando en la web de la Asociaci\u00f3n: <a href=\"http:\/\/www.franquiciescat.org\/\">www.franquiciescat.org<\/a> y yendo al enlace de <strong>Franquishop<\/strong> que encontrar\u00e1n en la p\u00e1gina principal.<\/p>\n<p>Franquishop Barcelona reunir\u00e1 a <strong>m\u00e1s de 40 marcas franquiciadoras<\/strong> y, hasta el momento, hay <strong>m\u00e1s de 500 visitantes<\/strong> registrados gratuitamente.<\/p>\n","protected":false},"excerpt":{"rendered":"<p>El pr\u00f3ximo jueves 17 de junio, la AFC colaborar\u00e1 en la 9.\u00aa Edici\u00f3n de Franquishop Barcelona y participar\u00e1 con un espacio propio para atender a los visitantes. El pr\u00f3ximo jueves, 17 de junio, tendr\u00e1 lugar la 9a. Edici\u00f3n de Franquishop Barcelonade nuevo de forma presencial, en el Hotel Novotel Barcelona City (Av. Diagonal, 201) desde [&hellip;]<\/p>\n","protected":false},"author":1,"featured_media":2600,"comment_status":"open","ping_status":"open","sticky":false,"template":"","format":"standard","meta":{"footnotes":""},"categories":[72],"tags":[],"class_list":["post-3136","post","type-post","status-publish","format-standard","has-post-thumbnail","hentry","category-noticias"],"yoast_head":"<!-- This site is optimized with the Yoast SEO plugin v26.9 - https:\/\/yoast.com\/product\/yoast-seo-wordpress\/ -->\n<title>La AFC participa en Franquishop Barcelona - Asociaci\u00f3n de Franqu\u00edcias de Catalunya<\/title>\n<meta name=\"robots\" content=\"index, follow, max-snippet:-1, max-image-preview:large, max-video-preview:-1\" \/>\n<link rel=\"canonical\" href=\"https:\/\/www.franquiciescat.org\/la-afc-participa-en-franquishop-barcelona\/\" \/>\n<meta property=\"og:locale\" content=\"es_ES\" \/>\n<meta property=\"og:type\" content=\"article\" \/>\n<meta property=\"og:title\" content=\"La AFC participa en Franquishop Barcelona - Asociaci\u00f3n de Franqu\u00edcias de Catalunya\" \/>\n<meta property=\"og:description\" content=\"El pr\u00f3ximo jueves 17 de junio, la AFC colaborar\u00e1 en la 9.\u00aa Edici\u00f3n de Franquishop Barcelona y participar\u00e1 con un espacio propio para atender a los visitantes. El pr\u00f3ximo jueves, 17 de junio, tendr\u00e1 lugar la 9a. Edici\u00f3n de Franquishop Barcelonade nuevo de forma presencial, en el Hotel Novotel Barcelona City (Av. Diagonal, 201) desde [&hellip;]\" \/>\n<meta property=\"og:url\" content=\"https:\/\/www.franquiciescat.org\/la-afc-participa-en-franquishop-barcelona\/\" \/>\n<meta property=\"og:site_name\" content=\"Asociaci\u00f3n de Franqu\u00edcias de Catalunya\" \/>\n<meta property=\"article:published_time\" content=\"2021-06-14T11:07:11+00:00\" \/>\n<meta property=\"og:image\" content=\"https:\/\/www.franquiciescat.org\/wp-content\/uploads\/2023\/06\/franquishop-1589041-300x300.png\" \/>\n<meta name=\"author\" content=\"Einagrafic\" \/>\n<meta name=\"twitter:card\" content=\"summary_large_image\" \/>\n<meta name=\"twitter:label1\" content=\"Escrito por\" \/>\n\t<meta name=\"twitter:data1\" content=\"Einagrafic\" \/>\n\t<meta name=\"twitter:label2\" content=\"Tiempo de lectura\" \/>\n\t<meta name=\"twitter:data2\" content=\"1 minuto\" \/>\n<script type=\"application\/ld+json\" class=\"yoast-schema-graph\">{\"@context\":\"https:\/\/schema.org\",\"@graph\":[{\"@type\":\"Article\",\"@id\":\"https:\/\/www.franquiciescat.org\/la-afc-participa-en-franquishop-barcelona\/#article\",\"isPartOf\":{\"@id\":\"https:\/\/www.franquiciescat.org\/la-afc-participa-en-franquishop-barcelona\/\"},\"author\":{\"name\":\"Einagrafic\",\"@id\":\"https:\/\/www.franquiciescat.org\/#\/schema\/person\/f7cfeca2687a2d216942148b0f430be5\"},\"headline\":\"La AFC participa en Franquishop Barcelona\",\"datePublished\":\"2021-06-14T11:07:11+00:00\",\"mainEntityOfPage\":{\"@id\":\"https:\/\/www.franquiciescat.org\/la-afc-participa-en-franquishop-barcelona\/\"},\"wordCount\":172,\"commentCount\":0,\"publisher\":{\"@id\":\"https:\/\/www.franquiciescat.org\/#organization\"},\"image\":{\"@id\":\"https:\/\/www.franquiciescat.org\/la-afc-participa-en-franquishop-barcelona\/#primaryimage\"},\"thumbnailUrl\":\"https:\/\/www.franquiciescat.org\/wp-content\/uploads\/2023\/06\/franquishop-1589041.png\",\"articleSection\":[\"Noticias\"],\"inLanguage\":\"es\"},{\"@type\":\"WebPage\",\"@id\":\"https:\/\/www.franquiciescat.org\/la-afc-participa-en-franquishop-barcelona\/\",\"url\":\"https:\/\/www.franquiciescat.org\/la-afc-participa-en-franquishop-barcelona\/\",\"name\":\"La AFC participa en Franquishop Barcelona - Asociaci\u00f3n de Franqu\u00edcias de Catalunya\",\"isPartOf\":{\"@id\":\"https:\/\/www.franquiciescat.org\/#website\"},\"primaryImageOfPage\":{\"@id\":\"https:\/\/www.franquiciescat.org\/la-afc-participa-en-franquishop-barcelona\/#primaryimage\"},\"image\":{\"@id\":\"https:\/\/www.franquiciescat.org\/la-afc-participa-en-franquishop-barcelona\/#primaryimage\"},\"thumbnailUrl\":\"https:\/\/www.franquiciescat.org\/wp-content\/uploads\/2023\/06\/franquishop-1589041.png\",\"datePublished\":\"2021-06-14T11:07:11+00:00\",\"breadcrumb\":{\"@id\":\"https:\/\/www.franquiciescat.org\/la-afc-participa-en-franquishop-barcelona\/#breadcrumb\"},\"inLanguage\":\"es\",\"potentialAction\":[{\"@type\":\"ReadAction\",\"target\":[\"https:\/\/www.franquiciescat.org\/la-afc-participa-en-franquishop-barcelona\/\"]}]},{\"@type\":\"ImageObject\",\"inLanguage\":\"es\",\"@id\":\"https:\/\/www.franquiciescat.org\/la-afc-participa-en-franquishop-barcelona\/#primaryimage\",\"url\":\"https:\/\/www.franquiciescat.org\/wp-content\/uploads\/2023\/06\/franquishop-1589041.png\",\"contentUrl\":\"https:\/\/www.franquiciescat.org\/wp-content\/uploads\/2023\/06\/franquishop-1589041.png\",\"width\":1080,\"height\":1080},{\"@type\":\"BreadcrumbList\",\"@id\":\"https:\/\/www.franquiciescat.org\/la-afc-participa-en-franquishop-barcelona\/#breadcrumb\",\"itemListElement\":[{\"@type\":\"ListItem\",\"position\":1,\"name\":\"Inici\",\"item\":\"https:\/\/www.franquiciescat.org\/\"},{\"@type\":\"ListItem\",\"position\":2,\"name\":\"La AFC participa en Franquishop Barcelona\"}]},{\"@type\":\"WebSite\",\"@id\":\"https:\/\/www.franquiciescat.org\/#website\",\"url\":\"https:\/\/www.franquiciescat.org\/\",\"name\":\"Associaci\u00f3 de Franqu\u00edcies de Catalunya\",\"description\":\"Asociaci\u00f3n de Franqu\u00edcias de Catalunya\",\"publisher\":{\"@id\":\"https:\/\/www.franquiciescat.org\/#organization\"},\"potentialAction\":[{\"@type\":\"SearchAction\",\"target\":{\"@type\":\"EntryPoint\",\"urlTemplate\":\"https:\/\/www.franquiciescat.org\/?s={search_term_string}\"},\"query-input\":{\"@type\":\"PropertyValueSpecification\",\"valueRequired\":true,\"valueName\":\"search_term_string\"}}],\"inLanguage\":\"es\"},{\"@type\":\"Organization\",\"@id\":\"https:\/\/www.franquiciescat.org\/#organization\",\"name\":\"Associaci\u00f3 de Franqu\u00edcies de Catalunya\",\"url\":\"https:\/\/www.franquiciescat.org\/\",\"logo\":{\"@type\":\"ImageObject\",\"inLanguage\":\"es\",\"@id\":\"https:\/\/www.franquiciescat.org\/#\/schema\/logo\/image\/\",\"url\":\"https:\/\/www.franquiciescat.org\/wp-content\/uploads\/2023\/05\/logo-afc.png\",\"contentUrl\":\"https:\/\/www.franquiciescat.org\/wp-content\/uploads\/2023\/05\/logo-afc.png\",\"width\":640,\"height\":171,\"caption\":\"Associaci\u00f3 de Franqu\u00edcies de Catalunya\"},\"image\":{\"@id\":\"https:\/\/www.franquiciescat.org\/#\/schema\/logo\/image\/\"}},{\"@type\":\"Person\",\"@id\":\"https:\/\/www.franquiciescat.org\/#\/schema\/person\/f7cfeca2687a2d216942148b0f430be5\",\"name\":\"Einagrafic\",\"image\":{\"@type\":\"ImageObject\",\"inLanguage\":\"es\",\"@id\":\"https:\/\/www.franquiciescat.org\/#\/schema\/person\/image\/\",\"url\":\"https:\/\/secure.gravatar.com\/avatar\/cc75d3f0c33e859c04998660c0362167519e435366e0967a9b01a7c511c82ae4?s=96&d=mm&r=g\",\"contentUrl\":\"https:\/\/secure.gravatar.com\/avatar\/cc75d3f0c33e859c04998660c0362167519e435366e0967a9b01a7c511c82ae4?s=96&d=mm&r=g\",\"caption\":\"Einagrafic\"},\"sameAs\":[\"https:\/\/www.franquiciescat.org\"],\"url\":\"https:\/\/www.franquiciescat.org\/es\/author\/einagrafic\/\"}]}<\/script>\n<!-- \/ Yoast SEO plugin. -->","yoast_head_json":{"title":"La AFC participa en Franquishop Barcelona - Asociaci\u00f3n de Franqu\u00edcias de Catalunya","robots":{"index":"index","follow":"follow","max-snippet":"max-snippet:-1","max-image-preview":"max-image-preview:large","max-video-preview":"max-video-preview:-1"},"canonical":"https:\/\/www.franquiciescat.org\/la-afc-participa-en-franquishop-barcelona\/","og_locale":"es_ES","og_type":"article","og_title":"La AFC participa en Franquishop Barcelona - Asociaci\u00f3n de Franqu\u00edcias de Catalunya","og_description":"El pr\u00f3ximo jueves 17 de junio, la AFC colaborar\u00e1 en la 9.\u00aa Edici\u00f3n de Franquishop Barcelona y participar\u00e1 con un espacio propio para atender a los visitantes. El pr\u00f3ximo jueves, 17 de junio, tendr\u00e1 lugar la 9a. Edici\u00f3n de Franquishop Barcelonade nuevo de forma presencial, en el Hotel Novotel Barcelona City (Av. Diagonal, 201) desde [&hellip;]","og_url":"https:\/\/www.franquiciescat.org\/la-afc-participa-en-franquishop-barcelona\/","og_site_name":"Asociaci\u00f3n de Franqu\u00edcias de Catalunya","article_published_time":"2021-06-14T11:07:11+00:00","og_image":[{"url":"https:\/\/www.franquiciescat.org\/wp-content\/uploads\/2023\/06\/franquishop-1589041-300x300.png","type":"","width":"","height":""}],"author":"Einagrafic","twitter_card":"summary_large_image","twitter_misc":{"Escrito por":"Einagrafic","Tiempo de lectura":"1 minuto"},"schema":{"@context":"https:\/\/schema.org","@graph":[{"@type":"Article","@id":"https:\/\/www.franquiciescat.org\/la-afc-participa-en-franquishop-barcelona\/#article","isPartOf":{"@id":"https:\/\/www.franquiciescat.org\/la-afc-participa-en-franquishop-barcelona\/"},"author":{"name":"Einagrafic","@id":"https:\/\/www.franquiciescat.org\/#\/schema\/person\/f7cfeca2687a2d216942148b0f430be5"},"headline":"La AFC participa en Franquishop Barcelona","datePublished":"2021-06-14T11:07:11+00:00","mainEntityOfPage":{"@id":"https:\/\/www.franquiciescat.org\/la-afc-participa-en-franquishop-barcelona\/"},"wordCount":172,"commentCount":0,"publisher":{"@id":"https:\/\/www.franquiciescat.org\/#organization"},"image":{"@id":"https:\/\/www.franquiciescat.org\/la-afc-participa-en-franquishop-barcelona\/#primaryimage"},"thumbnailUrl":"https:\/\/www.franquiciescat.org\/wp-content\/uploads\/2023\/06\/franquishop-1589041.png","articleSection":["Noticias"],"inLanguage":"es"},{"@type":"WebPage","@id":"https:\/\/www.franquiciescat.org\/la-afc-participa-en-franquishop-barcelona\/","url":"https:\/\/www.franquiciescat.org\/la-afc-participa-en-franquishop-barcelona\/","name":"La AFC participa en Franquishop Barcelona - Asociaci\u00f3n de Franqu\u00edcias de Catalunya","isPartOf":{"@id":"https:\/\/www.franquiciescat.org\/#website"},"primaryImageOfPage":{"@id":"https:\/\/www.franquiciescat.org\/la-afc-participa-en-franquishop-barcelona\/#primaryimage"},"image":{"@id":"https:\/\/www.franquiciescat.org\/la-afc-participa-en-franquishop-barcelona\/#primaryimage"},"thumbnailUrl":"https:\/\/www.franquiciescat.org\/wp-content\/uploads\/2023\/06\/franquishop-1589041.png","datePublished":"2021-06-14T11:07:11+00:00","breadcrumb":{"@id":"https:\/\/www.franquiciescat.org\/la-afc-participa-en-franquishop-barcelona\/#breadcrumb"},"inLanguage":"es","potentialAction":[{"@type":"ReadAction","target":["https:\/\/www.franquiciescat.org\/la-afc-participa-en-franquishop-barcelona\/"]}]},{"@type":"ImageObject","inLanguage":"es","@id":"https:\/\/www.franquiciescat.org\/la-afc-participa-en-franquishop-barcelona\/#primaryimage","url":"https:\/\/www.franquiciescat.org\/wp-content\/uploads\/2023\/06\/franquishop-1589041.png","contentUrl":"https:\/\/www.franquiciescat.org\/wp-content\/uploads\/2023\/06\/franquishop-1589041.png","width":1080,"height":1080},{"@type":"BreadcrumbList","@id":"https:\/\/www.franquiciescat.org\/la-afc-participa-en-franquishop-barcelona\/#breadcrumb","itemListElement":[{"@type":"ListItem","position":1,"name":"Inici","item":"https:\/\/www.franquiciescat.org\/"},{"@type":"ListItem","position":2,"name":"La AFC participa en Franquishop Barcelona"}]},{"@type":"WebSite","@id":"https:\/\/www.franquiciescat.org\/#website","url":"https:\/\/www.franquiciescat.org\/","name":"Associaci\u00f3 de Franqu\u00edcies de Catalunya","description":"Asociaci\u00f3n de Franqu\u00edcias de Catalunya","publisher":{"@id":"https:\/\/www.franquiciescat.org\/#organization"},"potentialAction":[{"@type":"SearchAction","target":{"@type":"EntryPoint","urlTemplate":"https:\/\/www.franquiciescat.org\/?s={search_term_string}"},"query-input":{"@type":"PropertyValueSpecification","valueRequired":true,"valueName":"search_term_string"}}],"inLanguage":"es"},{"@type":"Organization","@id":"https:\/\/www.franquiciescat.org\/#organization","name":"Associaci\u00f3 de Franqu\u00edcies de Catalunya","url":"https:\/\/www.franquiciescat.org\/","logo":{"@type":"ImageObject","inLanguage":"es","@id":"https:\/\/www.franquiciescat.org\/#\/schema\/logo\/image\/","url":"https:\/\/www.franquiciescat.org\/wp-content\/uploads\/2023\/05\/logo-afc.png","contentUrl":"https:\/\/www.franquiciescat.org\/wp-content\/uploads\/2023\/05\/logo-afc.png","width":640,"height":171,"caption":"Associaci\u00f3 de Franqu\u00edcies de Catalunya"},"image":{"@id":"https:\/\/www.franquiciescat.org\/#\/schema\/logo\/image\/"}},{"@type":"Person","@id":"https:\/\/www.franquiciescat.org\/#\/schema\/person\/f7cfeca2687a2d216942148b0f430be5","name":"Einagrafic","image":{"@type":"ImageObject","inLanguage":"es","@id":"https:\/\/www.franquiciescat.org\/#\/schema\/person\/image\/","url":"https:\/\/secure.gravatar.com\/avatar\/cc75d3f0c33e859c04998660c0362167519e435366e0967a9b01a7c511c82ae4?s=96&d=mm&r=g","contentUrl":"https:\/\/secure.gravatar.com\/avatar\/cc75d3f0c33e859c04998660c0362167519e435366e0967a9b01a7c511c82ae4?s=96&d=mm&r=g","caption":"Einagrafic"},"sameAs":["https:\/\/www.franquiciescat.org"],"url":"https:\/\/www.franquiciescat.org\/es\/author\/einagrafic\/"}]}},"_links":{"self":[{"href":"https:\/\/www.franquiciescat.org\/es\/wp-json\/wp\/v2\/posts\/3136","targetHints":{"allow":["GET"]}}],"collection":[{"href":"https:\/\/www.franquiciescat.org\/es\/wp-json\/wp\/v2\/posts"}],"about":[{"href":"https:\/\/www.franquiciescat.org\/es\/wp-json\/wp\/v2\/types\/post"}],"author":[{"embeddable":true,"href":"https:\/\/www.franquiciescat.org\/es\/wp-json\/wp\/v2\/users\/1"}],"replies":[{"embeddable":true,"href":"https:\/\/www.franquiciescat.org\/es\/wp-json\/wp\/v2\/comments?post=3136"}],"version-history":[{"count":0,"href":"https:\/\/www.franquiciescat.org\/es\/wp-json\/wp\/v2\/posts\/3136\/revisions"}],"wp:featuredmedia":[{"embeddable":true,"href":"https:\/\/www.franquiciescat.org\/es\/wp-json\/wp\/v2\/media\/2600"}],"wp:attachment":[{"href":"https:\/\/www.franquiciescat.org\/es\/wp-json\/wp\/v2\/media?parent=3136"}],"wp:term":[{"taxonomy":"category","embeddable":true,"href":"https:\/\/www.franquiciescat.org\/es\/wp-json\/wp\/v2\/categories?post=3136"},{"taxonomy":"post_tag","embeddable":true,"href":"https:\/\/www.franquiciescat.org\/es\/wp-json\/wp\/v2\/tags?post=3136"}],"curies":[{"name":"wp","href":"https:\/\/api.w.org\/{rel}","templated":true}]}}