{"id":3137,"date":"2021-06-11T11:02:52","date_gmt":"2021-06-11T11:02:52","guid":{"rendered":"https:\/\/www.franquiciescat.org\/l-d-lights-y-dein-inter-decor-s-a-u-nuevo-servicio-homologado-de-la-afc\/"},"modified":"2021-06-11T11:02:52","modified_gmt":"2021-06-11T11:02:52","slug":"l-d-lights-y-dein-inter-decor-s-a-u-nuevo-servicio-homologado-de-la-afc","status":"publish","type":"post","link":"https:\/\/www.franquiciescat.org\/es\/l-d-lights-y-dein-inter-decor-s-a-u-nuevo-servicio-homologado-de-la-afc\/","title":{"rendered":"L &amp; D Lights\u00ae y DEIN INTER DECOR, S.A.U. nuevo servicio homologado de la AFC"},"content":{"rendered":"<p class=\"summary\">Firman un convenio de colaboraci\u00f3n y, ambas partes, abren un amplio abanico de acciones previstas en el acuerdo.<\/p>\n<p>&nbsp;<\/p>\n<p><img fetchpriority=\"high\" decoding=\"async\" class=\"alignnone size-medium wp-image-1807\" src=\"https:\/\/www.franquiciescat.org\/wp-content\/uploads\/2023\/06\/collage-afc-2021-ld-lights-low-01-1588347-300x300.jpg\" alt=\"\" width=\"300\" height=\"300\" srcset=\"https:\/\/www.franquiciescat.org\/wp-content\/uploads\/2023\/06\/collage-afc-2021-ld-lights-low-01-1588347-300x300.jpg 300w, https:\/\/www.franquiciescat.org\/wp-content\/uploads\/2023\/06\/collage-afc-2021-ld-lights-low-01-1588347-1024x1024.jpg 1024w, https:\/\/www.franquiciescat.org\/wp-content\/uploads\/2023\/06\/collage-afc-2021-ld-lights-low-01-1588347-150x150.jpg 150w, https:\/\/www.franquiciescat.org\/wp-content\/uploads\/2023\/06\/collage-afc-2021-ld-lights-low-01-1588347-768x768.jpg 768w, https:\/\/www.franquiciescat.org\/wp-content\/uploads\/2023\/06\/collage-afc-2021-ld-lights-low-01-1588347.jpg 1100w\" sizes=\"(max-width: 300px) 100vw, 300px\" \/>  <img decoding=\"async\" class=\"alignnone wp-image-1806\" src=\"https:\/\/www.franquiciescat.org\/wp-content\/uploads\/2023\/06\/afc-3-1588348-300x225.jpg\" alt=\"\" width=\"398\" height=\"299\" srcset=\"https:\/\/www.franquiciescat.org\/wp-content\/uploads\/2023\/06\/afc-3-1588348-300x225.jpg 300w, https:\/\/www.franquiciescat.org\/wp-content\/uploads\/2023\/06\/afc-3-1588348.jpg 350w\" sizes=\"(max-width: 398px) 100vw, 398px\" \/>  <img decoding=\"async\" class=\"alignnone wp-image-1808\" src=\"https:\/\/www.franquiciescat.org\/wp-content\/uploads\/2023\/06\/afc-11-1588349-225x300.jpg\" alt=\"\" width=\"222\" height=\"296\" srcset=\"https:\/\/www.franquiciescat.org\/wp-content\/uploads\/2023\/06\/afc-11-1588349-225x300.jpg 225w, https:\/\/www.franquiciescat.org\/wp-content\/uploads\/2023\/06\/afc-11-1588349.jpg 350w\" sizes=\"(max-width: 222px) 100vw, 222px\" \/><\/p>\n<p>&nbsp;<\/p>\n<p><strong>DEIN INTER DECOR, S.A.U. (DEIN) &#8211; L &amp; D Lights\u00ae<\/strong> y la<strong>Associaci\u00f3n de Franquicias de Catalunya<\/strong> han firmado un convenio de colaboraci\u00f3n por el que la empresa obtiene la categor\u00eda de <strong>servicio homologado de la AFC<\/strong>\u00bb y, ambas partes, abren un amplio abanico de acciones previstas en el acuerdo ratificado por el se\u00f1or <strong>Josep Cusc\u00f3<\/strong>, <strong>Director General<\/strong> de <strong>DEIN INTER DECOR, S.A.U.<\/strong>, y el <strong>presidente<\/strong> de la <strong>Asociaci\u00f3n<\/strong>, <strong>Xavier Vallhonrat.<\/strong><\/p>\n<p>Originariamente, <strong>DEIN<\/strong> tiene su actividad en el mundo de la <strong>decoraci\u00f3n singular, navide\u00f1a, eventos especiales, animatr\u00f3nica y decoraci\u00f3n promocional.<\/strong> Desde hace <strong>m\u00e1s de diez a\u00f1os<\/strong>, cuenta con <strong>L &amp; D Lights\u00ae<\/strong>, divisi\u00f3n especializada en iluminaci\u00f3n con <strong>tecnolog\u00eda LED de alto valor a\u00f1adido.<\/strong> Esta divisi\u00f3n aporta <strong>soluciones<\/strong> en <strong>campos muy diversos<\/strong>: comercial, hosteler\u00eda, restauraci\u00f3n, interiorismo, decoraci\u00f3n, arquitect\u00f3nica, entornos especiales (ATEX, salas blancas, iluminaci\u00f3n integradora (que reproduce la luz natural adapt\u00e1ndose al ritmo circadiano), as\u00ed como grandes instalaciones, tales como aeropuertos, instalaciones deportivas, aparcamientos, viales, etc.<\/p>\n<p><strong>L &amp; D Lights\u00ae<\/strong> trabaja con fabricantes vanguardistas de <strong>prestigio mundial<\/strong> con un <strong>I + D en constante perfeccionamiento<\/strong> y que <strong>cumplen con los criterios exhaustivos<\/strong> que la empresa establece. Tambi\u00e9n cuenta con <strong>ingenieros y especialistas<\/strong> para que sus <strong>proyectos de iluminaci\u00f3n<\/strong> dispongan de los niveles lum\u00ednicos y est\u00e9ticos m\u00e1s adecuados a cada caso.<\/p>\n<p>Para la <strong>AFC<\/strong> es una satisfacci\u00f3n contar con <strong>DEIN &#8211; L &amp; D Lights\u00ae<\/strong> entre los servicios homologados que ofrece a franquiciadores y franquiciados, ya que aporta unas <strong>soluciones imprescindibles<\/strong> para los miles de <strong>establecimientos comerciales y de servicios<\/strong> que re\u00fane la franquicia en el mercado catal\u00e1n.<\/p>\n","protected":false},"excerpt":{"rendered":"<p>Firman un convenio de colaboraci\u00f3n y, ambas partes, abren un amplio abanico de acciones previstas en el acuerdo. &nbsp; &nbsp; DEIN INTER DECOR, S.A.U. (DEIN) &#8211; L &amp; D Lights\u00ae y laAssociaci\u00f3n de Franquicias de Catalunya han firmado un convenio de colaboraci\u00f3n por el que la empresa obtiene la categor\u00eda de servicio homologado de la [&hellip;]<\/p>\n","protected":false},"author":1,"featured_media":2598,"comment_status":"open","ping_status":"open","sticky":false,"template":"","format":"standard","meta":{"footnotes":""},"categories":[72],"tags":[],"class_list":["post-3137","post","type-post","status-publish","format-standard","has-post-thumbnail","hentry","category-noticias"],"yoast_head":"<!-- This site is optimized with the Yoast SEO plugin v26.9 - https:\/\/yoast.com\/product\/yoast-seo-wordpress\/ -->\n<title>L &amp; D Lights\u00ae y DEIN INTER DECOR, S.A.U. nuevo servicio homologado de la AFC - Asociaci\u00f3n de Franqu\u00edcias de Catalunya<\/title>\n<meta name=\"robots\" content=\"index, follow, max-snippet:-1, max-image-preview:large, max-video-preview:-1\" \/>\n<link rel=\"canonical\" href=\"https:\/\/www.franquiciescat.org\/l-d-lights-y-dein-inter-decor-s-a-u-nuevo-servicio-homologado-de-la-afc\/\" \/>\n<meta property=\"og:locale\" content=\"es_ES\" \/>\n<meta property=\"og:type\" content=\"article\" \/>\n<meta property=\"og:title\" content=\"L &amp; D Lights\u00ae y DEIN INTER DECOR, S.A.U. nuevo servicio homologado de la AFC - Asociaci\u00f3n de Franqu\u00edcias de Catalunya\" \/>\n<meta property=\"og:description\" content=\"Firman un convenio de colaboraci\u00f3n y, ambas partes, abren un amplio abanico de acciones previstas en el acuerdo. &nbsp; &nbsp; DEIN INTER DECOR, S.A.U. (DEIN) &#8211; L &amp; D Lights\u00ae y laAssociaci\u00f3n de Franquicias de Catalunya han firmado un convenio de colaboraci\u00f3n por el que la empresa obtiene la categor\u00eda de servicio homologado de la [&hellip;]\" \/>\n<meta property=\"og:url\" content=\"https:\/\/www.franquiciescat.org\/l-d-lights-y-dein-inter-decor-s-a-u-nuevo-servicio-homologado-de-la-afc\/\" \/>\n<meta property=\"og:site_name\" content=\"Asociaci\u00f3n de Franqu\u00edcias de Catalunya\" \/>\n<meta property=\"article:published_time\" content=\"2021-06-11T11:02:52+00:00\" \/>\n<meta property=\"og:image\" content=\"https:\/\/www.franquiciescat.org\/wp-content\/uploads\/2023\/06\/collage-afc-2021-ld-lights-low-01-1588347-300x300.jpg\" \/>\n<meta name=\"author\" content=\"Einagrafic\" \/>\n<meta name=\"twitter:card\" content=\"summary_large_image\" \/>\n<meta name=\"twitter:label1\" content=\"Escrito por\" \/>\n\t<meta name=\"twitter:data1\" content=\"Einagrafic\" \/>\n\t<meta name=\"twitter:label2\" content=\"Tiempo de lectura\" \/>\n\t<meta name=\"twitter:data2\" content=\"2 minutos\" \/>\n<script type=\"application\/ld+json\" class=\"yoast-schema-graph\">{\"@context\":\"https:\/\/schema.org\",\"@graph\":[{\"@type\":\"Article\",\"@id\":\"https:\/\/www.franquiciescat.org\/l-d-lights-y-dein-inter-decor-s-a-u-nuevo-servicio-homologado-de-la-afc\/#article\",\"isPartOf\":{\"@id\":\"https:\/\/www.franquiciescat.org\/l-d-lights-y-dein-inter-decor-s-a-u-nuevo-servicio-homologado-de-la-afc\/\"},\"author\":{\"name\":\"Einagrafic\",\"@id\":\"https:\/\/www.franquiciescat.org\/#\/schema\/person\/f7cfeca2687a2d216942148b0f430be5\"},\"headline\":\"L &amp; D Lights\u00ae y DEIN INTER DECOR, S.A.U. nuevo servicio homologado de la AFC\",\"datePublished\":\"2021-06-11T11:02:52+00:00\",\"mainEntityOfPage\":{\"@id\":\"https:\/\/www.franquiciescat.org\/l-d-lights-y-dein-inter-decor-s-a-u-nuevo-servicio-homologado-de-la-afc\/\"},\"wordCount\":326,\"commentCount\":0,\"publisher\":{\"@id\":\"https:\/\/www.franquiciescat.org\/#organization\"},\"image\":{\"@id\":\"https:\/\/www.franquiciescat.org\/l-d-lights-y-dein-inter-decor-s-a-u-nuevo-servicio-homologado-de-la-afc\/#primaryimage\"},\"thumbnailUrl\":\"https:\/\/www.franquiciescat.org\/wp-content\/uploads\/2023\/06\/collage-afc-2021-ld-lights-low-01-1588347.jpg\",\"articleSection\":[\"Noticias\"],\"inLanguage\":\"es\"},{\"@type\":\"WebPage\",\"@id\":\"https:\/\/www.franquiciescat.org\/l-d-lights-y-dein-inter-decor-s-a-u-nuevo-servicio-homologado-de-la-afc\/\",\"url\":\"https:\/\/www.franquiciescat.org\/l-d-lights-y-dein-inter-decor-s-a-u-nuevo-servicio-homologado-de-la-afc\/\",\"name\":\"L &amp; D Lights\u00ae y DEIN INTER DECOR, S.A.U. nuevo servicio homologado de la AFC - Asociaci\u00f3n de Franqu\u00edcias de Catalunya\",\"isPartOf\":{\"@id\":\"https:\/\/www.franquiciescat.org\/#website\"},\"primaryImageOfPage\":{\"@id\":\"https:\/\/www.franquiciescat.org\/l-d-lights-y-dein-inter-decor-s-a-u-nuevo-servicio-homologado-de-la-afc\/#primaryimage\"},\"image\":{\"@id\":\"https:\/\/www.franquiciescat.org\/l-d-lights-y-dein-inter-decor-s-a-u-nuevo-servicio-homologado-de-la-afc\/#primaryimage\"},\"thumbnailUrl\":\"https:\/\/www.franquiciescat.org\/wp-content\/uploads\/2023\/06\/collage-afc-2021-ld-lights-low-01-1588347.jpg\",\"datePublished\":\"2021-06-11T11:02:52+00:00\",\"breadcrumb\":{\"@id\":\"https:\/\/www.franquiciescat.org\/l-d-lights-y-dein-inter-decor-s-a-u-nuevo-servicio-homologado-de-la-afc\/#breadcrumb\"},\"inLanguage\":\"es\",\"potentialAction\":[{\"@type\":\"ReadAction\",\"target\":[\"https:\/\/www.franquiciescat.org\/l-d-lights-y-dein-inter-decor-s-a-u-nuevo-servicio-homologado-de-la-afc\/\"]}]},{\"@type\":\"ImageObject\",\"inLanguage\":\"es\",\"@id\":\"https:\/\/www.franquiciescat.org\/l-d-lights-y-dein-inter-decor-s-a-u-nuevo-servicio-homologado-de-la-afc\/#primaryimage\",\"url\":\"https:\/\/www.franquiciescat.org\/wp-content\/uploads\/2023\/06\/collage-afc-2021-ld-lights-low-01-1588347.jpg\",\"contentUrl\":\"https:\/\/www.franquiciescat.org\/wp-content\/uploads\/2023\/06\/collage-afc-2021-ld-lights-low-01-1588347.jpg\",\"width\":1100,\"height\":1100},{\"@type\":\"BreadcrumbList\",\"@id\":\"https:\/\/www.franquiciescat.org\/l-d-lights-y-dein-inter-decor-s-a-u-nuevo-servicio-homologado-de-la-afc\/#breadcrumb\",\"itemListElement\":[{\"@type\":\"ListItem\",\"position\":1,\"name\":\"Inici\",\"item\":\"https:\/\/www.franquiciescat.org\/\"},{\"@type\":\"ListItem\",\"position\":2,\"name\":\"L &amp; D Lights\u00ae y DEIN INTER DECOR, S.A.U. nuevo servicio homologado de la AFC\"}]},{\"@type\":\"WebSite\",\"@id\":\"https:\/\/www.franquiciescat.org\/#website\",\"url\":\"https:\/\/www.franquiciescat.org\/\",\"name\":\"Associaci\u00f3 de Franqu\u00edcies de Catalunya\",\"description\":\"Asociaci\u00f3n de Franqu\u00edcias de Catalunya\",\"publisher\":{\"@id\":\"https:\/\/www.franquiciescat.org\/#organization\"},\"potentialAction\":[{\"@type\":\"SearchAction\",\"target\":{\"@type\":\"EntryPoint\",\"urlTemplate\":\"https:\/\/www.franquiciescat.org\/?s={search_term_string}\"},\"query-input\":{\"@type\":\"PropertyValueSpecification\",\"valueRequired\":true,\"valueName\":\"search_term_string\"}}],\"inLanguage\":\"es\"},{\"@type\":\"Organization\",\"@id\":\"https:\/\/www.franquiciescat.org\/#organization\",\"name\":\"Associaci\u00f3 de Franqu\u00edcies de Catalunya\",\"url\":\"https:\/\/www.franquiciescat.org\/\",\"logo\":{\"@type\":\"ImageObject\",\"inLanguage\":\"es\",\"@id\":\"https:\/\/www.franquiciescat.org\/#\/schema\/logo\/image\/\",\"url\":\"https:\/\/www.franquiciescat.org\/wp-content\/uploads\/2023\/05\/logo-afc.png\",\"contentUrl\":\"https:\/\/www.franquiciescat.org\/wp-content\/uploads\/2023\/05\/logo-afc.png\",\"width\":640,\"height\":171,\"caption\":\"Associaci\u00f3 de Franqu\u00edcies de Catalunya\"},\"image\":{\"@id\":\"https:\/\/www.franquiciescat.org\/#\/schema\/logo\/image\/\"}},{\"@type\":\"Person\",\"@id\":\"https:\/\/www.franquiciescat.org\/#\/schema\/person\/f7cfeca2687a2d216942148b0f430be5\",\"name\":\"Einagrafic\",\"image\":{\"@type\":\"ImageObject\",\"inLanguage\":\"es\",\"@id\":\"https:\/\/www.franquiciescat.org\/#\/schema\/person\/image\/\",\"url\":\"https:\/\/secure.gravatar.com\/avatar\/cc75d3f0c33e859c04998660c0362167519e435366e0967a9b01a7c511c82ae4?s=96&d=mm&r=g\",\"contentUrl\":\"https:\/\/secure.gravatar.com\/avatar\/cc75d3f0c33e859c04998660c0362167519e435366e0967a9b01a7c511c82ae4?s=96&d=mm&r=g\",\"caption\":\"Einagrafic\"},\"sameAs\":[\"https:\/\/www.franquiciescat.org\"],\"url\":\"https:\/\/www.franquiciescat.org\/es\/author\/einagrafic\/\"}]}<\/script>\n<!-- \/ Yoast SEO plugin. -->","yoast_head_json":{"title":"L &amp; D Lights\u00ae y DEIN INTER DECOR, S.A.U. nuevo servicio homologado de la AFC - Asociaci\u00f3n de Franqu\u00edcias de Catalunya","robots":{"index":"index","follow":"follow","max-snippet":"max-snippet:-1","max-image-preview":"max-image-preview:large","max-video-preview":"max-video-preview:-1"},"canonical":"https:\/\/www.franquiciescat.org\/l-d-lights-y-dein-inter-decor-s-a-u-nuevo-servicio-homologado-de-la-afc\/","og_locale":"es_ES","og_type":"article","og_title":"L &amp; D Lights\u00ae y DEIN INTER DECOR, S.A.U. nuevo servicio homologado de la AFC - Asociaci\u00f3n de Franqu\u00edcias de Catalunya","og_description":"Firman un convenio de colaboraci\u00f3n y, ambas partes, abren un amplio abanico de acciones previstas en el acuerdo. &nbsp; &nbsp; DEIN INTER DECOR, S.A.U. (DEIN) &#8211; L &amp; D Lights\u00ae y laAssociaci\u00f3n de Franquicias de Catalunya han firmado un convenio de colaboraci\u00f3n por el que la empresa obtiene la categor\u00eda de servicio homologado de la [&hellip;]","og_url":"https:\/\/www.franquiciescat.org\/l-d-lights-y-dein-inter-decor-s-a-u-nuevo-servicio-homologado-de-la-afc\/","og_site_name":"Asociaci\u00f3n de Franqu\u00edcias de Catalunya","article_published_time":"2021-06-11T11:02:52+00:00","og_image":[{"url":"https:\/\/www.franquiciescat.org\/wp-content\/uploads\/2023\/06\/collage-afc-2021-ld-lights-low-01-1588347-300x300.jpg","type":"","width":"","height":""}],"author":"Einagrafic","twitter_card":"summary_large_image","twitter_misc":{"Escrito por":"Einagrafic","Tiempo de lectura":"2 minutos"},"schema":{"@context":"https:\/\/schema.org","@graph":[{"@type":"Article","@id":"https:\/\/www.franquiciescat.org\/l-d-lights-y-dein-inter-decor-s-a-u-nuevo-servicio-homologado-de-la-afc\/#article","isPartOf":{"@id":"https:\/\/www.franquiciescat.org\/l-d-lights-y-dein-inter-decor-s-a-u-nuevo-servicio-homologado-de-la-afc\/"},"author":{"name":"Einagrafic","@id":"https:\/\/www.franquiciescat.org\/#\/schema\/person\/f7cfeca2687a2d216942148b0f430be5"},"headline":"L &amp; D Lights\u00ae y DEIN INTER DECOR, S.A.U. nuevo servicio homologado de la AFC","datePublished":"2021-06-11T11:02:52+00:00","mainEntityOfPage":{"@id":"https:\/\/www.franquiciescat.org\/l-d-lights-y-dein-inter-decor-s-a-u-nuevo-servicio-homologado-de-la-afc\/"},"wordCount":326,"commentCount":0,"publisher":{"@id":"https:\/\/www.franquiciescat.org\/#organization"},"image":{"@id":"https:\/\/www.franquiciescat.org\/l-d-lights-y-dein-inter-decor-s-a-u-nuevo-servicio-homologado-de-la-afc\/#primaryimage"},"thumbnailUrl":"https:\/\/www.franquiciescat.org\/wp-content\/uploads\/2023\/06\/collage-afc-2021-ld-lights-low-01-1588347.jpg","articleSection":["Noticias"],"inLanguage":"es"},{"@type":"WebPage","@id":"https:\/\/www.franquiciescat.org\/l-d-lights-y-dein-inter-decor-s-a-u-nuevo-servicio-homologado-de-la-afc\/","url":"https:\/\/www.franquiciescat.org\/l-d-lights-y-dein-inter-decor-s-a-u-nuevo-servicio-homologado-de-la-afc\/","name":"L &amp; D Lights\u00ae y DEIN INTER DECOR, S.A.U. nuevo servicio homologado de la AFC - Asociaci\u00f3n de Franqu\u00edcias de Catalunya","isPartOf":{"@id":"https:\/\/www.franquiciescat.org\/#website"},"primaryImageOfPage":{"@id":"https:\/\/www.franquiciescat.org\/l-d-lights-y-dein-inter-decor-s-a-u-nuevo-servicio-homologado-de-la-afc\/#primaryimage"},"image":{"@id":"https:\/\/www.franquiciescat.org\/l-d-lights-y-dein-inter-decor-s-a-u-nuevo-servicio-homologado-de-la-afc\/#primaryimage"},"thumbnailUrl":"https:\/\/www.franquiciescat.org\/wp-content\/uploads\/2023\/06\/collage-afc-2021-ld-lights-low-01-1588347.jpg","datePublished":"2021-06-11T11:02:52+00:00","breadcrumb":{"@id":"https:\/\/www.franquiciescat.org\/l-d-lights-y-dein-inter-decor-s-a-u-nuevo-servicio-homologado-de-la-afc\/#breadcrumb"},"inLanguage":"es","potentialAction":[{"@type":"ReadAction","target":["https:\/\/www.franquiciescat.org\/l-d-lights-y-dein-inter-decor-s-a-u-nuevo-servicio-homologado-de-la-afc\/"]}]},{"@type":"ImageObject","inLanguage":"es","@id":"https:\/\/www.franquiciescat.org\/l-d-lights-y-dein-inter-decor-s-a-u-nuevo-servicio-homologado-de-la-afc\/#primaryimage","url":"https:\/\/www.franquiciescat.org\/wp-content\/uploads\/2023\/06\/collage-afc-2021-ld-lights-low-01-1588347.jpg","contentUrl":"https:\/\/www.franquiciescat.org\/wp-content\/uploads\/2023\/06\/collage-afc-2021-ld-lights-low-01-1588347.jpg","width":1100,"height":1100},{"@type":"BreadcrumbList","@id":"https:\/\/www.franquiciescat.org\/l-d-lights-y-dein-inter-decor-s-a-u-nuevo-servicio-homologado-de-la-afc\/#breadcrumb","itemListElement":[{"@type":"ListItem","position":1,"name":"Inici","item":"https:\/\/www.franquiciescat.org\/"},{"@type":"ListItem","position":2,"name":"L &amp; D Lights\u00ae y DEIN INTER DECOR, S.A.U. nuevo servicio homologado de la AFC"}]},{"@type":"WebSite","@id":"https:\/\/www.franquiciescat.org\/#website","url":"https:\/\/www.franquiciescat.org\/","name":"Associaci\u00f3 de Franqu\u00edcies de Catalunya","description":"Asociaci\u00f3n de Franqu\u00edcias de Catalunya","publisher":{"@id":"https:\/\/www.franquiciescat.org\/#organization"},"potentialAction":[{"@type":"SearchAction","target":{"@type":"EntryPoint","urlTemplate":"https:\/\/www.franquiciescat.org\/?s={search_term_string}"},"query-input":{"@type":"PropertyValueSpecification","valueRequired":true,"valueName":"search_term_string"}}],"inLanguage":"es"},{"@type":"Organization","@id":"https:\/\/www.franquiciescat.org\/#organization","name":"Associaci\u00f3 de Franqu\u00edcies de Catalunya","url":"https:\/\/www.franquiciescat.org\/","logo":{"@type":"ImageObject","inLanguage":"es","@id":"https:\/\/www.franquiciescat.org\/#\/schema\/logo\/image\/","url":"https:\/\/www.franquiciescat.org\/wp-content\/uploads\/2023\/05\/logo-afc.png","contentUrl":"https:\/\/www.franquiciescat.org\/wp-content\/uploads\/2023\/05\/logo-afc.png","width":640,"height":171,"caption":"Associaci\u00f3 de Franqu\u00edcies de Catalunya"},"image":{"@id":"https:\/\/www.franquiciescat.org\/#\/schema\/logo\/image\/"}},{"@type":"Person","@id":"https:\/\/www.franquiciescat.org\/#\/schema\/person\/f7cfeca2687a2d216942148b0f430be5","name":"Einagrafic","image":{"@type":"ImageObject","inLanguage":"es","@id":"https:\/\/www.franquiciescat.org\/#\/schema\/person\/image\/","url":"https:\/\/secure.gravatar.com\/avatar\/cc75d3f0c33e859c04998660c0362167519e435366e0967a9b01a7c511c82ae4?s=96&d=mm&r=g","contentUrl":"https:\/\/secure.gravatar.com\/avatar\/cc75d3f0c33e859c04998660c0362167519e435366e0967a9b01a7c511c82ae4?s=96&d=mm&r=g","caption":"Einagrafic"},"sameAs":["https:\/\/www.franquiciescat.org"],"url":"https:\/\/www.franquiciescat.org\/es\/author\/einagrafic\/"}]}},"_links":{"self":[{"href":"https:\/\/www.franquiciescat.org\/es\/wp-json\/wp\/v2\/posts\/3137","targetHints":{"allow":["GET"]}}],"collection":[{"href":"https:\/\/www.franquiciescat.org\/es\/wp-json\/wp\/v2\/posts"}],"about":[{"href":"https:\/\/www.franquiciescat.org\/es\/wp-json\/wp\/v2\/types\/post"}],"author":[{"embeddable":true,"href":"https:\/\/www.franquiciescat.org\/es\/wp-json\/wp\/v2\/users\/1"}],"replies":[{"embeddable":true,"href":"https:\/\/www.franquiciescat.org\/es\/wp-json\/wp\/v2\/comments?post=3137"}],"version-history":[{"count":0,"href":"https:\/\/www.franquiciescat.org\/es\/wp-json\/wp\/v2\/posts\/3137\/revisions"}],"wp:featuredmedia":[{"embeddable":true,"href":"https:\/\/www.franquiciescat.org\/es\/wp-json\/wp\/v2\/media\/2598"}],"wp:attachment":[{"href":"https:\/\/www.franquiciescat.org\/es\/wp-json\/wp\/v2\/media?parent=3137"}],"wp:term":[{"taxonomy":"category","embeddable":true,"href":"https:\/\/www.franquiciescat.org\/es\/wp-json\/wp\/v2\/categories?post=3137"},{"taxonomy":"post_tag","embeddable":true,"href":"https:\/\/www.franquiciescat.org\/es\/wp-json\/wp\/v2\/tags?post=3137"}],"curies":[{"name":"wp","href":"https:\/\/api.w.org\/{rel}","templated":true}]}}