{"id":3143,"date":"2021-04-12T10:50:36","date_gmt":"2021-04-12T10:50:36","guid":{"rendered":"https:\/\/www.franquiciescat.org\/elefante-azul-inaugura-un-nuevo-establecimiento-en-menorca-alcanzando-los-61-en-espana\/"},"modified":"2023-07-05T21:56:08","modified_gmt":"2023-07-05T21:56:08","slug":"elefante-azul-inaugura-un-nuevo-establecimiento-en-menorca-alcanzando-los-61-en-espana","status":"publish","type":"post","link":"https:\/\/www.franquiciescat.org\/es\/elefante-azul-inaugura-un-nuevo-establecimiento-en-menorca-alcanzando-los-61-en-espana\/","title":{"rendered":"Elefante Azul inaugura un nuevo establecimiento en Menorca, alcanzando los 61 en Espa\u00f1a"},"content":{"rendered":"<p class=\"summary\">El nuevo centro Elefante Azul, ubicado en Ciutadella (Menorca, Islas Baleares), dispone de 3 pistas de lavado a presi\u00f3n, limpia llantas y una zona amplia para la limpieza interior del coche.<\/p>\n<p><img fetchpriority=\"high\" decoding=\"async\" class=\"alignnone wp-image-1791\" src=\"https:\/\/www.franquiciescat.org\/wp-content\/uploads\/2021\/04\/img-20210406-174142-1529936-300x225.jpg\" alt=\"\" width=\"795\" height=\"596\" srcset=\"https:\/\/www.franquiciescat.org\/wp-content\/uploads\/2021\/04\/img-20210406-174142-1529936-300x225.jpg 300w, https:\/\/www.franquiciescat.org\/wp-content\/uploads\/2021\/04\/img-20210406-174142-1529936-1024x768.jpg 1024w, https:\/\/www.franquiciescat.org\/wp-content\/uploads\/2021\/04\/img-20210406-174142-1529936-768x576.jpg 768w, https:\/\/www.franquiciescat.org\/wp-content\/uploads\/2021\/04\/img-20210406-174142-1529936-800x600.jpg 800w, https:\/\/www.franquiciescat.org\/wp-content\/uploads\/2021\/04\/img-20210406-174142-1529936.jpg 1100w\" sizes=\"(max-width: 795px) 100vw, 795px\" \/><\/p>\n<p><strong>La compa\u00f1\u00eda ha invertido 160.000 euros para construir este nuevo establecimiento que cuenta con una superficie de 400 metros cuadrados.<\/strong><\/p>\n<p><em><strong>Abril, 2021 <\/strong><\/em>\u2013 <a href=\"https:\/\/elefanteazul.com\/\"><strong>Elefante Azul<\/strong><\/a>, primera empresa europea pionera en el lavado de coches a alta presi\u00f3n, perteneciente al <em>holding <\/em><strong><a href=\"https:\/\/grupomoure.com\/\">Grupo Moure<\/a><\/strong>, continua su expansi\u00f3n por Espa\u00f1a con la inauguraci\u00f3n de un<strong> nuevo establecimiento de 400 metros cuadrados ubicado en Calle dels Ferrers 12, en Ciutadella (Menorca, Islas Baleares)<\/strong>, alcanzando as\u00ed<strong> los 61 centros en todo el territorio nacional.<\/strong>. La compa\u00f1\u00eda <strong>ha invertido 160.000 euros<\/strong> en la apertura de este nuevo centro, en el que se han instalado 3 pistas de lavado a presi\u00f3n (2 cubiertas y 1 descubierta para lavar furgonetas, camiones y remolques de embarcaciones), limpia llantas y una amplia zona dedicada a la limpieza interior del coche.<\/p>\n<p>\u201c<em>A pesar de la incertidumbre generada por la crisis de la COVID19 tenemos unos objetivos muy claros para <strong>seguir creciendo y expandir nuestra marca.<\/strong>. Por este mismo motivo llevamos un tiempo desarrollando este gran proyecto que, tras un arduo trabajo, estamos muy orgullosos presentar<\/em>\u201d, destaca <strong>Manel Montero, director general de Grupo Moure.<\/strong><\/p>\n<p>De igual manera que en el resto de los centros de Elefante Azul, es posible realizar el pago del servicio en efectivo, con fichas o con la tarjeta de lavado, la cual tambi\u00e9n ofrece un descuento del 20%. Por otro lado, en el mismo espacio y desde 2015 se ubica la <strong>gasolinera \u2018Quality Low Cost\u2019 <a href=\"https:\/\/autonetoil.com\/\">Autonetoil,<\/a><\/strong> tambi\u00e9n perteneciente al Grupo Moure.<\/p>\n<p>Montero asegura que, \u201c<em>el 2021 ser\u00e1 un a\u00f1o repleto de proyectos muy ambiciosos. Adem\u00e1s de instalar establecimientos propios, lanzaremos una promoci\u00f3n especial para acceder a la franquicia mediante la transformaci\u00f3n de centros ya existentes<\/em>\u201d. A esto a\u00f1ade \u201c<em>Constantemente buscamos innovar y mejorar nuestra gesti\u00f3n para poder ofrecer mejores servicios y productos<\/em>\u201d.<\/p>\n<p>Este nuevo establecimiento de Elefante Azul es el segundo de la isla. El primero se encuentra en la ciudad de Ma\u00f3, en Calle de Artrutx 7, desde 2016.<\/p>\n<p><strong>Sobre Grupo Moure<\/strong><\/p>\n<p><a href=\"https:\/\/grupomoure.com\/\">Grupo Moure<\/a> es un <em>holding<\/em> fundado en 1996 con presencia en el sector energ\u00e9tico y <em>carwash<\/em>, entre otros, que engloba las empresas <a href=\"https:\/\/elefanteazul.com\/\">Elefante Azul,<\/a> <a href=\"https:\/\/autonetoil.com\/\">Autonetoil<\/a>, <a href=\"https:\/\/petronet.es\/\">Petronet<\/a> y Washnet Factory. <strong>Elefante Azul<\/strong>,con m\u00e1s de 30 a\u00f1os de experiencia en el sector, es la primera empresa europea pionera en el lavado de coches a alta presi\u00f3n, garantizando la mayor eficacia gracias a sus sistemas exclusivos, f\u00e1ciles y flexibles para el cliente; <strong>Autonetoil <\/strong>es una red de gasolineras \u2018Quality Low Cost\u2019 que cuenta con 14 centros a nivel nacional; <strong>Petronet <\/strong>es distribuidora n\u00ba 1 en Espa\u00f1a de piezas de <em>carwash<\/em> y, finalmente, <strong>Washnet Factory<\/strong>, est\u00e1 especializada en la fabricaci\u00f3n e instalaci\u00f3n de centros de lavado.<\/p>\n<p><strong>Si te interesa tener m\u00e1s informaci\u00f3n sobre Grupo Moure, solicitar disponibilidad para concertar entrevista con alguno de sus portavoces o tienes cualquier consulta relacionada con la empresa, no dudes en ponerte en contacto con nosotros.<\/strong><\/p>\n<p>&nbsp;<\/p>\n<p style=\"text-align: right;\">Marga Ca\u00f1ellas \/ Laura Sali P\u00e9rez<\/p>\n<p style=\"text-align: right;\">+ 34 689 688 822 \/ + 34 667 656 269<\/p>\n<p style=\"text-align: right;\">Departamento de Comunicaci\u00f3n<\/p>\n<p style=\"text-align: right;\"><a href=\"mailto:press@grupomoure.com\">press@grupomoure.com<\/a><\/p>\n","protected":false},"excerpt":{"rendered":"<p>El nuevo centro Elefante Azul, ubicado en Ciutadella (Menorca, Islas Baleares), dispone de 3 pistas de lavado a presi\u00f3n, limpia llantas y una zona amplia para la limpieza interior del coche. La compa\u00f1\u00eda ha invertido 160.000 euros para construir este nuevo establecimiento que cuenta con una superficie de 400 metros cuadrados. Abril, 2021 \u2013 Elefante [&hellip;]<\/p>\n","protected":false},"author":1,"featured_media":2592,"comment_status":"open","ping_status":"open","sticky":false,"template":"","format":"standard","meta":{"footnotes":""},"categories":[72],"tags":[],"class_list":["post-3143","post","type-post","status-publish","format-standard","has-post-thumbnail","hentry","category-noticias"],"yoast_head":"<!-- This site is optimized with the Yoast SEO plugin v26.9 - https:\/\/yoast.com\/product\/yoast-seo-wordpress\/ -->\n<title>Elefante Azul inaugura un nuevo establecimiento en Menorca, alcanzando los 61 en Espa\u00f1a - Asociaci\u00f3n de Franqu\u00edcias de Catalunya<\/title>\n<meta name=\"robots\" content=\"index, follow, max-snippet:-1, max-image-preview:large, max-video-preview:-1\" \/>\n<link rel=\"canonical\" href=\"https:\/\/www.franquiciescat.org\/es\/elefante-azul-inaugura-un-nuevo-establecimiento-en-menorca-alcanzando-los-61-en-espana\/\" \/>\n<meta property=\"og:locale\" content=\"es_ES\" \/>\n<meta property=\"og:type\" content=\"article\" \/>\n<meta property=\"og:title\" content=\"Elefante Azul inaugura un nuevo establecimiento en Menorca, alcanzando los 61 en Espa\u00f1a - Asociaci\u00f3n de Franqu\u00edcias de Catalunya\" \/>\n<meta property=\"og:description\" content=\"El nuevo centro Elefante Azul, ubicado en Ciutadella (Menorca, Islas Baleares), dispone de 3 pistas de lavado a presi\u00f3n, limpia llantas y una zona amplia para la limpieza interior del coche. La compa\u00f1\u00eda ha invertido 160.000 euros para construir este nuevo establecimiento que cuenta con una superficie de 400 metros cuadrados. Abril, 2021 \u2013 Elefante [&hellip;]\" \/>\n<meta property=\"og:url\" content=\"https:\/\/www.franquiciescat.org\/es\/elefante-azul-inaugura-un-nuevo-establecimiento-en-menorca-alcanzando-los-61-en-espana\/\" \/>\n<meta property=\"og:site_name\" content=\"Asociaci\u00f3n de Franqu\u00edcias de Catalunya\" \/>\n<meta property=\"article:published_time\" content=\"2021-04-12T10:50:36+00:00\" \/>\n<meta property=\"article:modified_time\" content=\"2023-07-05T21:56:08+00:00\" \/>\n<meta property=\"og:image\" content=\"https:\/\/www.franquiciescat.org\/wp-content\/uploads\/2021\/04\/img-20210406-174142-1529936.jpg\" \/>\n\t<meta property=\"og:image:width\" content=\"1100\" \/>\n\t<meta property=\"og:image:height\" content=\"825\" \/>\n\t<meta property=\"og:image:type\" content=\"image\/jpeg\" \/>\n<meta name=\"author\" content=\"Einagrafic\" \/>\n<meta name=\"twitter:card\" content=\"summary_large_image\" \/>\n<meta name=\"twitter:label1\" content=\"Escrito por\" \/>\n\t<meta name=\"twitter:data1\" content=\"Einagrafic\" \/>\n\t<meta name=\"twitter:label2\" content=\"Tiempo de lectura\" \/>\n\t<meta name=\"twitter:data2\" content=\"3 minutos\" \/>\n<script type=\"application\/ld+json\" class=\"yoast-schema-graph\">{\"@context\":\"https:\/\/schema.org\",\"@graph\":[{\"@type\":\"Article\",\"@id\":\"https:\/\/www.franquiciescat.org\/es\/elefante-azul-inaugura-un-nuevo-establecimiento-en-menorca-alcanzando-los-61-en-espana\/#article\",\"isPartOf\":{\"@id\":\"https:\/\/www.franquiciescat.org\/es\/elefante-azul-inaugura-un-nuevo-establecimiento-en-menorca-alcanzando-los-61-en-espana\/\"},\"author\":{\"name\":\"Einagrafic\",\"@id\":\"https:\/\/www.franquiciescat.org\/#\/schema\/person\/f7cfeca2687a2d216942148b0f430be5\"},\"headline\":\"Elefante Azul inaugura un nuevo establecimiento en Menorca, alcanzando los 61 en Espa\u00f1a\",\"datePublished\":\"2021-04-12T10:50:36+00:00\",\"dateModified\":\"2023-07-05T21:56:08+00:00\",\"mainEntityOfPage\":{\"@id\":\"https:\/\/www.franquiciescat.org\/es\/elefante-azul-inaugura-un-nuevo-establecimiento-en-menorca-alcanzando-los-61-en-espana\/\"},\"wordCount\":537,\"commentCount\":0,\"publisher\":{\"@id\":\"https:\/\/www.franquiciescat.org\/#organization\"},\"image\":{\"@id\":\"https:\/\/www.franquiciescat.org\/es\/elefante-azul-inaugura-un-nuevo-establecimiento-en-menorca-alcanzando-los-61-en-espana\/#primaryimage\"},\"thumbnailUrl\":\"https:\/\/www.franquiciescat.org\/wp-content\/uploads\/2021\/04\/img-20210406-174142-1529936.jpg\",\"articleSection\":[\"Noticias\"],\"inLanguage\":\"es\"},{\"@type\":\"WebPage\",\"@id\":\"https:\/\/www.franquiciescat.org\/es\/elefante-azul-inaugura-un-nuevo-establecimiento-en-menorca-alcanzando-los-61-en-espana\/\",\"url\":\"https:\/\/www.franquiciescat.org\/es\/elefante-azul-inaugura-un-nuevo-establecimiento-en-menorca-alcanzando-los-61-en-espana\/\",\"name\":\"Elefante Azul inaugura un nuevo establecimiento en Menorca, alcanzando los 61 en Espa\u00f1a - Asociaci\u00f3n de Franqu\u00edcias de Catalunya\",\"isPartOf\":{\"@id\":\"https:\/\/www.franquiciescat.org\/#website\"},\"primaryImageOfPage\":{\"@id\":\"https:\/\/www.franquiciescat.org\/es\/elefante-azul-inaugura-un-nuevo-establecimiento-en-menorca-alcanzando-los-61-en-espana\/#primaryimage\"},\"image\":{\"@id\":\"https:\/\/www.franquiciescat.org\/es\/elefante-azul-inaugura-un-nuevo-establecimiento-en-menorca-alcanzando-los-61-en-espana\/#primaryimage\"},\"thumbnailUrl\":\"https:\/\/www.franquiciescat.org\/wp-content\/uploads\/2021\/04\/img-20210406-174142-1529936.jpg\",\"datePublished\":\"2021-04-12T10:50:36+00:00\",\"dateModified\":\"2023-07-05T21:56:08+00:00\",\"breadcrumb\":{\"@id\":\"https:\/\/www.franquiciescat.org\/es\/elefante-azul-inaugura-un-nuevo-establecimiento-en-menorca-alcanzando-los-61-en-espana\/#breadcrumb\"},\"inLanguage\":\"es\",\"potentialAction\":[{\"@type\":\"ReadAction\",\"target\":[\"https:\/\/www.franquiciescat.org\/es\/elefante-azul-inaugura-un-nuevo-establecimiento-en-menorca-alcanzando-los-61-en-espana\/\"]}]},{\"@type\":\"ImageObject\",\"inLanguage\":\"es\",\"@id\":\"https:\/\/www.franquiciescat.org\/es\/elefante-azul-inaugura-un-nuevo-establecimiento-en-menorca-alcanzando-los-61-en-espana\/#primaryimage\",\"url\":\"https:\/\/www.franquiciescat.org\/wp-content\/uploads\/2021\/04\/img-20210406-174142-1529936.jpg\",\"contentUrl\":\"https:\/\/www.franquiciescat.org\/wp-content\/uploads\/2021\/04\/img-20210406-174142-1529936.jpg\",\"width\":1100,\"height\":825},{\"@type\":\"BreadcrumbList\",\"@id\":\"https:\/\/www.franquiciescat.org\/es\/elefante-azul-inaugura-un-nuevo-establecimiento-en-menorca-alcanzando-los-61-en-espana\/#breadcrumb\",\"itemListElement\":[{\"@type\":\"ListItem\",\"position\":1,\"name\":\"Inici\",\"item\":\"https:\/\/www.franquiciescat.org\/\"},{\"@type\":\"ListItem\",\"position\":2,\"name\":\"Elefante Azul inaugura un nuevo establecimiento en Menorca, alcanzando los 61 en Espa\u00f1a\"}]},{\"@type\":\"WebSite\",\"@id\":\"https:\/\/www.franquiciescat.org\/#website\",\"url\":\"https:\/\/www.franquiciescat.org\/\",\"name\":\"Associaci\u00f3 de Franqu\u00edcies de Catalunya\",\"description\":\"Asociaci\u00f3n de Franqu\u00edcias de Catalunya\",\"publisher\":{\"@id\":\"https:\/\/www.franquiciescat.org\/#organization\"},\"potentialAction\":[{\"@type\":\"SearchAction\",\"target\":{\"@type\":\"EntryPoint\",\"urlTemplate\":\"https:\/\/www.franquiciescat.org\/?s={search_term_string}\"},\"query-input\":{\"@type\":\"PropertyValueSpecification\",\"valueRequired\":true,\"valueName\":\"search_term_string\"}}],\"inLanguage\":\"es\"},{\"@type\":\"Organization\",\"@id\":\"https:\/\/www.franquiciescat.org\/#organization\",\"name\":\"Associaci\u00f3 de Franqu\u00edcies de Catalunya\",\"url\":\"https:\/\/www.franquiciescat.org\/\",\"logo\":{\"@type\":\"ImageObject\",\"inLanguage\":\"es\",\"@id\":\"https:\/\/www.franquiciescat.org\/#\/schema\/logo\/image\/\",\"url\":\"https:\/\/www.franquiciescat.org\/wp-content\/uploads\/2023\/05\/logo-afc.png\",\"contentUrl\":\"https:\/\/www.franquiciescat.org\/wp-content\/uploads\/2023\/05\/logo-afc.png\",\"width\":640,\"height\":171,\"caption\":\"Associaci\u00f3 de Franqu\u00edcies de Catalunya\"},\"image\":{\"@id\":\"https:\/\/www.franquiciescat.org\/#\/schema\/logo\/image\/\"}},{\"@type\":\"Person\",\"@id\":\"https:\/\/www.franquiciescat.org\/#\/schema\/person\/f7cfeca2687a2d216942148b0f430be5\",\"name\":\"Einagrafic\",\"image\":{\"@type\":\"ImageObject\",\"inLanguage\":\"es\",\"@id\":\"https:\/\/www.franquiciescat.org\/#\/schema\/person\/image\/\",\"url\":\"https:\/\/secure.gravatar.com\/avatar\/cc75d3f0c33e859c04998660c0362167519e435366e0967a9b01a7c511c82ae4?s=96&d=mm&r=g\",\"contentUrl\":\"https:\/\/secure.gravatar.com\/avatar\/cc75d3f0c33e859c04998660c0362167519e435366e0967a9b01a7c511c82ae4?s=96&d=mm&r=g\",\"caption\":\"Einagrafic\"},\"sameAs\":[\"https:\/\/www.franquiciescat.org\"],\"url\":\"https:\/\/www.franquiciescat.org\/es\/author\/einagrafic\/\"}]}<\/script>\n<!-- \/ Yoast SEO plugin. -->","yoast_head_json":{"title":"Elefante Azul inaugura un nuevo establecimiento en Menorca, alcanzando los 61 en Espa\u00f1a - Asociaci\u00f3n de Franqu\u00edcias de Catalunya","robots":{"index":"index","follow":"follow","max-snippet":"max-snippet:-1","max-image-preview":"max-image-preview:large","max-video-preview":"max-video-preview:-1"},"canonical":"https:\/\/www.franquiciescat.org\/es\/elefante-azul-inaugura-un-nuevo-establecimiento-en-menorca-alcanzando-los-61-en-espana\/","og_locale":"es_ES","og_type":"article","og_title":"Elefante Azul inaugura un nuevo establecimiento en Menorca, alcanzando los 61 en Espa\u00f1a - Asociaci\u00f3n de Franqu\u00edcias de Catalunya","og_description":"El nuevo centro Elefante Azul, ubicado en Ciutadella (Menorca, Islas Baleares), dispone de 3 pistas de lavado a presi\u00f3n, limpia llantas y una zona amplia para la limpieza interior del coche. La compa\u00f1\u00eda ha invertido 160.000 euros para construir este nuevo establecimiento que cuenta con una superficie de 400 metros cuadrados. Abril, 2021 \u2013 Elefante [&hellip;]","og_url":"https:\/\/www.franquiciescat.org\/es\/elefante-azul-inaugura-un-nuevo-establecimiento-en-menorca-alcanzando-los-61-en-espana\/","og_site_name":"Asociaci\u00f3n de Franqu\u00edcias de Catalunya","article_published_time":"2021-04-12T10:50:36+00:00","article_modified_time":"2023-07-05T21:56:08+00:00","og_image":[{"width":1100,"height":825,"url":"https:\/\/www.franquiciescat.org\/wp-content\/uploads\/2021\/04\/img-20210406-174142-1529936.jpg","type":"image\/jpeg"}],"author":"Einagrafic","twitter_card":"summary_large_image","twitter_misc":{"Escrito por":"Einagrafic","Tiempo de lectura":"3 minutos"},"schema":{"@context":"https:\/\/schema.org","@graph":[{"@type":"Article","@id":"https:\/\/www.franquiciescat.org\/es\/elefante-azul-inaugura-un-nuevo-establecimiento-en-menorca-alcanzando-los-61-en-espana\/#article","isPartOf":{"@id":"https:\/\/www.franquiciescat.org\/es\/elefante-azul-inaugura-un-nuevo-establecimiento-en-menorca-alcanzando-los-61-en-espana\/"},"author":{"name":"Einagrafic","@id":"https:\/\/www.franquiciescat.org\/#\/schema\/person\/f7cfeca2687a2d216942148b0f430be5"},"headline":"Elefante Azul inaugura un nuevo establecimiento en Menorca, alcanzando los 61 en Espa\u00f1a","datePublished":"2021-04-12T10:50:36+00:00","dateModified":"2023-07-05T21:56:08+00:00","mainEntityOfPage":{"@id":"https:\/\/www.franquiciescat.org\/es\/elefante-azul-inaugura-un-nuevo-establecimiento-en-menorca-alcanzando-los-61-en-espana\/"},"wordCount":537,"commentCount":0,"publisher":{"@id":"https:\/\/www.franquiciescat.org\/#organization"},"image":{"@id":"https:\/\/www.franquiciescat.org\/es\/elefante-azul-inaugura-un-nuevo-establecimiento-en-menorca-alcanzando-los-61-en-espana\/#primaryimage"},"thumbnailUrl":"https:\/\/www.franquiciescat.org\/wp-content\/uploads\/2021\/04\/img-20210406-174142-1529936.jpg","articleSection":["Noticias"],"inLanguage":"es"},{"@type":"WebPage","@id":"https:\/\/www.franquiciescat.org\/es\/elefante-azul-inaugura-un-nuevo-establecimiento-en-menorca-alcanzando-los-61-en-espana\/","url":"https:\/\/www.franquiciescat.org\/es\/elefante-azul-inaugura-un-nuevo-establecimiento-en-menorca-alcanzando-los-61-en-espana\/","name":"Elefante Azul inaugura un nuevo establecimiento en Menorca, alcanzando los 61 en Espa\u00f1a - Asociaci\u00f3n de Franqu\u00edcias de Catalunya","isPartOf":{"@id":"https:\/\/www.franquiciescat.org\/#website"},"primaryImageOfPage":{"@id":"https:\/\/www.franquiciescat.org\/es\/elefante-azul-inaugura-un-nuevo-establecimiento-en-menorca-alcanzando-los-61-en-espana\/#primaryimage"},"image":{"@id":"https:\/\/www.franquiciescat.org\/es\/elefante-azul-inaugura-un-nuevo-establecimiento-en-menorca-alcanzando-los-61-en-espana\/#primaryimage"},"thumbnailUrl":"https:\/\/www.franquiciescat.org\/wp-content\/uploads\/2021\/04\/img-20210406-174142-1529936.jpg","datePublished":"2021-04-12T10:50:36+00:00","dateModified":"2023-07-05T21:56:08+00:00","breadcrumb":{"@id":"https:\/\/www.franquiciescat.org\/es\/elefante-azul-inaugura-un-nuevo-establecimiento-en-menorca-alcanzando-los-61-en-espana\/#breadcrumb"},"inLanguage":"es","potentialAction":[{"@type":"ReadAction","target":["https:\/\/www.franquiciescat.org\/es\/elefante-azul-inaugura-un-nuevo-establecimiento-en-menorca-alcanzando-los-61-en-espana\/"]}]},{"@type":"ImageObject","inLanguage":"es","@id":"https:\/\/www.franquiciescat.org\/es\/elefante-azul-inaugura-un-nuevo-establecimiento-en-menorca-alcanzando-los-61-en-espana\/#primaryimage","url":"https:\/\/www.franquiciescat.org\/wp-content\/uploads\/2021\/04\/img-20210406-174142-1529936.jpg","contentUrl":"https:\/\/www.franquiciescat.org\/wp-content\/uploads\/2021\/04\/img-20210406-174142-1529936.jpg","width":1100,"height":825},{"@type":"BreadcrumbList","@id":"https:\/\/www.franquiciescat.org\/es\/elefante-azul-inaugura-un-nuevo-establecimiento-en-menorca-alcanzando-los-61-en-espana\/#breadcrumb","itemListElement":[{"@type":"ListItem","position":1,"name":"Inici","item":"https:\/\/www.franquiciescat.org\/"},{"@type":"ListItem","position":2,"name":"Elefante Azul inaugura un nuevo establecimiento en Menorca, alcanzando los 61 en Espa\u00f1a"}]},{"@type":"WebSite","@id":"https:\/\/www.franquiciescat.org\/#website","url":"https:\/\/www.franquiciescat.org\/","name":"Associaci\u00f3 de Franqu\u00edcies de Catalunya","description":"Asociaci\u00f3n de Franqu\u00edcias de Catalunya","publisher":{"@id":"https:\/\/www.franquiciescat.org\/#organization"},"potentialAction":[{"@type":"SearchAction","target":{"@type":"EntryPoint","urlTemplate":"https:\/\/www.franquiciescat.org\/?s={search_term_string}"},"query-input":{"@type":"PropertyValueSpecification","valueRequired":true,"valueName":"search_term_string"}}],"inLanguage":"es"},{"@type":"Organization","@id":"https:\/\/www.franquiciescat.org\/#organization","name":"Associaci\u00f3 de Franqu\u00edcies de Catalunya","url":"https:\/\/www.franquiciescat.org\/","logo":{"@type":"ImageObject","inLanguage":"es","@id":"https:\/\/www.franquiciescat.org\/#\/schema\/logo\/image\/","url":"https:\/\/www.franquiciescat.org\/wp-content\/uploads\/2023\/05\/logo-afc.png","contentUrl":"https:\/\/www.franquiciescat.org\/wp-content\/uploads\/2023\/05\/logo-afc.png","width":640,"height":171,"caption":"Associaci\u00f3 de Franqu\u00edcies de Catalunya"},"image":{"@id":"https:\/\/www.franquiciescat.org\/#\/schema\/logo\/image\/"}},{"@type":"Person","@id":"https:\/\/www.franquiciescat.org\/#\/schema\/person\/f7cfeca2687a2d216942148b0f430be5","name":"Einagrafic","image":{"@type":"ImageObject","inLanguage":"es","@id":"https:\/\/www.franquiciescat.org\/#\/schema\/person\/image\/","url":"https:\/\/secure.gravatar.com\/avatar\/cc75d3f0c33e859c04998660c0362167519e435366e0967a9b01a7c511c82ae4?s=96&d=mm&r=g","contentUrl":"https:\/\/secure.gravatar.com\/avatar\/cc75d3f0c33e859c04998660c0362167519e435366e0967a9b01a7c511c82ae4?s=96&d=mm&r=g","caption":"Einagrafic"},"sameAs":["https:\/\/www.franquiciescat.org"],"url":"https:\/\/www.franquiciescat.org\/es\/author\/einagrafic\/"}]}},"_links":{"self":[{"href":"https:\/\/www.franquiciescat.org\/es\/wp-json\/wp\/v2\/posts\/3143","targetHints":{"allow":["GET"]}}],"collection":[{"href":"https:\/\/www.franquiciescat.org\/es\/wp-json\/wp\/v2\/posts"}],"about":[{"href":"https:\/\/www.franquiciescat.org\/es\/wp-json\/wp\/v2\/types\/post"}],"author":[{"embeddable":true,"href":"https:\/\/www.franquiciescat.org\/es\/wp-json\/wp\/v2\/users\/1"}],"replies":[{"embeddable":true,"href":"https:\/\/www.franquiciescat.org\/es\/wp-json\/wp\/v2\/comments?post=3143"}],"version-history":[{"count":1,"href":"https:\/\/www.franquiciescat.org\/es\/wp-json\/wp\/v2\/posts\/3143\/revisions"}],"predecessor-version":[{"id":3144,"href":"https:\/\/www.franquiciescat.org\/es\/wp-json\/wp\/v2\/posts\/3143\/revisions\/3144"}],"wp:featuredmedia":[{"embeddable":true,"href":"https:\/\/www.franquiciescat.org\/es\/wp-json\/wp\/v2\/media\/2592"}],"wp:attachment":[{"href":"https:\/\/www.franquiciescat.org\/es\/wp-json\/wp\/v2\/media?parent=3143"}],"wp:term":[{"taxonomy":"category","embeddable":true,"href":"https:\/\/www.franquiciescat.org\/es\/wp-json\/wp\/v2\/categories?post=3143"},{"taxonomy":"post_tag","embeddable":true,"href":"https:\/\/www.franquiciescat.org\/es\/wp-json\/wp\/v2\/tags?post=3143"}],"curies":[{"name":"wp","href":"https:\/\/api.w.org\/{rel}","templated":true}]}}