{"id":3145,"date":"2021-04-06T10:48:11","date_gmt":"2021-04-06T10:48:11","guid":{"rendered":"https:\/\/www.franquiciescat.org\/el-ayuntamiento-de-barcelona-abre-una-linea-de-subvenciones-para-los-comerciantes-y-restauradores\/"},"modified":"2021-04-06T10:48:11","modified_gmt":"2021-04-06T10:48:11","slug":"el-ayuntamiento-de-barcelona-abre-una-linea-de-subvenciones-para-los-comerciantes-y-restauradores","status":"publish","type":"post","link":"https:\/\/www.franquiciescat.org\/es\/el-ayuntamiento-de-barcelona-abre-una-linea-de-subvenciones-para-los-comerciantes-y-restauradores\/","title":{"rendered":"El Ayuntamiento de Barcelona abre una l\u00ednea de subvenciones para los comerciantes y restauradores"},"content":{"rendered":"<p><img fetchpriority=\"high\" decoding=\"async\" class=\"alignnone size-medium wp-image-1729\" src=\"https:\/\/www.franquiciescat.org\/wp-content\/uploads\/2023\/06\/logo-cisle-subvencions-1447435-300x300.jpg\" alt=\"\" width=\"300\" height=\"300\" srcset=\"https:\/\/www.franquiciescat.org\/wp-content\/uploads\/2023\/06\/logo-cisle-subvencions-1447435-300x300.jpg 300w, https:\/\/www.franquiciescat.org\/wp-content\/uploads\/2023\/06\/logo-cisle-subvencions-1447435-150x150.jpg 150w, https:\/\/www.franquiciescat.org\/wp-content\/uploads\/2023\/06\/logo-cisle-subvencions-1447435.jpg 342w\" sizes=\"(max-width: 300px) 100vw, 300px\" \/><\/p>\n<p class=\"summary\">El Ayuntamiento de Barcelona ha abierto una l\u00ednea de subvenciones a fondo perdido para los comerciantes y restauradores que realicen inversiones y actuaciones para la transformaci\u00f3n digital de su negocio.<\/p>\n<p><strong>Beneficiarios<\/strong>: Las personas\/empresas solicitantes de esta subvenci\u00f3n ser\u00e1n exclusivamente los siguientes establecimientos comerciales:<\/p>\n<ol>\n<li><strong>Establecimientos comerciales individuales de venta al por menor<\/strong><\/li>\n<li>Paradas de mercados municipales. El resto de establecimientos comerciales colectivos de venta quedar\u00e1n excluidos<\/li>\n<li><strong>Establecimientos comerciales individuales que presten alguno de los siguientes servicios: <\/strong>Talleres y servicios de reparaciones mec\u00e1nicos, Servicios fotogr\u00e1ficos y audiovisuales, Copister\u00edas y artes gr\u00e1ficas, Servicios de reparaciones, Agencias de viajes minoristas, Tintorer\u00edas y lavander\u00edas, Peluquer\u00edas, salones de est\u00e9tica y belleza, Servicio de comida preparada y catering, Bares y restaurantes, Cl\u00ednicas veterinarias con tienda f\u00edsica<\/li>\n<\/ol>\n<p>Estos establecimientos comerciales y de restauraci\u00f3n deber\u00e1n disponer de local comercial situado en planta baja y\/o a pie de calle en trama urbana en la ciudad de Barcelona y tener su fiscal en la provincia de Barcelona.<\/p>\n<p><strong>Acciones e importe <\/strong><\/p>\n<p>Los gastos subvencionables se clasificar\u00e1n de acuerdo con las siguientes modalidades:<\/p>\n<ul>\n<li>Modalidad 1: <strong>Obtener una presencia b\u00e1sica o amplia en Internet<\/strong>. Incluir\u00e1 la subvenci\u00f3n, por ejemplo, de la creaci\u00f3n de p\u00e1ginas web.<\/li>\n<li>Modalidad 2: <strong>Obtener una presencia activa en Internet.<\/strong> Incluir\u00e1, por ejemplo, el marketing online.<\/li>\n<li>Modalidad 3: <strong>Transformaci\u00f3n del establecimiento en Comercio y restauraci\u00f3n Digital.<\/strong> Incluir\u00e1 el desarrollo, por ejemplo, de tiendas en l\u00ednea.<\/li>\n<li>Modalidad 4: <strong>Digitalizaci\u00f3n de los procesos del establecimiento.<\/strong> Incluir\u00e1, por ejemplo, la implementaci\u00f3n de sistemas de carteler\u00eda digital y sistemas de gesti\u00f3n informatizada<\/li>\n<\/ul>\n<p><strong>La cuant\u00eda de la subvenci\u00f3n ser\u00e1 del 50% del coste de proyecto, con un importe m\u00e1ximo de 6.000,00.- \u20ac por solicitud.<\/strong><\/p>\n<p><strong>Plazo de solicitud: hasta el 13 de mayo de 2021<\/strong><\/p>\n<p>Utilizaci\u00f3n preferentemente de la lengua catalana<\/p>\n<p>CISLE, S.L. (<a href=\"http:\/\/www.cisle.es\/\">www.cisle.es<\/a>)<br \/>\nBarcelona: Portal de l\u00b4Angel, 36 Edif. Networkia (08002) Barcelona.<br \/>\ninfo@cisle.es Tel. 630751259<\/p>\n","protected":false},"excerpt":{"rendered":"<p>El Ayuntamiento de Barcelona ha abierto una l\u00ednea de subvenciones a fondo perdido para los comerciantes y restauradores que realicen inversiones y actuaciones para la transformaci\u00f3n digital de su negocio. Beneficiarios: Las personas\/empresas solicitantes de esta subvenci\u00f3n ser\u00e1n exclusivamente los siguientes establecimientos comerciales: Establecimientos comerciales individuales de venta al por menor Paradas de mercados municipales. [&hellip;]<\/p>\n","protected":false},"author":1,"featured_media":2582,"comment_status":"open","ping_status":"open","sticky":false,"template":"","format":"standard","meta":{"footnotes":""},"categories":[72],"tags":[],"class_list":["post-3145","post","type-post","status-publish","format-standard","has-post-thumbnail","hentry","category-noticias"],"yoast_head":"<!-- This site is optimized with the Yoast SEO plugin v26.9 - https:\/\/yoast.com\/product\/yoast-seo-wordpress\/ -->\n<title>El Ayuntamiento de Barcelona abre una l\u00ednea de subvenciones para los comerciantes y restauradores - Asociaci\u00f3n de Franqu\u00edcias de Catalunya<\/title>\n<meta name=\"robots\" content=\"index, follow, max-snippet:-1, max-image-preview:large, max-video-preview:-1\" \/>\n<link rel=\"canonical\" href=\"https:\/\/www.franquiciescat.org\/el-ayuntamiento-de-barcelona-abre-una-linea-de-subvenciones-para-los-comerciantes-y-restauradores\/\" \/>\n<meta property=\"og:locale\" content=\"es_ES\" \/>\n<meta property=\"og:type\" content=\"article\" \/>\n<meta property=\"og:title\" content=\"El Ayuntamiento de Barcelona abre una l\u00ednea de subvenciones para los comerciantes y restauradores - Asociaci\u00f3n de Franqu\u00edcias de Catalunya\" \/>\n<meta property=\"og:description\" content=\"El Ayuntamiento de Barcelona ha abierto una l\u00ednea de subvenciones a fondo perdido para los comerciantes y restauradores que realicen inversiones y actuaciones para la transformaci\u00f3n digital de su negocio. Beneficiarios: Las personas\/empresas solicitantes de esta subvenci\u00f3n ser\u00e1n exclusivamente los siguientes establecimientos comerciales: Establecimientos comerciales individuales de venta al por menor Paradas de mercados municipales. [&hellip;]\" \/>\n<meta property=\"og:url\" content=\"https:\/\/www.franquiciescat.org\/el-ayuntamiento-de-barcelona-abre-una-linea-de-subvenciones-para-los-comerciantes-y-restauradores\/\" \/>\n<meta property=\"og:site_name\" content=\"Asociaci\u00f3n de Franqu\u00edcias de Catalunya\" \/>\n<meta property=\"article:published_time\" content=\"2021-04-06T10:48:11+00:00\" \/>\n<meta property=\"og:image\" content=\"https:\/\/www.franquiciescat.org\/wp-content\/uploads\/2023\/06\/logo-cisle-subvencions-1447435-300x300.jpg\" \/>\n<meta name=\"author\" content=\"Einagrafic\" \/>\n<meta name=\"twitter:card\" content=\"summary_large_image\" \/>\n<meta name=\"twitter:label1\" content=\"Escrito por\" \/>\n\t<meta name=\"twitter:data1\" content=\"Einagrafic\" \/>\n\t<meta name=\"twitter:label2\" content=\"Tiempo de lectura\" \/>\n\t<meta name=\"twitter:data2\" content=\"2 minutos\" \/>\n<script type=\"application\/ld+json\" class=\"yoast-schema-graph\">{\"@context\":\"https:\/\/schema.org\",\"@graph\":[{\"@type\":\"Article\",\"@id\":\"https:\/\/www.franquiciescat.org\/el-ayuntamiento-de-barcelona-abre-una-linea-de-subvenciones-para-los-comerciantes-y-restauradores\/#article\",\"isPartOf\":{\"@id\":\"https:\/\/www.franquiciescat.org\/el-ayuntamiento-de-barcelona-abre-una-linea-de-subvenciones-para-los-comerciantes-y-restauradores\/\"},\"author\":{\"name\":\"Einagrafic\",\"@id\":\"https:\/\/www.franquiciescat.org\/#\/schema\/person\/f7cfeca2687a2d216942148b0f430be5\"},\"headline\":\"El Ayuntamiento de Barcelona abre una l\u00ednea de subvenciones para los comerciantes y restauradores\",\"datePublished\":\"2021-04-06T10:48:11+00:00\",\"mainEntityOfPage\":{\"@id\":\"https:\/\/www.franquiciescat.org\/el-ayuntamiento-de-barcelona-abre-una-linea-de-subvenciones-para-los-comerciantes-y-restauradores\/\"},\"wordCount\":344,\"commentCount\":0,\"publisher\":{\"@id\":\"https:\/\/www.franquiciescat.org\/#organization\"},\"image\":{\"@id\":\"https:\/\/www.franquiciescat.org\/el-ayuntamiento-de-barcelona-abre-una-linea-de-subvenciones-para-los-comerciantes-y-restauradores\/#primaryimage\"},\"thumbnailUrl\":\"https:\/\/www.franquiciescat.org\/wp-content\/uploads\/2023\/06\/logo-cisle-subvencions-1447435.jpg\",\"articleSection\":[\"Noticias\"],\"inLanguage\":\"es\"},{\"@type\":\"WebPage\",\"@id\":\"https:\/\/www.franquiciescat.org\/el-ayuntamiento-de-barcelona-abre-una-linea-de-subvenciones-para-los-comerciantes-y-restauradores\/\",\"url\":\"https:\/\/www.franquiciescat.org\/el-ayuntamiento-de-barcelona-abre-una-linea-de-subvenciones-para-los-comerciantes-y-restauradores\/\",\"name\":\"El Ayuntamiento de Barcelona abre una l\u00ednea de subvenciones para los comerciantes y restauradores - Asociaci\u00f3n de Franqu\u00edcias de Catalunya\",\"isPartOf\":{\"@id\":\"https:\/\/www.franquiciescat.org\/#website\"},\"primaryImageOfPage\":{\"@id\":\"https:\/\/www.franquiciescat.org\/el-ayuntamiento-de-barcelona-abre-una-linea-de-subvenciones-para-los-comerciantes-y-restauradores\/#primaryimage\"},\"image\":{\"@id\":\"https:\/\/www.franquiciescat.org\/el-ayuntamiento-de-barcelona-abre-una-linea-de-subvenciones-para-los-comerciantes-y-restauradores\/#primaryimage\"},\"thumbnailUrl\":\"https:\/\/www.franquiciescat.org\/wp-content\/uploads\/2023\/06\/logo-cisle-subvencions-1447435.jpg\",\"datePublished\":\"2021-04-06T10:48:11+00:00\",\"breadcrumb\":{\"@id\":\"https:\/\/www.franquiciescat.org\/el-ayuntamiento-de-barcelona-abre-una-linea-de-subvenciones-para-los-comerciantes-y-restauradores\/#breadcrumb\"},\"inLanguage\":\"es\",\"potentialAction\":[{\"@type\":\"ReadAction\",\"target\":[\"https:\/\/www.franquiciescat.org\/el-ayuntamiento-de-barcelona-abre-una-linea-de-subvenciones-para-los-comerciantes-y-restauradores\/\"]}]},{\"@type\":\"ImageObject\",\"inLanguage\":\"es\",\"@id\":\"https:\/\/www.franquiciescat.org\/el-ayuntamiento-de-barcelona-abre-una-linea-de-subvenciones-para-los-comerciantes-y-restauradores\/#primaryimage\",\"url\":\"https:\/\/www.franquiciescat.org\/wp-content\/uploads\/2023\/06\/logo-cisle-subvencions-1447435.jpg\",\"contentUrl\":\"https:\/\/www.franquiciescat.org\/wp-content\/uploads\/2023\/06\/logo-cisle-subvencions-1447435.jpg\",\"width\":342,\"height\":342},{\"@type\":\"BreadcrumbList\",\"@id\":\"https:\/\/www.franquiciescat.org\/el-ayuntamiento-de-barcelona-abre-una-linea-de-subvenciones-para-los-comerciantes-y-restauradores\/#breadcrumb\",\"itemListElement\":[{\"@type\":\"ListItem\",\"position\":1,\"name\":\"Inici\",\"item\":\"https:\/\/www.franquiciescat.org\/\"},{\"@type\":\"ListItem\",\"position\":2,\"name\":\"El Ayuntamiento de Barcelona abre una l\u00ednea de subvenciones para los comerciantes y restauradores\"}]},{\"@type\":\"WebSite\",\"@id\":\"https:\/\/www.franquiciescat.org\/#website\",\"url\":\"https:\/\/www.franquiciescat.org\/\",\"name\":\"Associaci\u00f3 de Franqu\u00edcies de Catalunya\",\"description\":\"Asociaci\u00f3n de Franqu\u00edcias de Catalunya\",\"publisher\":{\"@id\":\"https:\/\/www.franquiciescat.org\/#organization\"},\"potentialAction\":[{\"@type\":\"SearchAction\",\"target\":{\"@type\":\"EntryPoint\",\"urlTemplate\":\"https:\/\/www.franquiciescat.org\/?s={search_term_string}\"},\"query-input\":{\"@type\":\"PropertyValueSpecification\",\"valueRequired\":true,\"valueName\":\"search_term_string\"}}],\"inLanguage\":\"es\"},{\"@type\":\"Organization\",\"@id\":\"https:\/\/www.franquiciescat.org\/#organization\",\"name\":\"Associaci\u00f3 de Franqu\u00edcies de Catalunya\",\"url\":\"https:\/\/www.franquiciescat.org\/\",\"logo\":{\"@type\":\"ImageObject\",\"inLanguage\":\"es\",\"@id\":\"https:\/\/www.franquiciescat.org\/#\/schema\/logo\/image\/\",\"url\":\"https:\/\/www.franquiciescat.org\/wp-content\/uploads\/2023\/05\/logo-afc.png\",\"contentUrl\":\"https:\/\/www.franquiciescat.org\/wp-content\/uploads\/2023\/05\/logo-afc.png\",\"width\":640,\"height\":171,\"caption\":\"Associaci\u00f3 de Franqu\u00edcies de Catalunya\"},\"image\":{\"@id\":\"https:\/\/www.franquiciescat.org\/#\/schema\/logo\/image\/\"}},{\"@type\":\"Person\",\"@id\":\"https:\/\/www.franquiciescat.org\/#\/schema\/person\/f7cfeca2687a2d216942148b0f430be5\",\"name\":\"Einagrafic\",\"image\":{\"@type\":\"ImageObject\",\"inLanguage\":\"es\",\"@id\":\"https:\/\/www.franquiciescat.org\/#\/schema\/person\/image\/\",\"url\":\"https:\/\/secure.gravatar.com\/avatar\/cc75d3f0c33e859c04998660c0362167519e435366e0967a9b01a7c511c82ae4?s=96&d=mm&r=g\",\"contentUrl\":\"https:\/\/secure.gravatar.com\/avatar\/cc75d3f0c33e859c04998660c0362167519e435366e0967a9b01a7c511c82ae4?s=96&d=mm&r=g\",\"caption\":\"Einagrafic\"},\"sameAs\":[\"https:\/\/www.franquiciescat.org\"],\"url\":\"https:\/\/www.franquiciescat.org\/es\/author\/einagrafic\/\"}]}<\/script>\n<!-- \/ Yoast SEO plugin. -->","yoast_head_json":{"title":"El Ayuntamiento de Barcelona abre una l\u00ednea de subvenciones para los comerciantes y restauradores - Asociaci\u00f3n de Franqu\u00edcias de Catalunya","robots":{"index":"index","follow":"follow","max-snippet":"max-snippet:-1","max-image-preview":"max-image-preview:large","max-video-preview":"max-video-preview:-1"},"canonical":"https:\/\/www.franquiciescat.org\/el-ayuntamiento-de-barcelona-abre-una-linea-de-subvenciones-para-los-comerciantes-y-restauradores\/","og_locale":"es_ES","og_type":"article","og_title":"El Ayuntamiento de Barcelona abre una l\u00ednea de subvenciones para los comerciantes y restauradores - Asociaci\u00f3n de Franqu\u00edcias de Catalunya","og_description":"El Ayuntamiento de Barcelona ha abierto una l\u00ednea de subvenciones a fondo perdido para los comerciantes y restauradores que realicen inversiones y actuaciones para la transformaci\u00f3n digital de su negocio. Beneficiarios: Las personas\/empresas solicitantes de esta subvenci\u00f3n ser\u00e1n exclusivamente los siguientes establecimientos comerciales: Establecimientos comerciales individuales de venta al por menor Paradas de mercados municipales. [&hellip;]","og_url":"https:\/\/www.franquiciescat.org\/el-ayuntamiento-de-barcelona-abre-una-linea-de-subvenciones-para-los-comerciantes-y-restauradores\/","og_site_name":"Asociaci\u00f3n de Franqu\u00edcias de Catalunya","article_published_time":"2021-04-06T10:48:11+00:00","og_image":[{"url":"https:\/\/www.franquiciescat.org\/wp-content\/uploads\/2023\/06\/logo-cisle-subvencions-1447435-300x300.jpg","type":"","width":"","height":""}],"author":"Einagrafic","twitter_card":"summary_large_image","twitter_misc":{"Escrito por":"Einagrafic","Tiempo de lectura":"2 minutos"},"schema":{"@context":"https:\/\/schema.org","@graph":[{"@type":"Article","@id":"https:\/\/www.franquiciescat.org\/el-ayuntamiento-de-barcelona-abre-una-linea-de-subvenciones-para-los-comerciantes-y-restauradores\/#article","isPartOf":{"@id":"https:\/\/www.franquiciescat.org\/el-ayuntamiento-de-barcelona-abre-una-linea-de-subvenciones-para-los-comerciantes-y-restauradores\/"},"author":{"name":"Einagrafic","@id":"https:\/\/www.franquiciescat.org\/#\/schema\/person\/f7cfeca2687a2d216942148b0f430be5"},"headline":"El Ayuntamiento de Barcelona abre una l\u00ednea de subvenciones para los comerciantes y restauradores","datePublished":"2021-04-06T10:48:11+00:00","mainEntityOfPage":{"@id":"https:\/\/www.franquiciescat.org\/el-ayuntamiento-de-barcelona-abre-una-linea-de-subvenciones-para-los-comerciantes-y-restauradores\/"},"wordCount":344,"commentCount":0,"publisher":{"@id":"https:\/\/www.franquiciescat.org\/#organization"},"image":{"@id":"https:\/\/www.franquiciescat.org\/el-ayuntamiento-de-barcelona-abre-una-linea-de-subvenciones-para-los-comerciantes-y-restauradores\/#primaryimage"},"thumbnailUrl":"https:\/\/www.franquiciescat.org\/wp-content\/uploads\/2023\/06\/logo-cisle-subvencions-1447435.jpg","articleSection":["Noticias"],"inLanguage":"es"},{"@type":"WebPage","@id":"https:\/\/www.franquiciescat.org\/el-ayuntamiento-de-barcelona-abre-una-linea-de-subvenciones-para-los-comerciantes-y-restauradores\/","url":"https:\/\/www.franquiciescat.org\/el-ayuntamiento-de-barcelona-abre-una-linea-de-subvenciones-para-los-comerciantes-y-restauradores\/","name":"El Ayuntamiento de Barcelona abre una l\u00ednea de subvenciones para los comerciantes y restauradores - Asociaci\u00f3n de Franqu\u00edcias de Catalunya","isPartOf":{"@id":"https:\/\/www.franquiciescat.org\/#website"},"primaryImageOfPage":{"@id":"https:\/\/www.franquiciescat.org\/el-ayuntamiento-de-barcelona-abre-una-linea-de-subvenciones-para-los-comerciantes-y-restauradores\/#primaryimage"},"image":{"@id":"https:\/\/www.franquiciescat.org\/el-ayuntamiento-de-barcelona-abre-una-linea-de-subvenciones-para-los-comerciantes-y-restauradores\/#primaryimage"},"thumbnailUrl":"https:\/\/www.franquiciescat.org\/wp-content\/uploads\/2023\/06\/logo-cisle-subvencions-1447435.jpg","datePublished":"2021-04-06T10:48:11+00:00","breadcrumb":{"@id":"https:\/\/www.franquiciescat.org\/el-ayuntamiento-de-barcelona-abre-una-linea-de-subvenciones-para-los-comerciantes-y-restauradores\/#breadcrumb"},"inLanguage":"es","potentialAction":[{"@type":"ReadAction","target":["https:\/\/www.franquiciescat.org\/el-ayuntamiento-de-barcelona-abre-una-linea-de-subvenciones-para-los-comerciantes-y-restauradores\/"]}]},{"@type":"ImageObject","inLanguage":"es","@id":"https:\/\/www.franquiciescat.org\/el-ayuntamiento-de-barcelona-abre-una-linea-de-subvenciones-para-los-comerciantes-y-restauradores\/#primaryimage","url":"https:\/\/www.franquiciescat.org\/wp-content\/uploads\/2023\/06\/logo-cisle-subvencions-1447435.jpg","contentUrl":"https:\/\/www.franquiciescat.org\/wp-content\/uploads\/2023\/06\/logo-cisle-subvencions-1447435.jpg","width":342,"height":342},{"@type":"BreadcrumbList","@id":"https:\/\/www.franquiciescat.org\/el-ayuntamiento-de-barcelona-abre-una-linea-de-subvenciones-para-los-comerciantes-y-restauradores\/#breadcrumb","itemListElement":[{"@type":"ListItem","position":1,"name":"Inici","item":"https:\/\/www.franquiciescat.org\/"},{"@type":"ListItem","position":2,"name":"El Ayuntamiento de Barcelona abre una l\u00ednea de subvenciones para los comerciantes y restauradores"}]},{"@type":"WebSite","@id":"https:\/\/www.franquiciescat.org\/#website","url":"https:\/\/www.franquiciescat.org\/","name":"Associaci\u00f3 de Franqu\u00edcies de Catalunya","description":"Asociaci\u00f3n de Franqu\u00edcias de Catalunya","publisher":{"@id":"https:\/\/www.franquiciescat.org\/#organization"},"potentialAction":[{"@type":"SearchAction","target":{"@type":"EntryPoint","urlTemplate":"https:\/\/www.franquiciescat.org\/?s={search_term_string}"},"query-input":{"@type":"PropertyValueSpecification","valueRequired":true,"valueName":"search_term_string"}}],"inLanguage":"es"},{"@type":"Organization","@id":"https:\/\/www.franquiciescat.org\/#organization","name":"Associaci\u00f3 de Franqu\u00edcies de Catalunya","url":"https:\/\/www.franquiciescat.org\/","logo":{"@type":"ImageObject","inLanguage":"es","@id":"https:\/\/www.franquiciescat.org\/#\/schema\/logo\/image\/","url":"https:\/\/www.franquiciescat.org\/wp-content\/uploads\/2023\/05\/logo-afc.png","contentUrl":"https:\/\/www.franquiciescat.org\/wp-content\/uploads\/2023\/05\/logo-afc.png","width":640,"height":171,"caption":"Associaci\u00f3 de Franqu\u00edcies de Catalunya"},"image":{"@id":"https:\/\/www.franquiciescat.org\/#\/schema\/logo\/image\/"}},{"@type":"Person","@id":"https:\/\/www.franquiciescat.org\/#\/schema\/person\/f7cfeca2687a2d216942148b0f430be5","name":"Einagrafic","image":{"@type":"ImageObject","inLanguage":"es","@id":"https:\/\/www.franquiciescat.org\/#\/schema\/person\/image\/","url":"https:\/\/secure.gravatar.com\/avatar\/cc75d3f0c33e859c04998660c0362167519e435366e0967a9b01a7c511c82ae4?s=96&d=mm&r=g","contentUrl":"https:\/\/secure.gravatar.com\/avatar\/cc75d3f0c33e859c04998660c0362167519e435366e0967a9b01a7c511c82ae4?s=96&d=mm&r=g","caption":"Einagrafic"},"sameAs":["https:\/\/www.franquiciescat.org"],"url":"https:\/\/www.franquiciescat.org\/es\/author\/einagrafic\/"}]}},"_links":{"self":[{"href":"https:\/\/www.franquiciescat.org\/es\/wp-json\/wp\/v2\/posts\/3145","targetHints":{"allow":["GET"]}}],"collection":[{"href":"https:\/\/www.franquiciescat.org\/es\/wp-json\/wp\/v2\/posts"}],"about":[{"href":"https:\/\/www.franquiciescat.org\/es\/wp-json\/wp\/v2\/types\/post"}],"author":[{"embeddable":true,"href":"https:\/\/www.franquiciescat.org\/es\/wp-json\/wp\/v2\/users\/1"}],"replies":[{"embeddable":true,"href":"https:\/\/www.franquiciescat.org\/es\/wp-json\/wp\/v2\/comments?post=3145"}],"version-history":[{"count":0,"href":"https:\/\/www.franquiciescat.org\/es\/wp-json\/wp\/v2\/posts\/3145\/revisions"}],"wp:featuredmedia":[{"embeddable":true,"href":"https:\/\/www.franquiciescat.org\/es\/wp-json\/wp\/v2\/media\/2582"}],"wp:attachment":[{"href":"https:\/\/www.franquiciescat.org\/es\/wp-json\/wp\/v2\/media?parent=3145"}],"wp:term":[{"taxonomy":"category","embeddable":true,"href":"https:\/\/www.franquiciescat.org\/es\/wp-json\/wp\/v2\/categories?post=3145"},{"taxonomy":"post_tag","embeddable":true,"href":"https:\/\/www.franquiciescat.org\/es\/wp-json\/wp\/v2\/tags?post=3145"}],"curies":[{"name":"wp","href":"https:\/\/api.w.org\/{rel}","templated":true}]}}