{"id":3149,"date":"2021-03-30T10:34:12","date_gmt":"2021-03-30T10:34:12","guid":{"rendered":"https:\/\/www.franquiciescat.org\/crecimiento-de-century-21-new-estate-en-barcelona-a-pesar-de-la-covid-19\/"},"modified":"2021-03-30T10:34:12","modified_gmt":"2021-03-30T10:34:12","slug":"crecimiento-de-century-21-new-estate-en-barcelona-a-pesar-de-la-covid-19","status":"publish","type":"post","link":"https:\/\/www.franquiciescat.org\/es\/crecimiento-de-century-21-new-estate-en-barcelona-a-pesar-de-la-covid-19\/","title":{"rendered":"Crecimiento de Century 21 New Estate en Barcelona a pesar de la COVID-19"},"content":{"rendered":"<p><img fetchpriority=\"high\" decoding=\"async\" class=\"alignnone wp-image-1770\" src=\"https:\/\/www.franquiciescat.org\/wp-content\/uploads\/2023\/06\/century-21-new-state-noticia-1520260-300x167.jpg\" alt=\"\" width=\"756\" height=\"421\" srcset=\"https:\/\/www.franquiciescat.org\/wp-content\/uploads\/2023\/06\/century-21-new-state-noticia-1520260-300x167.jpg 300w, https:\/\/www.franquiciescat.org\/wp-content\/uploads\/2023\/06\/century-21-new-state-noticia-1520260-1024x570.jpg 1024w, https:\/\/www.franquiciescat.org\/wp-content\/uploads\/2023\/06\/century-21-new-state-noticia-1520260-768x427.jpg 768w, https:\/\/www.franquiciescat.org\/wp-content\/uploads\/2023\/06\/century-21-new-state-noticia-1520260-1038x576.jpg 1038w, https:\/\/www.franquiciescat.org\/wp-content\/uploads\/2023\/06\/century-21-new-state-noticia-1520260.jpg 1100w\" sizes=\"(max-width: 756px) 100vw, 756px\" \/><\/p>\n<p class=\"summary\">En 2020 la oficina estandarte de la marca en Barcelona ha logrado el r\u00e9cord hist\u00f3rico de ventas de la red CENTURY 21 New Estate Espa\u00f1a. La compa\u00f1\u00eda facturar\u00e1 9 millones de euros anuales y sumar\u00e1 250 agentes inmobiliarios en un plazo de 5 a\u00f1os.<\/p>\n<p><strong>Javier Ortega, CEO de CENTURY 21 New Estate atiende entrevistas con medios de comunicaci\u00f3n, en formato audio o videollamada.<\/strong><\/p>\n<p><em><strong>Marzo 2021<\/strong><\/em> \u2013 Pese a que la pandemia de la COVID-19 ha tenido efectos negativos en la gran mayor\u00eda de las compa\u00f1\u00edas, algunas, como es el caso de la empresa inmobiliaria <a href=\"https:\/\/newestate.es\/\">CENTURY 21 New Estate<\/a> han logrado crecer positivamente superando todo tipo de obst\u00e1culos. En este contexto, la oficina estandarte de la marca en Barcelona ha logrado el <strong>r\u00e9cord hist\u00f3rico de ventas de la red CENTURY 21 New Estate Espa\u00f1a. Javier Ortega, fundador y CEO<\/strong> de la compa\u00f1\u00eda asegura que \u201c<em>la COVID-19 no ha ayudado a <strong>vender un 12% m\u00e1s de pisos en Barcelona,<\/strong> pasando de las 400 transacciones conseguidas en 2019 a las 450 en en 2020\u201d.<\/em><\/p>\n<p>Siguiendo esta misma l\u00ednea y teniendo en cuenta los resultados obtenidos a lo largo de estos \u00faltimos a\u00f1os, la inmobiliaria prev\u00e9 f<strong>acturar 9 millones de euros y sumar 250 agentes inmobiliarios en un plazo de cinco a\u00f1os.<\/strong> Ortega destaca que \u201c<em>gracias al esfuerzo de todo el equipo que forma parte de la empresa hemos conseguido aumentar la facturaci\u00f3n en un a\u00f1o cr\u00edtico, en el que la pandemia ha generado una <strong>ca\u00edda de las ventas alrededor del 25% en el sector inmobiliario\u201d.<\/strong><\/em><\/p>\n<p>La franquicia, que empez\u00f3 su trayectoria a finales de 2016, ha logrado colocarse en lo m\u00e1s alto de la red CENTURY 21 New Estate Espa\u00f1a en un corto per\u00edodo de tiempo. Ortega indica que \u201c<em>todo esto ha sido gracias a decisiones clave tomadas durante la pandemia, como <strong>digitalizar los procesos o implementar una estrategia de marketing digital 360\u201d.<\/strong><\/em><\/p>\n<p>&nbsp;<\/p>\n<p><strong>Acerca de CENTURY 21 New Estate<\/strong><\/p>\n<p>CENTURY 21 New Estate, integrada en el <em>holding<\/em> Homes Experience Group, es una agencia inmobiliaria con m\u00e1s de 20 a\u00f1os de experiencia en <em>real estate.<\/em> Sus fundadores, Javier Ortega y Francisco Mor\u00e1n, se han formado con los mejores <em>coaches<\/em> inmobiliarios del mundo y, por ello, en la formaci\u00f3n continua de sus agentes reside uno de sus pilares de la compa\u00f1\u00eda. En su sede central, situada en plena Eixample barcelonesa, trabajan m\u00e1s de medio centenar de profesionales, con previsi\u00f3n de que la plantilla aumente hasta los 200 agentes en el medio plazo.<\/p>\n","protected":false},"excerpt":{"rendered":"<p>En 2020 la oficina estandarte de la marca en Barcelona ha logrado el r\u00e9cord hist\u00f3rico de ventas de la red CENTURY 21 New Estate Espa\u00f1a. La compa\u00f1\u00eda facturar\u00e1 9 millones de euros anuales y sumar\u00e1 250 agentes inmobiliarios en un plazo de 5 a\u00f1os. Javier Ortega, CEO de CENTURY 21 New Estate atiende entrevistas con [&hellip;]<\/p>\n","protected":false},"author":1,"featured_media":2590,"comment_status":"open","ping_status":"open","sticky":false,"template":"","format":"standard","meta":{"footnotes":""},"categories":[72],"tags":[],"class_list":["post-3149","post","type-post","status-publish","format-standard","has-post-thumbnail","hentry","category-noticias"],"yoast_head":"<!-- This site is optimized with the Yoast SEO plugin v26.9 - https:\/\/yoast.com\/product\/yoast-seo-wordpress\/ -->\n<title>Crecimiento de Century 21 New Estate en Barcelona a pesar de la COVID-19 - Asociaci\u00f3n de Franqu\u00edcias de Catalunya<\/title>\n<meta name=\"robots\" content=\"index, follow, max-snippet:-1, max-image-preview:large, max-video-preview:-1\" \/>\n<link rel=\"canonical\" href=\"https:\/\/www.franquiciescat.org\/crecimiento-de-century-21-new-estate-en-barcelona-a-pesar-de-la-covid-19\/\" \/>\n<meta property=\"og:locale\" content=\"es_ES\" \/>\n<meta property=\"og:type\" content=\"article\" \/>\n<meta property=\"og:title\" content=\"Crecimiento de Century 21 New Estate en Barcelona a pesar de la COVID-19 - Asociaci\u00f3n de Franqu\u00edcias de Catalunya\" \/>\n<meta property=\"og:description\" content=\"En 2020 la oficina estandarte de la marca en Barcelona ha logrado el r\u00e9cord hist\u00f3rico de ventas de la red CENTURY 21 New Estate Espa\u00f1a. La compa\u00f1\u00eda facturar\u00e1 9 millones de euros anuales y sumar\u00e1 250 agentes inmobiliarios en un plazo de 5 a\u00f1os. Javier Ortega, CEO de CENTURY 21 New Estate atiende entrevistas con [&hellip;]\" \/>\n<meta property=\"og:url\" content=\"https:\/\/www.franquiciescat.org\/crecimiento-de-century-21-new-estate-en-barcelona-a-pesar-de-la-covid-19\/\" \/>\n<meta property=\"og:site_name\" content=\"Asociaci\u00f3n de Franqu\u00edcias de Catalunya\" \/>\n<meta property=\"article:published_time\" content=\"2021-03-30T10:34:12+00:00\" \/>\n<meta property=\"og:image\" content=\"https:\/\/www.franquiciescat.org\/wp-content\/uploads\/2023\/06\/century-21-new-state-noticia-1520260-300x167.jpg\" \/>\n<meta name=\"author\" content=\"Einagrafic\" \/>\n<meta name=\"twitter:card\" content=\"summary_large_image\" \/>\n<meta name=\"twitter:label1\" content=\"Escrito por\" \/>\n\t<meta name=\"twitter:data1\" content=\"Einagrafic\" \/>\n\t<meta name=\"twitter:label2\" content=\"Tiempo de lectura\" \/>\n\t<meta name=\"twitter:data2\" content=\"2 minutos\" \/>\n<script type=\"application\/ld+json\" class=\"yoast-schema-graph\">{\"@context\":\"https:\/\/schema.org\",\"@graph\":[{\"@type\":\"Article\",\"@id\":\"https:\/\/www.franquiciescat.org\/crecimiento-de-century-21-new-estate-en-barcelona-a-pesar-de-la-covid-19\/#article\",\"isPartOf\":{\"@id\":\"https:\/\/www.franquiciescat.org\/crecimiento-de-century-21-new-estate-en-barcelona-a-pesar-de-la-covid-19\/\"},\"author\":{\"name\":\"Einagrafic\",\"@id\":\"https:\/\/www.franquiciescat.org\/#\/schema\/person\/f7cfeca2687a2d216942148b0f430be5\"},\"headline\":\"Crecimiento de Century 21 New Estate en Barcelona a pesar de la COVID-19\",\"datePublished\":\"2021-03-30T10:34:12+00:00\",\"mainEntityOfPage\":{\"@id\":\"https:\/\/www.franquiciescat.org\/crecimiento-de-century-21-new-estate-en-barcelona-a-pesar-de-la-covid-19\/\"},\"wordCount\":426,\"commentCount\":0,\"publisher\":{\"@id\":\"https:\/\/www.franquiciescat.org\/#organization\"},\"image\":{\"@id\":\"https:\/\/www.franquiciescat.org\/crecimiento-de-century-21-new-estate-en-barcelona-a-pesar-de-la-covid-19\/#primaryimage\"},\"thumbnailUrl\":\"https:\/\/www.franquiciescat.org\/wp-content\/uploads\/2023\/06\/century-21-new-state-noticia-1520260.jpg\",\"articleSection\":[\"Noticias\"],\"inLanguage\":\"es\"},{\"@type\":\"WebPage\",\"@id\":\"https:\/\/www.franquiciescat.org\/crecimiento-de-century-21-new-estate-en-barcelona-a-pesar-de-la-covid-19\/\",\"url\":\"https:\/\/www.franquiciescat.org\/crecimiento-de-century-21-new-estate-en-barcelona-a-pesar-de-la-covid-19\/\",\"name\":\"Crecimiento de Century 21 New Estate en Barcelona a pesar de la COVID-19 - Asociaci\u00f3n de Franqu\u00edcias de Catalunya\",\"isPartOf\":{\"@id\":\"https:\/\/www.franquiciescat.org\/#website\"},\"primaryImageOfPage\":{\"@id\":\"https:\/\/www.franquiciescat.org\/crecimiento-de-century-21-new-estate-en-barcelona-a-pesar-de-la-covid-19\/#primaryimage\"},\"image\":{\"@id\":\"https:\/\/www.franquiciescat.org\/crecimiento-de-century-21-new-estate-en-barcelona-a-pesar-de-la-covid-19\/#primaryimage\"},\"thumbnailUrl\":\"https:\/\/www.franquiciescat.org\/wp-content\/uploads\/2023\/06\/century-21-new-state-noticia-1520260.jpg\",\"datePublished\":\"2021-03-30T10:34:12+00:00\",\"breadcrumb\":{\"@id\":\"https:\/\/www.franquiciescat.org\/crecimiento-de-century-21-new-estate-en-barcelona-a-pesar-de-la-covid-19\/#breadcrumb\"},\"inLanguage\":\"es\",\"potentialAction\":[{\"@type\":\"ReadAction\",\"target\":[\"https:\/\/www.franquiciescat.org\/crecimiento-de-century-21-new-estate-en-barcelona-a-pesar-de-la-covid-19\/\"]}]},{\"@type\":\"ImageObject\",\"inLanguage\":\"es\",\"@id\":\"https:\/\/www.franquiciescat.org\/crecimiento-de-century-21-new-estate-en-barcelona-a-pesar-de-la-covid-19\/#primaryimage\",\"url\":\"https:\/\/www.franquiciescat.org\/wp-content\/uploads\/2023\/06\/century-21-new-state-noticia-1520260.jpg\",\"contentUrl\":\"https:\/\/www.franquiciescat.org\/wp-content\/uploads\/2023\/06\/century-21-new-state-noticia-1520260.jpg\",\"width\":1100,\"height\":612},{\"@type\":\"BreadcrumbList\",\"@id\":\"https:\/\/www.franquiciescat.org\/crecimiento-de-century-21-new-estate-en-barcelona-a-pesar-de-la-covid-19\/#breadcrumb\",\"itemListElement\":[{\"@type\":\"ListItem\",\"position\":1,\"name\":\"Inici\",\"item\":\"https:\/\/www.franquiciescat.org\/\"},{\"@type\":\"ListItem\",\"position\":2,\"name\":\"Crecimiento de Century 21 New Estate en Barcelona a pesar de la COVID-19\"}]},{\"@type\":\"WebSite\",\"@id\":\"https:\/\/www.franquiciescat.org\/#website\",\"url\":\"https:\/\/www.franquiciescat.org\/\",\"name\":\"Associaci\u00f3 de Franqu\u00edcies de Catalunya\",\"description\":\"Asociaci\u00f3n de Franqu\u00edcias de Catalunya\",\"publisher\":{\"@id\":\"https:\/\/www.franquiciescat.org\/#organization\"},\"potentialAction\":[{\"@type\":\"SearchAction\",\"target\":{\"@type\":\"EntryPoint\",\"urlTemplate\":\"https:\/\/www.franquiciescat.org\/?s={search_term_string}\"},\"query-input\":{\"@type\":\"PropertyValueSpecification\",\"valueRequired\":true,\"valueName\":\"search_term_string\"}}],\"inLanguage\":\"es\"},{\"@type\":\"Organization\",\"@id\":\"https:\/\/www.franquiciescat.org\/#organization\",\"name\":\"Associaci\u00f3 de Franqu\u00edcies de Catalunya\",\"url\":\"https:\/\/www.franquiciescat.org\/\",\"logo\":{\"@type\":\"ImageObject\",\"inLanguage\":\"es\",\"@id\":\"https:\/\/www.franquiciescat.org\/#\/schema\/logo\/image\/\",\"url\":\"https:\/\/www.franquiciescat.org\/wp-content\/uploads\/2023\/05\/logo-afc.png\",\"contentUrl\":\"https:\/\/www.franquiciescat.org\/wp-content\/uploads\/2023\/05\/logo-afc.png\",\"width\":640,\"height\":171,\"caption\":\"Associaci\u00f3 de Franqu\u00edcies de Catalunya\"},\"image\":{\"@id\":\"https:\/\/www.franquiciescat.org\/#\/schema\/logo\/image\/\"}},{\"@type\":\"Person\",\"@id\":\"https:\/\/www.franquiciescat.org\/#\/schema\/person\/f7cfeca2687a2d216942148b0f430be5\",\"name\":\"Einagrafic\",\"image\":{\"@type\":\"ImageObject\",\"inLanguage\":\"es\",\"@id\":\"https:\/\/www.franquiciescat.org\/#\/schema\/person\/image\/\",\"url\":\"https:\/\/secure.gravatar.com\/avatar\/cc75d3f0c33e859c04998660c0362167519e435366e0967a9b01a7c511c82ae4?s=96&d=mm&r=g\",\"contentUrl\":\"https:\/\/secure.gravatar.com\/avatar\/cc75d3f0c33e859c04998660c0362167519e435366e0967a9b01a7c511c82ae4?s=96&d=mm&r=g\",\"caption\":\"Einagrafic\"},\"sameAs\":[\"https:\/\/www.franquiciescat.org\"],\"url\":\"https:\/\/www.franquiciescat.org\/es\/author\/einagrafic\/\"}]}<\/script>\n<!-- \/ Yoast SEO plugin. -->","yoast_head_json":{"title":"Crecimiento de Century 21 New Estate en Barcelona a pesar de la COVID-19 - Asociaci\u00f3n de Franqu\u00edcias de Catalunya","robots":{"index":"index","follow":"follow","max-snippet":"max-snippet:-1","max-image-preview":"max-image-preview:large","max-video-preview":"max-video-preview:-1"},"canonical":"https:\/\/www.franquiciescat.org\/crecimiento-de-century-21-new-estate-en-barcelona-a-pesar-de-la-covid-19\/","og_locale":"es_ES","og_type":"article","og_title":"Crecimiento de Century 21 New Estate en Barcelona a pesar de la COVID-19 - Asociaci\u00f3n de Franqu\u00edcias de Catalunya","og_description":"En 2020 la oficina estandarte de la marca en Barcelona ha logrado el r\u00e9cord hist\u00f3rico de ventas de la red CENTURY 21 New Estate Espa\u00f1a. La compa\u00f1\u00eda facturar\u00e1 9 millones de euros anuales y sumar\u00e1 250 agentes inmobiliarios en un plazo de 5 a\u00f1os. Javier Ortega, CEO de CENTURY 21 New Estate atiende entrevistas con [&hellip;]","og_url":"https:\/\/www.franquiciescat.org\/crecimiento-de-century-21-new-estate-en-barcelona-a-pesar-de-la-covid-19\/","og_site_name":"Asociaci\u00f3n de Franqu\u00edcias de Catalunya","article_published_time":"2021-03-30T10:34:12+00:00","og_image":[{"url":"https:\/\/www.franquiciescat.org\/wp-content\/uploads\/2023\/06\/century-21-new-state-noticia-1520260-300x167.jpg","type":"","width":"","height":""}],"author":"Einagrafic","twitter_card":"summary_large_image","twitter_misc":{"Escrito por":"Einagrafic","Tiempo de lectura":"2 minutos"},"schema":{"@context":"https:\/\/schema.org","@graph":[{"@type":"Article","@id":"https:\/\/www.franquiciescat.org\/crecimiento-de-century-21-new-estate-en-barcelona-a-pesar-de-la-covid-19\/#article","isPartOf":{"@id":"https:\/\/www.franquiciescat.org\/crecimiento-de-century-21-new-estate-en-barcelona-a-pesar-de-la-covid-19\/"},"author":{"name":"Einagrafic","@id":"https:\/\/www.franquiciescat.org\/#\/schema\/person\/f7cfeca2687a2d216942148b0f430be5"},"headline":"Crecimiento de Century 21 New Estate en Barcelona a pesar de la COVID-19","datePublished":"2021-03-30T10:34:12+00:00","mainEntityOfPage":{"@id":"https:\/\/www.franquiciescat.org\/crecimiento-de-century-21-new-estate-en-barcelona-a-pesar-de-la-covid-19\/"},"wordCount":426,"commentCount":0,"publisher":{"@id":"https:\/\/www.franquiciescat.org\/#organization"},"image":{"@id":"https:\/\/www.franquiciescat.org\/crecimiento-de-century-21-new-estate-en-barcelona-a-pesar-de-la-covid-19\/#primaryimage"},"thumbnailUrl":"https:\/\/www.franquiciescat.org\/wp-content\/uploads\/2023\/06\/century-21-new-state-noticia-1520260.jpg","articleSection":["Noticias"],"inLanguage":"es"},{"@type":"WebPage","@id":"https:\/\/www.franquiciescat.org\/crecimiento-de-century-21-new-estate-en-barcelona-a-pesar-de-la-covid-19\/","url":"https:\/\/www.franquiciescat.org\/crecimiento-de-century-21-new-estate-en-barcelona-a-pesar-de-la-covid-19\/","name":"Crecimiento de Century 21 New Estate en Barcelona a pesar de la COVID-19 - Asociaci\u00f3n de Franqu\u00edcias de Catalunya","isPartOf":{"@id":"https:\/\/www.franquiciescat.org\/#website"},"primaryImageOfPage":{"@id":"https:\/\/www.franquiciescat.org\/crecimiento-de-century-21-new-estate-en-barcelona-a-pesar-de-la-covid-19\/#primaryimage"},"image":{"@id":"https:\/\/www.franquiciescat.org\/crecimiento-de-century-21-new-estate-en-barcelona-a-pesar-de-la-covid-19\/#primaryimage"},"thumbnailUrl":"https:\/\/www.franquiciescat.org\/wp-content\/uploads\/2023\/06\/century-21-new-state-noticia-1520260.jpg","datePublished":"2021-03-30T10:34:12+00:00","breadcrumb":{"@id":"https:\/\/www.franquiciescat.org\/crecimiento-de-century-21-new-estate-en-barcelona-a-pesar-de-la-covid-19\/#breadcrumb"},"inLanguage":"es","potentialAction":[{"@type":"ReadAction","target":["https:\/\/www.franquiciescat.org\/crecimiento-de-century-21-new-estate-en-barcelona-a-pesar-de-la-covid-19\/"]}]},{"@type":"ImageObject","inLanguage":"es","@id":"https:\/\/www.franquiciescat.org\/crecimiento-de-century-21-new-estate-en-barcelona-a-pesar-de-la-covid-19\/#primaryimage","url":"https:\/\/www.franquiciescat.org\/wp-content\/uploads\/2023\/06\/century-21-new-state-noticia-1520260.jpg","contentUrl":"https:\/\/www.franquiciescat.org\/wp-content\/uploads\/2023\/06\/century-21-new-state-noticia-1520260.jpg","width":1100,"height":612},{"@type":"BreadcrumbList","@id":"https:\/\/www.franquiciescat.org\/crecimiento-de-century-21-new-estate-en-barcelona-a-pesar-de-la-covid-19\/#breadcrumb","itemListElement":[{"@type":"ListItem","position":1,"name":"Inici","item":"https:\/\/www.franquiciescat.org\/"},{"@type":"ListItem","position":2,"name":"Crecimiento de Century 21 New Estate en Barcelona a pesar de la COVID-19"}]},{"@type":"WebSite","@id":"https:\/\/www.franquiciescat.org\/#website","url":"https:\/\/www.franquiciescat.org\/","name":"Associaci\u00f3 de Franqu\u00edcies de Catalunya","description":"Asociaci\u00f3n de Franqu\u00edcias de Catalunya","publisher":{"@id":"https:\/\/www.franquiciescat.org\/#organization"},"potentialAction":[{"@type":"SearchAction","target":{"@type":"EntryPoint","urlTemplate":"https:\/\/www.franquiciescat.org\/?s={search_term_string}"},"query-input":{"@type":"PropertyValueSpecification","valueRequired":true,"valueName":"search_term_string"}}],"inLanguage":"es"},{"@type":"Organization","@id":"https:\/\/www.franquiciescat.org\/#organization","name":"Associaci\u00f3 de Franqu\u00edcies de Catalunya","url":"https:\/\/www.franquiciescat.org\/","logo":{"@type":"ImageObject","inLanguage":"es","@id":"https:\/\/www.franquiciescat.org\/#\/schema\/logo\/image\/","url":"https:\/\/www.franquiciescat.org\/wp-content\/uploads\/2023\/05\/logo-afc.png","contentUrl":"https:\/\/www.franquiciescat.org\/wp-content\/uploads\/2023\/05\/logo-afc.png","width":640,"height":171,"caption":"Associaci\u00f3 de Franqu\u00edcies de Catalunya"},"image":{"@id":"https:\/\/www.franquiciescat.org\/#\/schema\/logo\/image\/"}},{"@type":"Person","@id":"https:\/\/www.franquiciescat.org\/#\/schema\/person\/f7cfeca2687a2d216942148b0f430be5","name":"Einagrafic","image":{"@type":"ImageObject","inLanguage":"es","@id":"https:\/\/www.franquiciescat.org\/#\/schema\/person\/image\/","url":"https:\/\/secure.gravatar.com\/avatar\/cc75d3f0c33e859c04998660c0362167519e435366e0967a9b01a7c511c82ae4?s=96&d=mm&r=g","contentUrl":"https:\/\/secure.gravatar.com\/avatar\/cc75d3f0c33e859c04998660c0362167519e435366e0967a9b01a7c511c82ae4?s=96&d=mm&r=g","caption":"Einagrafic"},"sameAs":["https:\/\/www.franquiciescat.org"],"url":"https:\/\/www.franquiciescat.org\/es\/author\/einagrafic\/"}]}},"_links":{"self":[{"href":"https:\/\/www.franquiciescat.org\/es\/wp-json\/wp\/v2\/posts\/3149","targetHints":{"allow":["GET"]}}],"collection":[{"href":"https:\/\/www.franquiciescat.org\/es\/wp-json\/wp\/v2\/posts"}],"about":[{"href":"https:\/\/www.franquiciescat.org\/es\/wp-json\/wp\/v2\/types\/post"}],"author":[{"embeddable":true,"href":"https:\/\/www.franquiciescat.org\/es\/wp-json\/wp\/v2\/users\/1"}],"replies":[{"embeddable":true,"href":"https:\/\/www.franquiciescat.org\/es\/wp-json\/wp\/v2\/comments?post=3149"}],"version-history":[{"count":0,"href":"https:\/\/www.franquiciescat.org\/es\/wp-json\/wp\/v2\/posts\/3149\/revisions"}],"wp:featuredmedia":[{"embeddable":true,"href":"https:\/\/www.franquiciescat.org\/es\/wp-json\/wp\/v2\/media\/2590"}],"wp:attachment":[{"href":"https:\/\/www.franquiciescat.org\/es\/wp-json\/wp\/v2\/media?parent=3149"}],"wp:term":[{"taxonomy":"category","embeddable":true,"href":"https:\/\/www.franquiciescat.org\/es\/wp-json\/wp\/v2\/categories?post=3149"},{"taxonomy":"post_tag","embeddable":true,"href":"https:\/\/www.franquiciescat.org\/es\/wp-json\/wp\/v2\/tags?post=3149"}],"curies":[{"name":"wp","href":"https:\/\/api.w.org\/{rel}","templated":true}]}}