{"id":3968,"date":"2024-02-22T14:23:09","date_gmt":"2024-02-22T14:23:09","guid":{"rendered":"https:\/\/www.franquiciescat.org\/aqui-tu-reforma-aterriza-en-francia-conquistando-el-mercado-de-europa-sur-en-el-sector-de-la-reforma\/"},"modified":"2024-02-22T14:28:55","modified_gmt":"2024-02-22T14:28:55","slug":"aqui-tu-reforma-aterriza-en-francia-conquistando-el-mercado-de-europa-sur-en-el-sector-de-la-reforma","status":"publish","type":"post","link":"https:\/\/www.franquiciescat.org\/es\/aqui-tu-reforma-aterriza-en-francia-conquistando-el-mercado-de-europa-sur-en-el-sector-de-la-reforma\/","title":{"rendered":"Aqu\u00ed tu Reforma aterriza en Francia conquistando el mercado de Europa sur en el sector de la reforma"},"content":{"rendered":"<p><img decoding=\"async\" class=\"alignnone  wp-image-3163 aligncenter\" src=\"https:\/\/www.franquiciescat.org\/wp-content\/uploads\/2023\/07\/reforma.png\" alt=\"\" width=\"95\" height=\"97\" srcset=\"https:\/\/www.franquiciescat.org\/wp-content\/uploads\/2023\/07\/reforma.png 1162w, https:\/\/www.franquiciescat.org\/wp-content\/uploads\/2023\/07\/reforma-293x300.png 293w, https:\/\/www.franquiciescat.org\/wp-content\/uploads\/2023\/07\/reforma-1002x1024.png 1002w, https:\/\/www.franquiciescat.org\/wp-content\/uploads\/2023\/07\/reforma-768x785.png 768w\" sizes=\"(max-width: 95px) 100vw, 95px\" \/><\/p>\n<p style=\"text-align: center;\"><strong>ESTRATEGIA DE INTERNACIONALIZACI\u00d3N<\/strong><\/p>\n<p>&nbsp;<\/p>\n<p style=\"text-align: center;\"><strong>La startup espa\u00f1ola, que en 2024 celebra su quinto aniversario, operar\u00e1 en Francia bajo la marca \u00abAqu\u00ed Votre Renovation\u00bb a finales del primer trimestre de 2024 mediante el modelo retail de sus Concept Stores. <\/strong><\/p>\n<p style=\"text-align: center;\"><strong>\u00a0<\/strong><\/p>\n<p style=\"text-align: center;\"><strong>El sector de la reforma en Francia genera m\u00e1s de 70 mil millones de euros y se encuentra en pleno auge gracias a los incentivos gubernamentales para las renovaciones energ\u00e9ticas, que se espera que se multipliquen por 10 a partir de este a\u00f1o.<\/strong><\/p>\n<p style=\"text-align: center;\"><strong>\u00a0<\/strong><\/p>\n<p style=\"text-align: center;\"><strong>Actualmente Aqu\u00ed tu Reforma est\u00e1 presente en Espa\u00f1a, M\u00e9xico, Italia y Francia, y prev\u00e9 seguir con su plan de expansi\u00f3n internacional con foco en los mercados de Portugal, Colombia y Brasil a lo largo del 2024.<\/strong><\/p>\n<p>&nbsp;<\/p>\n<p><img fetchpriority=\"high\" decoding=\"async\" class=\"size-full wp-image-3966\" src=\"https:\/\/www.franquiciescat.org\/wp-content\/uploads\/2024\/02\/ATR-Imatge-scaled.jpg\" alt=\"\" width=\"2560\" height=\"1707\" srcset=\"https:\/\/www.franquiciescat.org\/wp-content\/uploads\/2024\/02\/ATR-Imatge-scaled.jpg 2560w, https:\/\/www.franquiciescat.org\/wp-content\/uploads\/2024\/02\/ATR-Imatge-300x200.jpg 300w, https:\/\/www.franquiciescat.org\/wp-content\/uploads\/2024\/02\/ATR-Imatge-1024x683.jpg 1024w, https:\/\/www.franquiciescat.org\/wp-content\/uploads\/2024\/02\/ATR-Imatge-768x512.jpg 768w, https:\/\/www.franquiciescat.org\/wp-content\/uploads\/2024\/02\/ATR-Imatge-1536x1024.jpg 1536w, https:\/\/www.franquiciescat.org\/wp-content\/uploads\/2024\/02\/ATR-Imatge-2048x1365.jpg 2048w\" sizes=\"(max-width: 2560px) 100vw, 2560px\" \/><\/p>\n<p>&nbsp;<\/p>\n<p><a href=\"https:\/\/www.aquitureforma.com\/\">Aqu\u00ed tu Reforma<\/a>, startup l\u00edder en el sector de la reforma, sigue su plan de expansi\u00f3n internacional, cumpliendo nuevos hitos en la implementaci\u00f3n de su modelo de negocio. En esta ocasi\u00f3n, la marca ha anunciado su ingreso en el mercado franc\u00e9s mediante la sociedad de inversi\u00f3n <strong>Chantico MF<\/strong> y la empresa <strong>Franchise Board<\/strong>, a trav\u00e9s de un contrato de master franquicia para la administraci\u00f3n del negocio en territorio galo. El objetivo principal de esta operaci\u00f3n es la expansi\u00f3n, crecimiento y posicionamiento en nuevos mercados.<\/p>\n<p>&nbsp;<\/p>\n<p>De esta manera, la marca estar\u00e1 presente en Francia a trav\u00e9s de la marca <strong>Aqu\u00ed Votre Renovation. <\/strong>Franchise Board tiene amplia experiencia en efectuar soft landings por parte de empresas extranjeras en el mercado franc\u00e9s, mediante una metodolog\u00eda basada en las ventajas comerciales y tecnol\u00f3gicas de marcas fuertes.<\/p>\n<p>&nbsp;<\/p>\n<p>El mercado de la franquicia en el pa\u00eds franco existe desde hace m\u00e1s de 50 a\u00f1os, siendo uno de los m\u00e1s din\u00e1micos del mundo, con m\u00e1s de 2.000 redes, 80.000 puntos de venta y m\u00e1s de 800.000 empleos directos e indirectos. Esta s\u00f3lida posici\u00f3n del mercado de la franquicia se combina con el contexto nacional del sector de la reforma, el cual <strong>genera m\u00e1s de 70 mil millones de euros en Francia y que se encuentra en pleno auge gracias a los incentivos gubernamentales para las renovaciones energ\u00e9ticas<\/strong>, que se espera que se multipliquen por 10 a partir de este a\u00f1o. El gobierno franc\u00e9s aspira a realizar m\u00e1s de 200.000 renovaciones integrales subvencionadas, que contrastan con las 90.000 realizadas durante 2023.<\/p>\n<p>&nbsp;<\/p>\n<p><strong>Francia se caracteriza por tener un tercio de los 37 millones de hogares en categor\u00edas E, F, y G de eficiencia energ\u00e9tica<\/strong>; situaci\u00f3n que debe ser revertida en la pr\u00f3xima d\u00e9cada para que dichos inmuebles &#8211; 56% de casas y 44% de pisos &#8211; cumplan con la normativa europea y puedan ser comercializados en el mercado inmobiliario.<\/p>\n<p>&nbsp;<\/p>\n<p><strong>Vincent Ladougne, presidente de Chantico MF<\/strong>, afirma que \u201c<em>la apuesta por la franquicia Aqu\u00ed tu Reforma responde a una oportunidad de mercado \u00fanica. Todos los pa\u00edses de Europa deben prepararse para la transici\u00f3n hacia sistemas energ\u00e9ticos m\u00e1s sostenibles debido a las nuevas normativas de sostenibilidad, las cuales obligar\u00e1n a renovar muchos hogares. La tecnolog\u00eda, el asesoramiento personalizado y el modelo Concept Stores de Aqu\u00ed tu Reforma facilitar\u00e1n sustancialmente a las empresas de reformas existentes y a los nuevos operadores que actualmente existen en el pa\u00eds captar la mayor cantidad de trabajo y ejecutar las rehabilitaciones energ\u00e9ticas a tiempo<\/em>\u201d.<\/p>\n<p>&nbsp;<\/p>\n<p><strong>La estrategia de Aqu\u00ed Votre Renovation en Francia <\/strong><\/p>\n<p>&nbsp;<\/p>\n<p><strong>La construcci\u00f3n es el primer sector de las peque\u00f1as y medianas empresas en Francia, con m\u00e1s de 400.000 empresas en \u00e9l,<\/strong> las cuales no cuentan con la fuerza suficiente para modernizarse. La presencia de la marca Aqu\u00ed tu Reforma, que integra soluciones tecnol\u00f3gicas y metodol\u00f3gicas para el crecimiento de las empresas de reformas, supondr\u00e1 una revoluci\u00f3n para el sector y su dinamizaci\u00f3n mediante la digitalizaci\u00f3n de procesos, potenciar el marketing y el asesoramiento personalizado a sus franquiciados.<\/p>\n<p>&nbsp;<\/p>\n<p>La estrategia de la m\u00e1ster franquicia en dicho pa\u00eds se centrar\u00e1 en <strong>el desarrollo del negocio de las grandes urbes como Par\u00eds, Marsella o Lyon<\/strong>, <strong>pasando despu\u00e9s a ciudades medianas para potenciar la mejora de los hogares franceses<\/strong>. La presencia de la marca se ver\u00e1 potenciada por la instalaci\u00f3n de las Concept Stores de Aqu\u00ed tu Reforma, que se caracterizan por devolverle la confianza al cliente final, integrando todos los servicios necesarios para la ejecuci\u00f3n de una reforma en su hogar, ofreciendo presupuestos cerrados, tiempos acotados de obra y financiaci\u00f3n a medida. <strong>Las primeras aperturas de las Concept Stores de Aqu\u00ed Votre Renovation est\u00e1n previstas para finales del primer trimestre de 2024.<\/strong><\/p>\n<p>&nbsp;<\/p>\n<p><strong>Sobre Aqu\u00ed tu Reforma<\/strong><\/p>\n<p>Aqu\u00ed tu Reforma, compa\u00f1\u00eda l\u00edder de reformas en Espa\u00f1a, naci\u00f3 en 2019 con el prop\u00f3sito de contribuir a mejorar el bienestar de los ciudadanos mediante la construcci\u00f3n de ciudades m\u00e1s inteligentes y sostenibles. Mediante su experiencia de mercado, la tecnolog\u00eda y la innovaci\u00f3n, facilita el proceso de contratar una reforma para el cliente final; y contribuye a la profesionalizaci\u00f3n del sector acompa\u00f1ando a las empresas que ofrecen dicho servicio.<\/p>\n<p>Sus palancas de crecimiento son la internacionalizaci\u00f3n, la tecnolog\u00eda, la sostenibilidad, el modelo retail y el talento; construyendo un negocio basado en el modelo de licencia de marca que asegura precios sin sorpresas, entrega en los plazos acordados y garant\u00eda de dos a\u00f1os para los clientes finales.<\/p>\n<p>Actualmente est\u00e1 presente en m\u00e1s de 330 localidades, administrando m\u00e1s de 130 licencias de marca y habiendo ejecutado m\u00e1s de 2.000 proyectos en Espa\u00f1a. En 2022 inici\u00f3 su estrategia de escalamiento mediante el modelo de licencias en el retail y a la fecha cuenta con +25 tiendas operativas y en proceso de apertura en las ciudades m\u00e1s relevantes de Espa\u00f1a. Ha logrado internacionalizarse en M\u00e9xico, Italia y Francia y abrir\u00e1 mercado pr\u00f3ximamente en Colombia y Portugal.<\/p>\n<p>La empresa cuenta con grandes socios dentro de la industria para entregar soluciones con los mejores materiales de la mayor calidad, as\u00ed como financiamiento a la medida del bolsillo del cliente, con tasas y condiciones especiales. Est\u00e1 participada por Iberdrola, Roca, Seaya Ventures, Encomenda y Banco Sabadell, entre otros.<\/p>\n<p>&nbsp;<\/p>\n<p><img decoding=\"async\" class=\"aligncenter\" src=\"https:\/\/www.franquiciescat.org\/wp-content\/uploads\/2023\/07\/reforma.png\" width=\"110\" height=\"112\" \/><\/p>\n","protected":false},"excerpt":{"rendered":"<p>ESTRATEGIA DE INTERNACIONALIZACI\u00d3N &nbsp; La startup espa\u00f1ola, que en 2024 celebra su quinto aniversario, operar\u00e1 en Francia bajo la marca \u00abAqu\u00ed Votre Renovation\u00bb a finales del primer trimestre de 2024 mediante el modelo retail de sus Concept Stores. \u00a0 El sector de la reforma en Francia genera m\u00e1s de 70 mil millones de euros y [&hellip;]<\/p>\n","protected":false},"author":1,"featured_media":3966,"comment_status":"closed","ping_status":"closed","sticky":false,"template":"","format":"standard","meta":{"footnotes":""},"categories":[72],"tags":[],"class_list":["post-3968","post","type-post","status-publish","format-standard","has-post-thumbnail","hentry","category-noticias"],"yoast_head":"<!-- This site is optimized with the Yoast SEO plugin v26.9 - https:\/\/yoast.com\/product\/yoast-seo-wordpress\/ -->\n<title>Aqu\u00ed tu Reforma aterriza en Francia conquistando el mercado de Europa sur en el sector de la reforma - Asociaci\u00f3n de Franqu\u00edcias de Catalunya<\/title>\n<meta name=\"robots\" content=\"index, follow, max-snippet:-1, max-image-preview:large, max-video-preview:-1\" \/>\n<link rel=\"canonical\" href=\"https:\/\/www.franquiciescat.org\/es\/aqui-tu-reforma-aterriza-en-francia-conquistando-el-mercado-de-europa-sur-en-el-sector-de-la-reforma\/\" \/>\n<meta property=\"og:locale\" content=\"es_ES\" \/>\n<meta property=\"og:type\" content=\"article\" \/>\n<meta property=\"og:title\" content=\"Aqu\u00ed tu Reforma aterriza en Francia conquistando el mercado de Europa sur en el sector de la reforma - Asociaci\u00f3n de Franqu\u00edcias de Catalunya\" \/>\n<meta property=\"og:description\" content=\"ESTRATEGIA DE INTERNACIONALIZACI\u00d3N &nbsp; La startup espa\u00f1ola, que en 2024 celebra su quinto aniversario, operar\u00e1 en Francia bajo la marca \u00abAqu\u00ed Votre Renovation\u00bb a finales del primer trimestre de 2024 mediante el modelo retail de sus Concept Stores. \u00a0 El sector de la reforma en Francia genera m\u00e1s de 70 mil millones de euros y [&hellip;]\" \/>\n<meta property=\"og:url\" content=\"https:\/\/www.franquiciescat.org\/es\/aqui-tu-reforma-aterriza-en-francia-conquistando-el-mercado-de-europa-sur-en-el-sector-de-la-reforma\/\" \/>\n<meta property=\"og:site_name\" content=\"Asociaci\u00f3n de Franqu\u00edcias de Catalunya\" \/>\n<meta property=\"article:published_time\" content=\"2024-02-22T14:23:09+00:00\" \/>\n<meta property=\"article:modified_time\" content=\"2024-02-22T14:28:55+00:00\" \/>\n<meta property=\"og:image\" content=\"https:\/\/www.franquiciescat.org\/wp-content\/uploads\/2024\/02\/ATR-Imatge-scaled.jpg\" \/>\n\t<meta property=\"og:image:width\" content=\"2560\" \/>\n\t<meta property=\"og:image:height\" content=\"1707\" \/>\n\t<meta property=\"og:image:type\" content=\"image\/jpeg\" \/>\n<meta name=\"author\" content=\"Einagrafic\" \/>\n<meta name=\"twitter:card\" content=\"summary_large_image\" \/>\n<meta name=\"twitter:label1\" content=\"Escrito por\" \/>\n\t<meta name=\"twitter:data1\" content=\"Einagrafic\" \/>\n\t<meta name=\"twitter:label2\" content=\"Tiempo de lectura\" \/>\n\t<meta name=\"twitter:data2\" content=\"7 minutos\" \/>\n<script type=\"application\/ld+json\" class=\"yoast-schema-graph\">{\"@context\":\"https:\/\/schema.org\",\"@graph\":[{\"@type\":\"Article\",\"@id\":\"https:\/\/www.franquiciescat.org\/es\/aqui-tu-reforma-aterriza-en-francia-conquistando-el-mercado-de-europa-sur-en-el-sector-de-la-reforma\/#article\",\"isPartOf\":{\"@id\":\"https:\/\/www.franquiciescat.org\/es\/aqui-tu-reforma-aterriza-en-francia-conquistando-el-mercado-de-europa-sur-en-el-sector-de-la-reforma\/\"},\"author\":{\"name\":\"Einagrafic\",\"@id\":\"https:\/\/www.franquiciescat.org\/#\/schema\/person\/f7cfeca2687a2d216942148b0f430be5\"},\"headline\":\"Aqu\u00ed tu Reforma aterriza en Francia conquistando el mercado de Europa sur en el sector de la reforma\",\"datePublished\":\"2024-02-22T14:23:09+00:00\",\"dateModified\":\"2024-02-22T14:28:55+00:00\",\"mainEntityOfPage\":{\"@id\":\"https:\/\/www.franquiciescat.org\/es\/aqui-tu-reforma-aterriza-en-francia-conquistando-el-mercado-de-europa-sur-en-el-sector-de-la-reforma\/\"},\"wordCount\":1059,\"publisher\":{\"@id\":\"https:\/\/www.franquiciescat.org\/#organization\"},\"image\":{\"@id\":\"https:\/\/www.franquiciescat.org\/es\/aqui-tu-reforma-aterriza-en-francia-conquistando-el-mercado-de-europa-sur-en-el-sector-de-la-reforma\/#primaryimage\"},\"thumbnailUrl\":\"https:\/\/www.franquiciescat.org\/wp-content\/uploads\/2024\/02\/ATR-Imatge-scaled.jpg\",\"articleSection\":[\"Noticias\"],\"inLanguage\":\"es\"},{\"@type\":\"WebPage\",\"@id\":\"https:\/\/www.franquiciescat.org\/es\/aqui-tu-reforma-aterriza-en-francia-conquistando-el-mercado-de-europa-sur-en-el-sector-de-la-reforma\/\",\"url\":\"https:\/\/www.franquiciescat.org\/es\/aqui-tu-reforma-aterriza-en-francia-conquistando-el-mercado-de-europa-sur-en-el-sector-de-la-reforma\/\",\"name\":\"Aqu\u00ed tu Reforma aterriza en Francia conquistando el mercado de Europa sur en el sector de la reforma - Asociaci\u00f3n de Franqu\u00edcias de Catalunya\",\"isPartOf\":{\"@id\":\"https:\/\/www.franquiciescat.org\/#website\"},\"primaryImageOfPage\":{\"@id\":\"https:\/\/www.franquiciescat.org\/es\/aqui-tu-reforma-aterriza-en-francia-conquistando-el-mercado-de-europa-sur-en-el-sector-de-la-reforma\/#primaryimage\"},\"image\":{\"@id\":\"https:\/\/www.franquiciescat.org\/es\/aqui-tu-reforma-aterriza-en-francia-conquistando-el-mercado-de-europa-sur-en-el-sector-de-la-reforma\/#primaryimage\"},\"thumbnailUrl\":\"https:\/\/www.franquiciescat.org\/wp-content\/uploads\/2024\/02\/ATR-Imatge-scaled.jpg\",\"datePublished\":\"2024-02-22T14:23:09+00:00\",\"dateModified\":\"2024-02-22T14:28:55+00:00\",\"breadcrumb\":{\"@id\":\"https:\/\/www.franquiciescat.org\/es\/aqui-tu-reforma-aterriza-en-francia-conquistando-el-mercado-de-europa-sur-en-el-sector-de-la-reforma\/#breadcrumb\"},\"inLanguage\":\"es\",\"potentialAction\":[{\"@type\":\"ReadAction\",\"target\":[\"https:\/\/www.franquiciescat.org\/es\/aqui-tu-reforma-aterriza-en-francia-conquistando-el-mercado-de-europa-sur-en-el-sector-de-la-reforma\/\"]}]},{\"@type\":\"ImageObject\",\"inLanguage\":\"es\",\"@id\":\"https:\/\/www.franquiciescat.org\/es\/aqui-tu-reforma-aterriza-en-francia-conquistando-el-mercado-de-europa-sur-en-el-sector-de-la-reforma\/#primaryimage\",\"url\":\"https:\/\/www.franquiciescat.org\/wp-content\/uploads\/2024\/02\/ATR-Imatge-scaled.jpg\",\"contentUrl\":\"https:\/\/www.franquiciescat.org\/wp-content\/uploads\/2024\/02\/ATR-Imatge-scaled.jpg\",\"width\":2560,\"height\":1707,\"caption\":\"Bathroom Storage Building by Caucasian Home Improvement Worker. Elegant Modern Bathroom Interior.\"},{\"@type\":\"BreadcrumbList\",\"@id\":\"https:\/\/www.franquiciescat.org\/es\/aqui-tu-reforma-aterriza-en-francia-conquistando-el-mercado-de-europa-sur-en-el-sector-de-la-reforma\/#breadcrumb\",\"itemListElement\":[{\"@type\":\"ListItem\",\"position\":1,\"name\":\"Inici\",\"item\":\"https:\/\/www.franquiciescat.org\/\"},{\"@type\":\"ListItem\",\"position\":2,\"name\":\"Aqu\u00ed tu Reforma aterriza en Francia conquistando el mercado de Europa sur en el sector de la reforma\"}]},{\"@type\":\"WebSite\",\"@id\":\"https:\/\/www.franquiciescat.org\/#website\",\"url\":\"https:\/\/www.franquiciescat.org\/\",\"name\":\"Associaci\u00f3 de Franqu\u00edcies de Catalunya\",\"description\":\"Asociaci\u00f3n de Franqu\u00edcias de Catalunya\",\"publisher\":{\"@id\":\"https:\/\/www.franquiciescat.org\/#organization\"},\"potentialAction\":[{\"@type\":\"SearchAction\",\"target\":{\"@type\":\"EntryPoint\",\"urlTemplate\":\"https:\/\/www.franquiciescat.org\/?s={search_term_string}\"},\"query-input\":{\"@type\":\"PropertyValueSpecification\",\"valueRequired\":true,\"valueName\":\"search_term_string\"}}],\"inLanguage\":\"es\"},{\"@type\":\"Organization\",\"@id\":\"https:\/\/www.franquiciescat.org\/#organization\",\"name\":\"Associaci\u00f3 de Franqu\u00edcies de Catalunya\",\"url\":\"https:\/\/www.franquiciescat.org\/\",\"logo\":{\"@type\":\"ImageObject\",\"inLanguage\":\"es\",\"@id\":\"https:\/\/www.franquiciescat.org\/#\/schema\/logo\/image\/\",\"url\":\"https:\/\/www.franquiciescat.org\/wp-content\/uploads\/2023\/05\/logo-afc.png\",\"contentUrl\":\"https:\/\/www.franquiciescat.org\/wp-content\/uploads\/2023\/05\/logo-afc.png\",\"width\":640,\"height\":171,\"caption\":\"Associaci\u00f3 de Franqu\u00edcies de Catalunya\"},\"image\":{\"@id\":\"https:\/\/www.franquiciescat.org\/#\/schema\/logo\/image\/\"}},{\"@type\":\"Person\",\"@id\":\"https:\/\/www.franquiciescat.org\/#\/schema\/person\/f7cfeca2687a2d216942148b0f430be5\",\"name\":\"Einagrafic\",\"image\":{\"@type\":\"ImageObject\",\"inLanguage\":\"es\",\"@id\":\"https:\/\/www.franquiciescat.org\/#\/schema\/person\/image\/\",\"url\":\"https:\/\/secure.gravatar.com\/avatar\/cc75d3f0c33e859c04998660c0362167519e435366e0967a9b01a7c511c82ae4?s=96&d=mm&r=g\",\"contentUrl\":\"https:\/\/secure.gravatar.com\/avatar\/cc75d3f0c33e859c04998660c0362167519e435366e0967a9b01a7c511c82ae4?s=96&d=mm&r=g\",\"caption\":\"Einagrafic\"},\"sameAs\":[\"https:\/\/www.franquiciescat.org\"],\"url\":\"https:\/\/www.franquiciescat.org\/es\/author\/einagrafic\/\"}]}<\/script>\n<!-- \/ Yoast SEO plugin. -->","yoast_head_json":{"title":"Aqu\u00ed tu Reforma aterriza en Francia conquistando el mercado de Europa sur en el sector de la reforma - Asociaci\u00f3n de Franqu\u00edcias de Catalunya","robots":{"index":"index","follow":"follow","max-snippet":"max-snippet:-1","max-image-preview":"max-image-preview:large","max-video-preview":"max-video-preview:-1"},"canonical":"https:\/\/www.franquiciescat.org\/es\/aqui-tu-reforma-aterriza-en-francia-conquistando-el-mercado-de-europa-sur-en-el-sector-de-la-reforma\/","og_locale":"es_ES","og_type":"article","og_title":"Aqu\u00ed tu Reforma aterriza en Francia conquistando el mercado de Europa sur en el sector de la reforma - Asociaci\u00f3n de Franqu\u00edcias de Catalunya","og_description":"ESTRATEGIA DE INTERNACIONALIZACI\u00d3N &nbsp; La startup espa\u00f1ola, que en 2024 celebra su quinto aniversario, operar\u00e1 en Francia bajo la marca \u00abAqu\u00ed Votre Renovation\u00bb a finales del primer trimestre de 2024 mediante el modelo retail de sus Concept Stores. \u00a0 El sector de la reforma en Francia genera m\u00e1s de 70 mil millones de euros y [&hellip;]","og_url":"https:\/\/www.franquiciescat.org\/es\/aqui-tu-reforma-aterriza-en-francia-conquistando-el-mercado-de-europa-sur-en-el-sector-de-la-reforma\/","og_site_name":"Asociaci\u00f3n de Franqu\u00edcias de Catalunya","article_published_time":"2024-02-22T14:23:09+00:00","article_modified_time":"2024-02-22T14:28:55+00:00","og_image":[{"width":2560,"height":1707,"url":"https:\/\/www.franquiciescat.org\/wp-content\/uploads\/2024\/02\/ATR-Imatge-scaled.jpg","type":"image\/jpeg"}],"author":"Einagrafic","twitter_card":"summary_large_image","twitter_misc":{"Escrito por":"Einagrafic","Tiempo de lectura":"7 minutos"},"schema":{"@context":"https:\/\/schema.org","@graph":[{"@type":"Article","@id":"https:\/\/www.franquiciescat.org\/es\/aqui-tu-reforma-aterriza-en-francia-conquistando-el-mercado-de-europa-sur-en-el-sector-de-la-reforma\/#article","isPartOf":{"@id":"https:\/\/www.franquiciescat.org\/es\/aqui-tu-reforma-aterriza-en-francia-conquistando-el-mercado-de-europa-sur-en-el-sector-de-la-reforma\/"},"author":{"name":"Einagrafic","@id":"https:\/\/www.franquiciescat.org\/#\/schema\/person\/f7cfeca2687a2d216942148b0f430be5"},"headline":"Aqu\u00ed tu Reforma aterriza en Francia conquistando el mercado de Europa sur en el sector de la reforma","datePublished":"2024-02-22T14:23:09+00:00","dateModified":"2024-02-22T14:28:55+00:00","mainEntityOfPage":{"@id":"https:\/\/www.franquiciescat.org\/es\/aqui-tu-reforma-aterriza-en-francia-conquistando-el-mercado-de-europa-sur-en-el-sector-de-la-reforma\/"},"wordCount":1059,"publisher":{"@id":"https:\/\/www.franquiciescat.org\/#organization"},"image":{"@id":"https:\/\/www.franquiciescat.org\/es\/aqui-tu-reforma-aterriza-en-francia-conquistando-el-mercado-de-europa-sur-en-el-sector-de-la-reforma\/#primaryimage"},"thumbnailUrl":"https:\/\/www.franquiciescat.org\/wp-content\/uploads\/2024\/02\/ATR-Imatge-scaled.jpg","articleSection":["Noticias"],"inLanguage":"es"},{"@type":"WebPage","@id":"https:\/\/www.franquiciescat.org\/es\/aqui-tu-reforma-aterriza-en-francia-conquistando-el-mercado-de-europa-sur-en-el-sector-de-la-reforma\/","url":"https:\/\/www.franquiciescat.org\/es\/aqui-tu-reforma-aterriza-en-francia-conquistando-el-mercado-de-europa-sur-en-el-sector-de-la-reforma\/","name":"Aqu\u00ed tu Reforma aterriza en Francia conquistando el mercado de Europa sur en el sector de la reforma - Asociaci\u00f3n de Franqu\u00edcias de Catalunya","isPartOf":{"@id":"https:\/\/www.franquiciescat.org\/#website"},"primaryImageOfPage":{"@id":"https:\/\/www.franquiciescat.org\/es\/aqui-tu-reforma-aterriza-en-francia-conquistando-el-mercado-de-europa-sur-en-el-sector-de-la-reforma\/#primaryimage"},"image":{"@id":"https:\/\/www.franquiciescat.org\/es\/aqui-tu-reforma-aterriza-en-francia-conquistando-el-mercado-de-europa-sur-en-el-sector-de-la-reforma\/#primaryimage"},"thumbnailUrl":"https:\/\/www.franquiciescat.org\/wp-content\/uploads\/2024\/02\/ATR-Imatge-scaled.jpg","datePublished":"2024-02-22T14:23:09+00:00","dateModified":"2024-02-22T14:28:55+00:00","breadcrumb":{"@id":"https:\/\/www.franquiciescat.org\/es\/aqui-tu-reforma-aterriza-en-francia-conquistando-el-mercado-de-europa-sur-en-el-sector-de-la-reforma\/#breadcrumb"},"inLanguage":"es","potentialAction":[{"@type":"ReadAction","target":["https:\/\/www.franquiciescat.org\/es\/aqui-tu-reforma-aterriza-en-francia-conquistando-el-mercado-de-europa-sur-en-el-sector-de-la-reforma\/"]}]},{"@type":"ImageObject","inLanguage":"es","@id":"https:\/\/www.franquiciescat.org\/es\/aqui-tu-reforma-aterriza-en-francia-conquistando-el-mercado-de-europa-sur-en-el-sector-de-la-reforma\/#primaryimage","url":"https:\/\/www.franquiciescat.org\/wp-content\/uploads\/2024\/02\/ATR-Imatge-scaled.jpg","contentUrl":"https:\/\/www.franquiciescat.org\/wp-content\/uploads\/2024\/02\/ATR-Imatge-scaled.jpg","width":2560,"height":1707,"caption":"Bathroom Storage Building by Caucasian Home Improvement Worker. Elegant Modern Bathroom Interior."},{"@type":"BreadcrumbList","@id":"https:\/\/www.franquiciescat.org\/es\/aqui-tu-reforma-aterriza-en-francia-conquistando-el-mercado-de-europa-sur-en-el-sector-de-la-reforma\/#breadcrumb","itemListElement":[{"@type":"ListItem","position":1,"name":"Inici","item":"https:\/\/www.franquiciescat.org\/"},{"@type":"ListItem","position":2,"name":"Aqu\u00ed tu Reforma aterriza en Francia conquistando el mercado de Europa sur en el sector de la reforma"}]},{"@type":"WebSite","@id":"https:\/\/www.franquiciescat.org\/#website","url":"https:\/\/www.franquiciescat.org\/","name":"Associaci\u00f3 de Franqu\u00edcies de Catalunya","description":"Asociaci\u00f3n de Franqu\u00edcias de Catalunya","publisher":{"@id":"https:\/\/www.franquiciescat.org\/#organization"},"potentialAction":[{"@type":"SearchAction","target":{"@type":"EntryPoint","urlTemplate":"https:\/\/www.franquiciescat.org\/?s={search_term_string}"},"query-input":{"@type":"PropertyValueSpecification","valueRequired":true,"valueName":"search_term_string"}}],"inLanguage":"es"},{"@type":"Organization","@id":"https:\/\/www.franquiciescat.org\/#organization","name":"Associaci\u00f3 de Franqu\u00edcies de Catalunya","url":"https:\/\/www.franquiciescat.org\/","logo":{"@type":"ImageObject","inLanguage":"es","@id":"https:\/\/www.franquiciescat.org\/#\/schema\/logo\/image\/","url":"https:\/\/www.franquiciescat.org\/wp-content\/uploads\/2023\/05\/logo-afc.png","contentUrl":"https:\/\/www.franquiciescat.org\/wp-content\/uploads\/2023\/05\/logo-afc.png","width":640,"height":171,"caption":"Associaci\u00f3 de Franqu\u00edcies de Catalunya"},"image":{"@id":"https:\/\/www.franquiciescat.org\/#\/schema\/logo\/image\/"}},{"@type":"Person","@id":"https:\/\/www.franquiciescat.org\/#\/schema\/person\/f7cfeca2687a2d216942148b0f430be5","name":"Einagrafic","image":{"@type":"ImageObject","inLanguage":"es","@id":"https:\/\/www.franquiciescat.org\/#\/schema\/person\/image\/","url":"https:\/\/secure.gravatar.com\/avatar\/cc75d3f0c33e859c04998660c0362167519e435366e0967a9b01a7c511c82ae4?s=96&d=mm&r=g","contentUrl":"https:\/\/secure.gravatar.com\/avatar\/cc75d3f0c33e859c04998660c0362167519e435366e0967a9b01a7c511c82ae4?s=96&d=mm&r=g","caption":"Einagrafic"},"sameAs":["https:\/\/www.franquiciescat.org"],"url":"https:\/\/www.franquiciescat.org\/es\/author\/einagrafic\/"}]}},"_links":{"self":[{"href":"https:\/\/www.franquiciescat.org\/es\/wp-json\/wp\/v2\/posts\/3968","targetHints":{"allow":["GET"]}}],"collection":[{"href":"https:\/\/www.franquiciescat.org\/es\/wp-json\/wp\/v2\/posts"}],"about":[{"href":"https:\/\/www.franquiciescat.org\/es\/wp-json\/wp\/v2\/types\/post"}],"author":[{"embeddable":true,"href":"https:\/\/www.franquiciescat.org\/es\/wp-json\/wp\/v2\/users\/1"}],"replies":[{"embeddable":true,"href":"https:\/\/www.franquiciescat.org\/es\/wp-json\/wp\/v2\/comments?post=3968"}],"version-history":[{"count":2,"href":"https:\/\/www.franquiciescat.org\/es\/wp-json\/wp\/v2\/posts\/3968\/revisions"}],"predecessor-version":[{"id":3970,"href":"https:\/\/www.franquiciescat.org\/es\/wp-json\/wp\/v2\/posts\/3968\/revisions\/3970"}],"wp:featuredmedia":[{"embeddable":true,"href":"https:\/\/www.franquiciescat.org\/es\/wp-json\/wp\/v2\/media\/3966"}],"wp:attachment":[{"href":"https:\/\/www.franquiciescat.org\/es\/wp-json\/wp\/v2\/media?parent=3968"}],"wp:term":[{"taxonomy":"category","embeddable":true,"href":"https:\/\/www.franquiciescat.org\/es\/wp-json\/wp\/v2\/categories?post=3968"},{"taxonomy":"post_tag","embeddable":true,"href":"https:\/\/www.franquiciescat.org\/es\/wp-json\/wp\/v2\/tags?post=3968"}],"curies":[{"name":"wp","href":"https:\/\/api.w.org\/{rel}","templated":true}]}}