{"id":4191,"date":"2024-08-09T06:28:11","date_gmt":"2024-08-09T06:28:11","guid":{"rendered":"https:\/\/www.franquiciescat.org\/la-demanda-de-viviendas-sostenibles-aumento-un-30-en-espana-en-el-primer-semestre\/"},"modified":"2024-08-09T06:34:14","modified_gmt":"2024-08-09T06:34:14","slug":"la-demanda-de-viviendas-sostenibles-aumento-un-30-en-espana-en-el-primer-semestre","status":"publish","type":"post","link":"https:\/\/www.franquiciescat.org\/es\/la-demanda-de-viviendas-sostenibles-aumento-un-30-en-espana-en-el-primer-semestre\/","title":{"rendered":"La demanda de viviendas sostenibles aument\u00f3 un 30% en Espa\u00f1a en el primer semestre"},"content":{"rendered":"<p>&nbsp;<\/p>\n<p><img decoding=\"async\" class=\"alignnone size-medium wp-image-2475 aligncenter\" src=\"https:\/\/www.franquiciescat.org\/wp-content\/uploads\/2023\/06\/donpiso-2062729-300x70.png\" alt=\"\" width=\"300\" height=\"70\" srcset=\"https:\/\/www.franquiciescat.org\/wp-content\/uploads\/2023\/06\/donpiso-2062729-300x70.png 300w, https:\/\/www.franquiciescat.org\/wp-content\/uploads\/2023\/06\/donpiso-2062729.png 477w\" sizes=\"(max-width: 300px) 100vw, 300px\" \/><\/p>\n<p>&nbsp;<\/p>\n<p style=\"text-align: center;\">CRECE LA CONCIENCIA SOCIAL EN SOSTENIBILIDAD<\/p>\n<h2 style=\"text-align: center;\"><strong>La demanda de viviendas sostenibles aument\u00f3 un 30% en Espa\u00f1a en el primer semestre<\/strong><\/h2>\n<p>&nbsp;<\/p>\n<p style=\"text-align: center;\"><strong>Los pron\u00f3sticos de donpiso se cumplen en la primera mitad del a\u00f1o: la preocupaci\u00f3n por la sostenibilidad y eficiencia energ\u00e9tica ya son valorados por el 60% de los espa\u00f1oles a la hora de comprar una vivienda. En estos momentos, Espa\u00f1a est\u00e1 a la cola de Europa en eficiencia energ\u00e9tica: el 70% del parque de viviendas necesita reformas o una rehabilitaci\u00f3n.<\/strong><\/p>\n<p style=\"text-align: center;\"><strong>Emiliano Berm\u00fadez, subdirector general<\/strong><strong>: \u201cUn claro ejemplo de esta tendencia es la demanda de casas prefabricadas, que en Espa\u00f1a viene creciendo especialmente desde la irrupci\u00f3n de la pandemia y que tiene previsiones de crecimiento entre el 15% y el 20% para este a\u00f1o\u201d.<\/strong><\/p>\n<p>&nbsp;<\/p>\n<p><img fetchpriority=\"high\" decoding=\"async\" class=\"alignnone  wp-image-4189 aligncenter\" src=\"https:\/\/www.franquiciescat.org\/wp-content\/uploads\/2024\/08\/Imagen1donpiso-300x200.jpg\" alt=\"\" width=\"477\" height=\"318\" srcset=\"https:\/\/www.franquiciescat.org\/wp-content\/uploads\/2024\/08\/Imagen1donpiso-300x200.jpg 300w, https:\/\/www.franquiciescat.org\/wp-content\/uploads\/2024\/08\/Imagen1donpiso-768x512.jpg 768w, https:\/\/www.franquiciescat.org\/wp-content\/uploads\/2024\/08\/Imagen1donpiso.jpg 931w\" sizes=\"(max-width: 477px) 100vw, 477px\" \/><\/p>\n<p>&nbsp;<\/p>\n<p><strong><em>Agosto de 2024 \u2013<\/em> <\/strong>Si hay una tendencia que est\u00e1 destacando por encima del resto en el mercado inmobiliario espa\u00f1ol este 2024 es la eficiencia energ\u00e9tica. Y es que la concienciaci\u00f3n social y las necesidades medioambientales han marcado un punto de inflexi\u00f3n en el sector de la construcci\u00f3n, raz\u00f3n por la que la demanda de viviendas sostenibles es cada vez mayor. En este sentido, seg\u00fan los datos de la red inmobiliaria nacional <a href=\"http:\/\/www.donpiso.es\"><strong>donpiso<\/strong><\/a>, el inter\u00e9s por la compra de este tipo de viviendas ya ha aumentado un 30% en Espa\u00f1a en el primer semestre del a\u00f1o.<\/p>\n<p>As\u00ed, y en vistas a cumplir con los objetivos propuestos por Europa, Espa\u00f1a se encuentra ante un gran desaf\u00edo, pues<strong> el 70% de su parque de viviendas necesita de una reforma o rehabilitaci\u00f3n<\/strong>, tal y como muestran las <strong>cifras de donpiso relativas al a\u00f1o 2023<\/strong>. Esta necesidad, apuntan desde la inmobiliaria, nace de la propuesta de Directiva de Eficiencia Energ\u00e9tica de Edificaci\u00f3n de la Uni\u00f3n Europea (UE), que aspira a que, para el a\u00f1o 2030, todos los edificios tengan un nivel de eficiencia energ\u00e9tica por encima de la letra E para poder salir al mercado.<\/p>\n<p><strong>Para Emiliano Berm\u00fadez, subdirector general de donpiso<\/strong>, esta premisa supone \u201c<em>una presi\u00f3n extra para nuestro pa\u00eds, que cuenta con un parque de viviendas especialmente envejecido, raz\u00f3n por la que llevamos a\u00f1os reclamando una mayor inversi\u00f3n en nuestro parque inmobiliario en aras de combatir una problem\u00e1tica tan importante como es la eficiencia energ\u00e9tica de nuestros edificios<\/em>\u201d. En este sentido, el experto recuerda que cada vez son m\u00e1s los ciudadanos que tienen en cuenta este factor a la hora de comprar una vivienda. Seg\u00fan datos de la compa\u00f1\u00eda, <strong>seis de cada diez compradores valoran la eficiencia energ\u00e9tica a la hora de comprar una vivienda. <\/strong><\/p>\n<p><strong><br \/>\nLas viviendas prefabricadas, en auge este 2024<\/strong><\/p>\n<p>Dentro de las previsiones, ya no s\u00f3lo para 2024, sino para los pr\u00f3ximos a\u00f1os, <strong>el subdirector general de donpiso hace hincapi\u00e9 en la sostenibilidad y los llamados criterios ESG<\/strong>, que han impulsado todo tipo de inversiones dentro del sector inmobiliario.<\/p>\n<p>\u201c<em>Un claro ejemplo de esta tendencia es la demanda de <strong>casas prefabricadas<\/strong>, que en Espa\u00f1a viene creciendo especialmente desde la irrupci\u00f3n de la pandemia y que tiene <strong>previsiones de crecimiento entre el 15% y el 20% para este a\u00f1o<\/strong><\/em>\u201d, revela el experto, quien destaca este modelo de vivienda como uno especialmente popular dado su \u201c<em>menor impacto medioambiental, precio econ\u00f3mico y ahorro significativo en el consumo de energ\u00eda<\/em>\u201d.<\/p>\n<p>&nbsp;<\/p>\n<p><strong>Sobre donpiso<\/strong><\/p>\n<p>donpiso es la empresa decana del sector de la intermediaci\u00f3n inmobiliaria en Espa\u00f1a. Fundada en 1984, cuenta con una importante red de oficinas en progresivo crecimiento en las principales ciudades del pa\u00eds. Su alto volumen de negocio le ha permitido situarse a la cabeza del sector en volumen de intermediaci\u00f3n de propiedades, posicion\u00e1ndose, as\u00ed como una de las redes inmobiliarias m\u00e1s importantes de Espa\u00f1a con excelentes \u00edndices de satisfacci\u00f3n. La empresa ofrece servicios de compraventa, alquiler y reformas, y cuenta con un equipo que supera los 600 trabajadores en toda la red.<\/p>\n","protected":false},"excerpt":{"rendered":"<p>&nbsp; &nbsp; CRECE LA CONCIENCIA SOCIAL EN SOSTENIBILIDAD La demanda de viviendas sostenibles aument\u00f3 un 30% en Espa\u00f1a en el primer semestre &nbsp; Los pron\u00f3sticos de donpiso se cumplen en la primera mitad del a\u00f1o: la preocupaci\u00f3n por la sostenibilidad y eficiencia energ\u00e9tica ya son valorados por el 60% de los espa\u00f1oles a la hora [&hellip;]<\/p>\n","protected":false},"author":1,"featured_media":4189,"comment_status":"closed","ping_status":"closed","sticky":false,"template":"","format":"standard","meta":{"footnotes":""},"categories":[72],"tags":[],"class_list":["post-4191","post","type-post","status-publish","format-standard","has-post-thumbnail","hentry","category-noticias"],"yoast_head":"<!-- This site is optimized with the Yoast SEO plugin v26.9 - https:\/\/yoast.com\/product\/yoast-seo-wordpress\/ -->\n<title>La demanda de viviendas sostenibles aument\u00f3 un 30% en Espa\u00f1a en el primer semestre - Asociaci\u00f3n de Franqu\u00edcias de Catalunya<\/title>\n<meta name=\"robots\" content=\"index, follow, max-snippet:-1, max-image-preview:large, max-video-preview:-1\" \/>\n<link rel=\"canonical\" href=\"https:\/\/www.franquiciescat.org\/es\/la-demanda-de-viviendas-sostenibles-aumento-un-30-en-espana-en-el-primer-semestre\/\" \/>\n<meta property=\"og:locale\" content=\"es_ES\" \/>\n<meta property=\"og:type\" content=\"article\" \/>\n<meta property=\"og:title\" content=\"La demanda de viviendas sostenibles aument\u00f3 un 30% en Espa\u00f1a en el primer semestre - Asociaci\u00f3n de Franqu\u00edcias de Catalunya\" \/>\n<meta property=\"og:description\" content=\"&nbsp; &nbsp; CRECE LA CONCIENCIA SOCIAL EN SOSTENIBILIDAD La demanda de viviendas sostenibles aument\u00f3 un 30% en Espa\u00f1a en el primer semestre &nbsp; Los pron\u00f3sticos de donpiso se cumplen en la primera mitad del a\u00f1o: la preocupaci\u00f3n por la sostenibilidad y eficiencia energ\u00e9tica ya son valorados por el 60% de los espa\u00f1oles a la hora [&hellip;]\" \/>\n<meta property=\"og:url\" content=\"https:\/\/www.franquiciescat.org\/es\/la-demanda-de-viviendas-sostenibles-aumento-un-30-en-espana-en-el-primer-semestre\/\" \/>\n<meta property=\"og:site_name\" content=\"Asociaci\u00f3n de Franqu\u00edcias de Catalunya\" \/>\n<meta property=\"article:published_time\" content=\"2024-08-09T06:28:11+00:00\" \/>\n<meta property=\"article:modified_time\" content=\"2024-08-09T06:34:14+00:00\" \/>\n<meta property=\"og:image\" content=\"https:\/\/www.franquiciescat.org\/wp-content\/uploads\/2024\/08\/Imagen1donpiso.jpg\" \/>\n\t<meta property=\"og:image:width\" content=\"931\" \/>\n\t<meta property=\"og:image:height\" content=\"621\" \/>\n\t<meta property=\"og:image:type\" content=\"image\/jpeg\" \/>\n<meta name=\"author\" content=\"Einagrafic\" \/>\n<meta name=\"twitter:card\" content=\"summary_large_image\" \/>\n<meta name=\"twitter:label1\" content=\"Escrito por\" \/>\n\t<meta name=\"twitter:data1\" content=\"Einagrafic\" \/>\n\t<meta name=\"twitter:label2\" content=\"Tiempo de lectura\" \/>\n\t<meta name=\"twitter:data2\" content=\"5 minutos\" \/>\n<script type=\"application\/ld+json\" class=\"yoast-schema-graph\">{\"@context\":\"https:\/\/schema.org\",\"@graph\":[{\"@type\":\"Article\",\"@id\":\"https:\/\/www.franquiciescat.org\/es\/la-demanda-de-viviendas-sostenibles-aumento-un-30-en-espana-en-el-primer-semestre\/#article\",\"isPartOf\":{\"@id\":\"https:\/\/www.franquiciescat.org\/es\/la-demanda-de-viviendas-sostenibles-aumento-un-30-en-espana-en-el-primer-semestre\/\"},\"author\":{\"name\":\"Einagrafic\",\"@id\":\"https:\/\/www.franquiciescat.org\/#\/schema\/person\/f7cfeca2687a2d216942148b0f430be5\"},\"headline\":\"La demanda de viviendas sostenibles aument\u00f3 un 30% en Espa\u00f1a en el primer semestre\",\"datePublished\":\"2024-08-09T06:28:11+00:00\",\"dateModified\":\"2024-08-09T06:34:14+00:00\",\"mainEntityOfPage\":{\"@id\":\"https:\/\/www.franquiciescat.org\/es\/la-demanda-de-viviendas-sostenibles-aumento-un-30-en-espana-en-el-primer-semestre\/\"},\"wordCount\":686,\"publisher\":{\"@id\":\"https:\/\/www.franquiciescat.org\/#organization\"},\"image\":{\"@id\":\"https:\/\/www.franquiciescat.org\/es\/la-demanda-de-viviendas-sostenibles-aumento-un-30-en-espana-en-el-primer-semestre\/#primaryimage\"},\"thumbnailUrl\":\"https:\/\/www.franquiciescat.org\/wp-content\/uploads\/2024\/08\/Imagen1donpiso.jpg\",\"articleSection\":[\"Noticias\"],\"inLanguage\":\"es\"},{\"@type\":\"WebPage\",\"@id\":\"https:\/\/www.franquiciescat.org\/es\/la-demanda-de-viviendas-sostenibles-aumento-un-30-en-espana-en-el-primer-semestre\/\",\"url\":\"https:\/\/www.franquiciescat.org\/es\/la-demanda-de-viviendas-sostenibles-aumento-un-30-en-espana-en-el-primer-semestre\/\",\"name\":\"La demanda de viviendas sostenibles aument\u00f3 un 30% en Espa\u00f1a en el primer semestre - Asociaci\u00f3n de Franqu\u00edcias de Catalunya\",\"isPartOf\":{\"@id\":\"https:\/\/www.franquiciescat.org\/#website\"},\"primaryImageOfPage\":{\"@id\":\"https:\/\/www.franquiciescat.org\/es\/la-demanda-de-viviendas-sostenibles-aumento-un-30-en-espana-en-el-primer-semestre\/#primaryimage\"},\"image\":{\"@id\":\"https:\/\/www.franquiciescat.org\/es\/la-demanda-de-viviendas-sostenibles-aumento-un-30-en-espana-en-el-primer-semestre\/#primaryimage\"},\"thumbnailUrl\":\"https:\/\/www.franquiciescat.org\/wp-content\/uploads\/2024\/08\/Imagen1donpiso.jpg\",\"datePublished\":\"2024-08-09T06:28:11+00:00\",\"dateModified\":\"2024-08-09T06:34:14+00:00\",\"breadcrumb\":{\"@id\":\"https:\/\/www.franquiciescat.org\/es\/la-demanda-de-viviendas-sostenibles-aumento-un-30-en-espana-en-el-primer-semestre\/#breadcrumb\"},\"inLanguage\":\"es\",\"potentialAction\":[{\"@type\":\"ReadAction\",\"target\":[\"https:\/\/www.franquiciescat.org\/es\/la-demanda-de-viviendas-sostenibles-aumento-un-30-en-espana-en-el-primer-semestre\/\"]}]},{\"@type\":\"ImageObject\",\"inLanguage\":\"es\",\"@id\":\"https:\/\/www.franquiciescat.org\/es\/la-demanda-de-viviendas-sostenibles-aumento-un-30-en-espana-en-el-primer-semestre\/#primaryimage\",\"url\":\"https:\/\/www.franquiciescat.org\/wp-content\/uploads\/2024\/08\/Imagen1donpiso.jpg\",\"contentUrl\":\"https:\/\/www.franquiciescat.org\/wp-content\/uploads\/2024\/08\/Imagen1donpiso.jpg\",\"width\":931,\"height\":621},{\"@type\":\"BreadcrumbList\",\"@id\":\"https:\/\/www.franquiciescat.org\/es\/la-demanda-de-viviendas-sostenibles-aumento-un-30-en-espana-en-el-primer-semestre\/#breadcrumb\",\"itemListElement\":[{\"@type\":\"ListItem\",\"position\":1,\"name\":\"Inici\",\"item\":\"https:\/\/www.franquiciescat.org\/\"},{\"@type\":\"ListItem\",\"position\":2,\"name\":\"La demanda de viviendas sostenibles aument\u00f3 un 30% en Espa\u00f1a en el primer semestre\"}]},{\"@type\":\"WebSite\",\"@id\":\"https:\/\/www.franquiciescat.org\/#website\",\"url\":\"https:\/\/www.franquiciescat.org\/\",\"name\":\"Associaci\u00f3 de Franqu\u00edcies de Catalunya\",\"description\":\"Asociaci\u00f3n de Franqu\u00edcias de Catalunya\",\"publisher\":{\"@id\":\"https:\/\/www.franquiciescat.org\/#organization\"},\"potentialAction\":[{\"@type\":\"SearchAction\",\"target\":{\"@type\":\"EntryPoint\",\"urlTemplate\":\"https:\/\/www.franquiciescat.org\/?s={search_term_string}\"},\"query-input\":{\"@type\":\"PropertyValueSpecification\",\"valueRequired\":true,\"valueName\":\"search_term_string\"}}],\"inLanguage\":\"es\"},{\"@type\":\"Organization\",\"@id\":\"https:\/\/www.franquiciescat.org\/#organization\",\"name\":\"Associaci\u00f3 de Franqu\u00edcies de Catalunya\",\"url\":\"https:\/\/www.franquiciescat.org\/\",\"logo\":{\"@type\":\"ImageObject\",\"inLanguage\":\"es\",\"@id\":\"https:\/\/www.franquiciescat.org\/#\/schema\/logo\/image\/\",\"url\":\"https:\/\/www.franquiciescat.org\/wp-content\/uploads\/2023\/05\/logo-afc.png\",\"contentUrl\":\"https:\/\/www.franquiciescat.org\/wp-content\/uploads\/2023\/05\/logo-afc.png\",\"width\":640,\"height\":171,\"caption\":\"Associaci\u00f3 de Franqu\u00edcies de Catalunya\"},\"image\":{\"@id\":\"https:\/\/www.franquiciescat.org\/#\/schema\/logo\/image\/\"}},{\"@type\":\"Person\",\"@id\":\"https:\/\/www.franquiciescat.org\/#\/schema\/person\/f7cfeca2687a2d216942148b0f430be5\",\"name\":\"Einagrafic\",\"image\":{\"@type\":\"ImageObject\",\"inLanguage\":\"es\",\"@id\":\"https:\/\/www.franquiciescat.org\/#\/schema\/person\/image\/\",\"url\":\"https:\/\/secure.gravatar.com\/avatar\/cc75d3f0c33e859c04998660c0362167519e435366e0967a9b01a7c511c82ae4?s=96&d=mm&r=g\",\"contentUrl\":\"https:\/\/secure.gravatar.com\/avatar\/cc75d3f0c33e859c04998660c0362167519e435366e0967a9b01a7c511c82ae4?s=96&d=mm&r=g\",\"caption\":\"Einagrafic\"},\"sameAs\":[\"https:\/\/www.franquiciescat.org\"],\"url\":\"https:\/\/www.franquiciescat.org\/es\/author\/einagrafic\/\"}]}<\/script>\n<!-- \/ Yoast SEO plugin. -->","yoast_head_json":{"title":"La demanda de viviendas sostenibles aument\u00f3 un 30% en Espa\u00f1a en el primer semestre - Asociaci\u00f3n de Franqu\u00edcias de Catalunya","robots":{"index":"index","follow":"follow","max-snippet":"max-snippet:-1","max-image-preview":"max-image-preview:large","max-video-preview":"max-video-preview:-1"},"canonical":"https:\/\/www.franquiciescat.org\/es\/la-demanda-de-viviendas-sostenibles-aumento-un-30-en-espana-en-el-primer-semestre\/","og_locale":"es_ES","og_type":"article","og_title":"La demanda de viviendas sostenibles aument\u00f3 un 30% en Espa\u00f1a en el primer semestre - Asociaci\u00f3n de Franqu\u00edcias de Catalunya","og_description":"&nbsp; &nbsp; CRECE LA CONCIENCIA SOCIAL EN SOSTENIBILIDAD La demanda de viviendas sostenibles aument\u00f3 un 30% en Espa\u00f1a en el primer semestre &nbsp; Los pron\u00f3sticos de donpiso se cumplen en la primera mitad del a\u00f1o: la preocupaci\u00f3n por la sostenibilidad y eficiencia energ\u00e9tica ya son valorados por el 60% de los espa\u00f1oles a la hora [&hellip;]","og_url":"https:\/\/www.franquiciescat.org\/es\/la-demanda-de-viviendas-sostenibles-aumento-un-30-en-espana-en-el-primer-semestre\/","og_site_name":"Asociaci\u00f3n de Franqu\u00edcias de Catalunya","article_published_time":"2024-08-09T06:28:11+00:00","article_modified_time":"2024-08-09T06:34:14+00:00","og_image":[{"width":931,"height":621,"url":"https:\/\/www.franquiciescat.org\/wp-content\/uploads\/2024\/08\/Imagen1donpiso.jpg","type":"image\/jpeg"}],"author":"Einagrafic","twitter_card":"summary_large_image","twitter_misc":{"Escrito por":"Einagrafic","Tiempo de lectura":"5 minutos"},"schema":{"@context":"https:\/\/schema.org","@graph":[{"@type":"Article","@id":"https:\/\/www.franquiciescat.org\/es\/la-demanda-de-viviendas-sostenibles-aumento-un-30-en-espana-en-el-primer-semestre\/#article","isPartOf":{"@id":"https:\/\/www.franquiciescat.org\/es\/la-demanda-de-viviendas-sostenibles-aumento-un-30-en-espana-en-el-primer-semestre\/"},"author":{"name":"Einagrafic","@id":"https:\/\/www.franquiciescat.org\/#\/schema\/person\/f7cfeca2687a2d216942148b0f430be5"},"headline":"La demanda de viviendas sostenibles aument\u00f3 un 30% en Espa\u00f1a en el primer semestre","datePublished":"2024-08-09T06:28:11+00:00","dateModified":"2024-08-09T06:34:14+00:00","mainEntityOfPage":{"@id":"https:\/\/www.franquiciescat.org\/es\/la-demanda-de-viviendas-sostenibles-aumento-un-30-en-espana-en-el-primer-semestre\/"},"wordCount":686,"publisher":{"@id":"https:\/\/www.franquiciescat.org\/#organization"},"image":{"@id":"https:\/\/www.franquiciescat.org\/es\/la-demanda-de-viviendas-sostenibles-aumento-un-30-en-espana-en-el-primer-semestre\/#primaryimage"},"thumbnailUrl":"https:\/\/www.franquiciescat.org\/wp-content\/uploads\/2024\/08\/Imagen1donpiso.jpg","articleSection":["Noticias"],"inLanguage":"es"},{"@type":"WebPage","@id":"https:\/\/www.franquiciescat.org\/es\/la-demanda-de-viviendas-sostenibles-aumento-un-30-en-espana-en-el-primer-semestre\/","url":"https:\/\/www.franquiciescat.org\/es\/la-demanda-de-viviendas-sostenibles-aumento-un-30-en-espana-en-el-primer-semestre\/","name":"La demanda de viviendas sostenibles aument\u00f3 un 30% en Espa\u00f1a en el primer semestre - Asociaci\u00f3n de Franqu\u00edcias de Catalunya","isPartOf":{"@id":"https:\/\/www.franquiciescat.org\/#website"},"primaryImageOfPage":{"@id":"https:\/\/www.franquiciescat.org\/es\/la-demanda-de-viviendas-sostenibles-aumento-un-30-en-espana-en-el-primer-semestre\/#primaryimage"},"image":{"@id":"https:\/\/www.franquiciescat.org\/es\/la-demanda-de-viviendas-sostenibles-aumento-un-30-en-espana-en-el-primer-semestre\/#primaryimage"},"thumbnailUrl":"https:\/\/www.franquiciescat.org\/wp-content\/uploads\/2024\/08\/Imagen1donpiso.jpg","datePublished":"2024-08-09T06:28:11+00:00","dateModified":"2024-08-09T06:34:14+00:00","breadcrumb":{"@id":"https:\/\/www.franquiciescat.org\/es\/la-demanda-de-viviendas-sostenibles-aumento-un-30-en-espana-en-el-primer-semestre\/#breadcrumb"},"inLanguage":"es","potentialAction":[{"@type":"ReadAction","target":["https:\/\/www.franquiciescat.org\/es\/la-demanda-de-viviendas-sostenibles-aumento-un-30-en-espana-en-el-primer-semestre\/"]}]},{"@type":"ImageObject","inLanguage":"es","@id":"https:\/\/www.franquiciescat.org\/es\/la-demanda-de-viviendas-sostenibles-aumento-un-30-en-espana-en-el-primer-semestre\/#primaryimage","url":"https:\/\/www.franquiciescat.org\/wp-content\/uploads\/2024\/08\/Imagen1donpiso.jpg","contentUrl":"https:\/\/www.franquiciescat.org\/wp-content\/uploads\/2024\/08\/Imagen1donpiso.jpg","width":931,"height":621},{"@type":"BreadcrumbList","@id":"https:\/\/www.franquiciescat.org\/es\/la-demanda-de-viviendas-sostenibles-aumento-un-30-en-espana-en-el-primer-semestre\/#breadcrumb","itemListElement":[{"@type":"ListItem","position":1,"name":"Inici","item":"https:\/\/www.franquiciescat.org\/"},{"@type":"ListItem","position":2,"name":"La demanda de viviendas sostenibles aument\u00f3 un 30% en Espa\u00f1a en el primer semestre"}]},{"@type":"WebSite","@id":"https:\/\/www.franquiciescat.org\/#website","url":"https:\/\/www.franquiciescat.org\/","name":"Associaci\u00f3 de Franqu\u00edcies de Catalunya","description":"Asociaci\u00f3n de Franqu\u00edcias de Catalunya","publisher":{"@id":"https:\/\/www.franquiciescat.org\/#organization"},"potentialAction":[{"@type":"SearchAction","target":{"@type":"EntryPoint","urlTemplate":"https:\/\/www.franquiciescat.org\/?s={search_term_string}"},"query-input":{"@type":"PropertyValueSpecification","valueRequired":true,"valueName":"search_term_string"}}],"inLanguage":"es"},{"@type":"Organization","@id":"https:\/\/www.franquiciescat.org\/#organization","name":"Associaci\u00f3 de Franqu\u00edcies de Catalunya","url":"https:\/\/www.franquiciescat.org\/","logo":{"@type":"ImageObject","inLanguage":"es","@id":"https:\/\/www.franquiciescat.org\/#\/schema\/logo\/image\/","url":"https:\/\/www.franquiciescat.org\/wp-content\/uploads\/2023\/05\/logo-afc.png","contentUrl":"https:\/\/www.franquiciescat.org\/wp-content\/uploads\/2023\/05\/logo-afc.png","width":640,"height":171,"caption":"Associaci\u00f3 de Franqu\u00edcies de Catalunya"},"image":{"@id":"https:\/\/www.franquiciescat.org\/#\/schema\/logo\/image\/"}},{"@type":"Person","@id":"https:\/\/www.franquiciescat.org\/#\/schema\/person\/f7cfeca2687a2d216942148b0f430be5","name":"Einagrafic","image":{"@type":"ImageObject","inLanguage":"es","@id":"https:\/\/www.franquiciescat.org\/#\/schema\/person\/image\/","url":"https:\/\/secure.gravatar.com\/avatar\/cc75d3f0c33e859c04998660c0362167519e435366e0967a9b01a7c511c82ae4?s=96&d=mm&r=g","contentUrl":"https:\/\/secure.gravatar.com\/avatar\/cc75d3f0c33e859c04998660c0362167519e435366e0967a9b01a7c511c82ae4?s=96&d=mm&r=g","caption":"Einagrafic"},"sameAs":["https:\/\/www.franquiciescat.org"],"url":"https:\/\/www.franquiciescat.org\/es\/author\/einagrafic\/"}]}},"_links":{"self":[{"href":"https:\/\/www.franquiciescat.org\/es\/wp-json\/wp\/v2\/posts\/4191","targetHints":{"allow":["GET"]}}],"collection":[{"href":"https:\/\/www.franquiciescat.org\/es\/wp-json\/wp\/v2\/posts"}],"about":[{"href":"https:\/\/www.franquiciescat.org\/es\/wp-json\/wp\/v2\/types\/post"}],"author":[{"embeddable":true,"href":"https:\/\/www.franquiciescat.org\/es\/wp-json\/wp\/v2\/users\/1"}],"replies":[{"embeddable":true,"href":"https:\/\/www.franquiciescat.org\/es\/wp-json\/wp\/v2\/comments?post=4191"}],"version-history":[{"count":2,"href":"https:\/\/www.franquiciescat.org\/es\/wp-json\/wp\/v2\/posts\/4191\/revisions"}],"predecessor-version":[{"id":4193,"href":"https:\/\/www.franquiciescat.org\/es\/wp-json\/wp\/v2\/posts\/4191\/revisions\/4193"}],"wp:featuredmedia":[{"embeddable":true,"href":"https:\/\/www.franquiciescat.org\/es\/wp-json\/wp\/v2\/media\/4189"}],"wp:attachment":[{"href":"https:\/\/www.franquiciescat.org\/es\/wp-json\/wp\/v2\/media?parent=4191"}],"wp:term":[{"taxonomy":"category","embeddable":true,"href":"https:\/\/www.franquiciescat.org\/es\/wp-json\/wp\/v2\/categories?post=4191"},{"taxonomy":"post_tag","embeddable":true,"href":"https:\/\/www.franquiciescat.org\/es\/wp-json\/wp\/v2\/tags?post=4191"}],"curies":[{"name":"wp","href":"https:\/\/api.w.org\/{rel}","templated":true}]}}