{"id":4334,"date":"2025-02-05T13:12:20","date_gmt":"2025-02-05T13:12:20","guid":{"rendered":"https:\/\/www.franquiciescat.org\/?p=4334"},"modified":"2025-02-05T13:12:20","modified_gmt":"2025-02-05T13:12:20","slug":"ganadores-de-los-vi-premios-franquicias-de-cataluna-2024","status":"publish","type":"post","link":"https:\/\/www.franquiciescat.org\/es\/ganadores-de-los-vi-premios-franquicias-de-cataluna-2024\/","title":{"rendered":"Ganadores de los VI Premios Franquicias de Catalu\u00f1a 2024"},"content":{"rendered":"<p><strong>La <\/strong><a href=\"https:\/\/www.franquiciescat.org\/es\/\"><strong>Asociaci\u00f3n de Franquicias de Catalu\u00f1a<\/strong><\/a><strong> (AFC)<\/strong>, con el <strong>patrocinio de<\/strong> <strong>RSBiz<\/strong>, <strong>otorg\u00f3<\/strong><strong> los galardones de la VI edici\u00f3n de los \u201cPremios Franquicias de Catalu\u00f1a 2024\u201d<\/strong>, que se entregaron el jueves 12 de diciembre\u00a0 en el Sal\u00f3n de Actos de la Sede Territorial de <strong>BBVA<\/strong> en Barcelona.<\/p>\n<p>&nbsp;<\/p>\n<p>Un <strong>Jurado <\/strong>compuesto por David Casals, periodista del diario Expansi\u00f3n; Silvia Pagan del \u00c1lamo, Responsable de Franquicias y Convenios Empresas de BBVA en Catalu\u00f1a; Ana \u00dabeda, abogada socia del bufete Fieldfisher, y Xavier Vallhonrat, presidente de la AFC, decidi\u00f3 otorgar estos premios, repartidos en <strong>12 categor\u00edas<\/strong>, a las siguientes empresas y personas:<\/p>\n<p>&nbsp;<\/p>\n<ul>\n<li>A la franquicia catalana m\u00e1s destacada en el mercado catal\u00e1n:<\/li>\n<\/ul>\n<p><strong>Caprabo<\/strong>.<\/p>\n<p>&nbsp;<\/p>\n<ul>\n<li>A la franquicia catalana m\u00e1s destacada en el mercado espa\u00f1ol:<\/li>\n<\/ul>\n<p><strong>Las Muns<\/strong>.<\/p>\n<p>&nbsp;<\/p>\n<ul>\n<li>A la franquicia catalana m\u00e1s destacada del mercado internacional:<\/li>\n<\/ul>\n<p><strong>Aqu\u00ed Tu Reforma<\/strong>.<\/p>\n<p>&nbsp;<\/p>\n<ul>\n<li>A la franquicia no catalana con la mejor proyecci\u00f3n en Catalu\u00f1a:<\/li>\n<\/ul>\n<p><strong>Zebrabox<\/strong>.<\/p>\n<p>&nbsp;<\/p>\n<ul>\n<li>Al mejor franquiciado de una red de franquicias radicada en Catalu\u00f1a:<\/li>\n<\/ul>\n<p><strong>Daniel Oses y Carlos Pellicer de Anytime Fitness<\/strong>.<\/p>\n<p>&nbsp;<\/p>\n<ul>\n<li>Al mejor franquiciado de Catalu\u00f1a de una marca no catalana:<\/li>\n<\/ul>\n<p><strong>Century21 Nexus de Sant Cugat del Vall\u00e8s<\/strong>.<\/p>\n<p>&nbsp;<\/p>\n<ul>\n<li>A la franquicia catalana con la mejor pol\u00edtica de RSC y\/o protecci\u00f3n del medio ambiente:<\/li>\n<\/ul>\n<p><strong>Bureau Vall\u00e8e<\/strong>.<\/p>\n<p>&nbsp;<\/p>\n<ul>\n<li>Al mejor CEO\/DG de una empresa de franquicias radicada en Catalu\u00f1a:<\/li>\n<\/ul>\n<p><strong>Marcos Moure, de Grupo Moure<\/strong>.<\/p>\n<p>&nbsp;<\/p>\n<ul>\n<li>Al mejor equipo de marketing de franquicias:<\/li>\n<\/ul>\n<p><strong>Tabernnus<\/strong>.<\/p>\n<p>&nbsp;<\/p>\n<ul>\n<li>Al proveedor homologado con mejor actividad referida a franquicias:<\/li>\n<\/ul>\n<p><strong>Securitas Direct<\/strong>.<\/p>\n<p>&nbsp;<\/p>\n<ul>\n<li>Premio especial \u201cRSBiz\u201d a la franquicia m\u00e1s destacada en la aplicaci\u00f3n de m\u00e9todos o procesos que aporten mejoras significativas a la relaci\u00f3n entre franquiciadores y sus franquiciados:<\/li>\n<\/ul>\n<p><strong>Ch\u00f6k<\/strong>.<\/p>\n<p>&nbsp;<\/p>\n<ul>\n<li><strong>Premio especial a los cinco franquiciados de Aqu\u00ed Tu Reforma en Valencia<\/strong>, por su actuaci\u00f3n de ayuda a los damnificados por la DANA.<\/li>\n<\/ul>\n<p>&nbsp;<\/p>\n<p style=\"text-align: center;\"><strong>El pr\u00f3ximo 1 de setiembre de 2025, la AFC abrir\u00e1 el plazo de admisi\u00f3n de candidaturas a los VII Premios Franquicias de Catalu\u00f1a<\/strong><\/p>\n","protected":false},"excerpt":{"rendered":"<p>La Asociaci\u00f3n de Franquicias de Catalu\u00f1a (AFC), con el patrocinio de RSBiz, otorg\u00f3 los galardones de la VI edici\u00f3n de los \u201cPremios Franquicias de Catalu\u00f1a 2024\u201d, que se entregaron el jueves 12 de diciembre\u00a0 en el Sal\u00f3n de Actos de la Sede Territorial de BBVA en Barcelona. &nbsp; Un Jurado compuesto por David Casals, periodista [&hellip;]<\/p>\n","protected":false},"author":1,"featured_media":4321,"comment_status":"closed","ping_status":"closed","sticky":false,"template":"","format":"standard","meta":{"footnotes":""},"categories":[72],"tags":[],"class_list":["post-4334","post","type-post","status-publish","format-standard","has-post-thumbnail","hentry","category-noticias"],"yoast_head":"<!-- This site is optimized with the Yoast SEO plugin v26.9 - https:\/\/yoast.com\/product\/yoast-seo-wordpress\/ -->\n<title>Ganadores de los VI Premios Franquicias de Catalu\u00f1a 2024 - Asociaci\u00f3n de Franqu\u00edcias de Catalunya<\/title>\n<meta name=\"robots\" content=\"index, follow, max-snippet:-1, max-image-preview:large, max-video-preview:-1\" \/>\n<link rel=\"canonical\" href=\"https:\/\/www.franquiciescat.org\/es\/ganadores-de-los-vi-premios-franquicias-de-cataluna-2024\/\" \/>\n<meta property=\"og:locale\" content=\"es_ES\" \/>\n<meta property=\"og:type\" content=\"article\" \/>\n<meta property=\"og:title\" content=\"Ganadores de los VI Premios Franquicias de Catalu\u00f1a 2024 - Asociaci\u00f3n de Franqu\u00edcias de Catalunya\" \/>\n<meta property=\"og:description\" content=\"La Asociaci\u00f3n de Franquicias de Catalu\u00f1a (AFC), con el patrocinio de RSBiz, otorg\u00f3 los galardones de la VI edici\u00f3n de los \u201cPremios Franquicias de Catalu\u00f1a 2024\u201d, que se entregaron el jueves 12 de diciembre\u00a0 en el Sal\u00f3n de Actos de la Sede Territorial de BBVA en Barcelona. &nbsp; Un Jurado compuesto por David Casals, periodista [&hellip;]\" \/>\n<meta property=\"og:url\" content=\"https:\/\/www.franquiciescat.org\/es\/ganadores-de-los-vi-premios-franquicias-de-cataluna-2024\/\" \/>\n<meta property=\"og:site_name\" content=\"Asociaci\u00f3n de Franqu\u00edcias de Catalunya\" \/>\n<meta property=\"article:published_time\" content=\"2025-02-05T13:12:20+00:00\" \/>\n<meta property=\"og:image\" content=\"https:\/\/www.franquiciescat.org\/wp-content\/uploads\/2025\/02\/149_202412_AFC_Premis_0191_3600pxHome-scaled.jpg\" \/>\n\t<meta property=\"og:image:width\" content=\"2560\" \/>\n\t<meta property=\"og:image:height\" content=\"1707\" \/>\n\t<meta property=\"og:image:type\" content=\"image\/jpeg\" \/>\n<meta name=\"author\" content=\"Einagrafic\" \/>\n<meta name=\"twitter:card\" content=\"summary_large_image\" \/>\n<meta name=\"twitter:label1\" content=\"Escrito por\" \/>\n\t<meta name=\"twitter:data1\" content=\"Einagrafic\" \/>\n\t<meta name=\"twitter:label2\" content=\"Tiempo de lectura\" \/>\n\t<meta name=\"twitter:data2\" content=\"2 minutos\" \/>\n<script type=\"application\/ld+json\" class=\"yoast-schema-graph\">{\"@context\":\"https:\/\/schema.org\",\"@graph\":[{\"@type\":\"Article\",\"@id\":\"https:\/\/www.franquiciescat.org\/es\/ganadores-de-los-vi-premios-franquicias-de-cataluna-2024\/#article\",\"isPartOf\":{\"@id\":\"https:\/\/www.franquiciescat.org\/es\/ganadores-de-los-vi-premios-franquicias-de-cataluna-2024\/\"},\"author\":{\"name\":\"Einagrafic\",\"@id\":\"https:\/\/www.franquiciescat.org\/#\/schema\/person\/f7cfeca2687a2d216942148b0f430be5\"},\"headline\":\"Ganadores de los VI Premios Franquicias de Catalu\u00f1a 2024\",\"datePublished\":\"2025-02-05T13:12:20+00:00\",\"mainEntityOfPage\":{\"@id\":\"https:\/\/www.franquiciescat.org\/es\/ganadores-de-los-vi-premios-franquicias-de-cataluna-2024\/\"},\"wordCount\":359,\"publisher\":{\"@id\":\"https:\/\/www.franquiciescat.org\/#organization\"},\"image\":{\"@id\":\"https:\/\/www.franquiciescat.org\/es\/ganadores-de-los-vi-premios-franquicias-de-cataluna-2024\/#primaryimage\"},\"thumbnailUrl\":\"https:\/\/www.franquiciescat.org\/wp-content\/uploads\/2025\/02\/149_202412_AFC_Premis_0191_3600pxHome-scaled.jpg\",\"articleSection\":[\"Noticias\"],\"inLanguage\":\"es\"},{\"@type\":\"WebPage\",\"@id\":\"https:\/\/www.franquiciescat.org\/es\/ganadores-de-los-vi-premios-franquicias-de-cataluna-2024\/\",\"url\":\"https:\/\/www.franquiciescat.org\/es\/ganadores-de-los-vi-premios-franquicias-de-cataluna-2024\/\",\"name\":\"Ganadores de los VI Premios Franquicias de Catalu\u00f1a 2024 - Asociaci\u00f3n de Franqu\u00edcias de Catalunya\",\"isPartOf\":{\"@id\":\"https:\/\/www.franquiciescat.org\/#website\"},\"primaryImageOfPage\":{\"@id\":\"https:\/\/www.franquiciescat.org\/es\/ganadores-de-los-vi-premios-franquicias-de-cataluna-2024\/#primaryimage\"},\"image\":{\"@id\":\"https:\/\/www.franquiciescat.org\/es\/ganadores-de-los-vi-premios-franquicias-de-cataluna-2024\/#primaryimage\"},\"thumbnailUrl\":\"https:\/\/www.franquiciescat.org\/wp-content\/uploads\/2025\/02\/149_202412_AFC_Premis_0191_3600pxHome-scaled.jpg\",\"datePublished\":\"2025-02-05T13:12:20+00:00\",\"breadcrumb\":{\"@id\":\"https:\/\/www.franquiciescat.org\/es\/ganadores-de-los-vi-premios-franquicias-de-cataluna-2024\/#breadcrumb\"},\"inLanguage\":\"es\",\"potentialAction\":[{\"@type\":\"ReadAction\",\"target\":[\"https:\/\/www.franquiciescat.org\/es\/ganadores-de-los-vi-premios-franquicias-de-cataluna-2024\/\"]}]},{\"@type\":\"ImageObject\",\"inLanguage\":\"es\",\"@id\":\"https:\/\/www.franquiciescat.org\/es\/ganadores-de-los-vi-premios-franquicias-de-cataluna-2024\/#primaryimage\",\"url\":\"https:\/\/www.franquiciescat.org\/wp-content\/uploads\/2025\/02\/149_202412_AFC_Premis_0191_3600pxHome-scaled.jpg\",\"contentUrl\":\"https:\/\/www.franquiciescat.org\/wp-content\/uploads\/2025\/02\/149_202412_AFC_Premis_0191_3600pxHome-scaled.jpg\",\"width\":2560,\"height\":1707},{\"@type\":\"BreadcrumbList\",\"@id\":\"https:\/\/www.franquiciescat.org\/es\/ganadores-de-los-vi-premios-franquicias-de-cataluna-2024\/#breadcrumb\",\"itemListElement\":[{\"@type\":\"ListItem\",\"position\":1,\"name\":\"Inici\",\"item\":\"https:\/\/www.franquiciescat.org\/\"},{\"@type\":\"ListItem\",\"position\":2,\"name\":\"Ganadores de los VI Premios Franquicias de Catalu\u00f1a 2024\"}]},{\"@type\":\"WebSite\",\"@id\":\"https:\/\/www.franquiciescat.org\/#website\",\"url\":\"https:\/\/www.franquiciescat.org\/\",\"name\":\"Associaci\u00f3 de Franqu\u00edcies de Catalunya\",\"description\":\"Asociaci\u00f3n de Franqu\u00edcias de Catalunya\",\"publisher\":{\"@id\":\"https:\/\/www.franquiciescat.org\/#organization\"},\"potentialAction\":[{\"@type\":\"SearchAction\",\"target\":{\"@type\":\"EntryPoint\",\"urlTemplate\":\"https:\/\/www.franquiciescat.org\/?s={search_term_string}\"},\"query-input\":{\"@type\":\"PropertyValueSpecification\",\"valueRequired\":true,\"valueName\":\"search_term_string\"}}],\"inLanguage\":\"es\"},{\"@type\":\"Organization\",\"@id\":\"https:\/\/www.franquiciescat.org\/#organization\",\"name\":\"Associaci\u00f3 de Franqu\u00edcies de Catalunya\",\"url\":\"https:\/\/www.franquiciescat.org\/\",\"logo\":{\"@type\":\"ImageObject\",\"inLanguage\":\"es\",\"@id\":\"https:\/\/www.franquiciescat.org\/#\/schema\/logo\/image\/\",\"url\":\"https:\/\/www.franquiciescat.org\/wp-content\/uploads\/2023\/05\/logo-afc.png\",\"contentUrl\":\"https:\/\/www.franquiciescat.org\/wp-content\/uploads\/2023\/05\/logo-afc.png\",\"width\":640,\"height\":171,\"caption\":\"Associaci\u00f3 de Franqu\u00edcies de Catalunya\"},\"image\":{\"@id\":\"https:\/\/www.franquiciescat.org\/#\/schema\/logo\/image\/\"}},{\"@type\":\"Person\",\"@id\":\"https:\/\/www.franquiciescat.org\/#\/schema\/person\/f7cfeca2687a2d216942148b0f430be5\",\"name\":\"Einagrafic\",\"image\":{\"@type\":\"ImageObject\",\"inLanguage\":\"es\",\"@id\":\"https:\/\/www.franquiciescat.org\/#\/schema\/person\/image\/\",\"url\":\"https:\/\/secure.gravatar.com\/avatar\/cc75d3f0c33e859c04998660c0362167519e435366e0967a9b01a7c511c82ae4?s=96&d=mm&r=g\",\"contentUrl\":\"https:\/\/secure.gravatar.com\/avatar\/cc75d3f0c33e859c04998660c0362167519e435366e0967a9b01a7c511c82ae4?s=96&d=mm&r=g\",\"caption\":\"Einagrafic\"},\"sameAs\":[\"https:\/\/www.franquiciescat.org\"],\"url\":\"https:\/\/www.franquiciescat.org\/es\/author\/einagrafic\/\"}]}<\/script>\n<!-- \/ Yoast SEO plugin. -->","yoast_head_json":{"title":"Ganadores de los VI Premios Franquicias de Catalu\u00f1a 2024 - Asociaci\u00f3n de Franqu\u00edcias de Catalunya","robots":{"index":"index","follow":"follow","max-snippet":"max-snippet:-1","max-image-preview":"max-image-preview:large","max-video-preview":"max-video-preview:-1"},"canonical":"https:\/\/www.franquiciescat.org\/es\/ganadores-de-los-vi-premios-franquicias-de-cataluna-2024\/","og_locale":"es_ES","og_type":"article","og_title":"Ganadores de los VI Premios Franquicias de Catalu\u00f1a 2024 - Asociaci\u00f3n de Franqu\u00edcias de Catalunya","og_description":"La Asociaci\u00f3n de Franquicias de Catalu\u00f1a (AFC), con el patrocinio de RSBiz, otorg\u00f3 los galardones de la VI edici\u00f3n de los \u201cPremios Franquicias de Catalu\u00f1a 2024\u201d, que se entregaron el jueves 12 de diciembre\u00a0 en el Sal\u00f3n de Actos de la Sede Territorial de BBVA en Barcelona. &nbsp; Un Jurado compuesto por David Casals, periodista [&hellip;]","og_url":"https:\/\/www.franquiciescat.org\/es\/ganadores-de-los-vi-premios-franquicias-de-cataluna-2024\/","og_site_name":"Asociaci\u00f3n de Franqu\u00edcias de Catalunya","article_published_time":"2025-02-05T13:12:20+00:00","og_image":[{"width":2560,"height":1707,"url":"https:\/\/www.franquiciescat.org\/wp-content\/uploads\/2025\/02\/149_202412_AFC_Premis_0191_3600pxHome-scaled.jpg","type":"image\/jpeg"}],"author":"Einagrafic","twitter_card":"summary_large_image","twitter_misc":{"Escrito por":"Einagrafic","Tiempo de lectura":"2 minutos"},"schema":{"@context":"https:\/\/schema.org","@graph":[{"@type":"Article","@id":"https:\/\/www.franquiciescat.org\/es\/ganadores-de-los-vi-premios-franquicias-de-cataluna-2024\/#article","isPartOf":{"@id":"https:\/\/www.franquiciescat.org\/es\/ganadores-de-los-vi-premios-franquicias-de-cataluna-2024\/"},"author":{"name":"Einagrafic","@id":"https:\/\/www.franquiciescat.org\/#\/schema\/person\/f7cfeca2687a2d216942148b0f430be5"},"headline":"Ganadores de los VI Premios Franquicias de Catalu\u00f1a 2024","datePublished":"2025-02-05T13:12:20+00:00","mainEntityOfPage":{"@id":"https:\/\/www.franquiciescat.org\/es\/ganadores-de-los-vi-premios-franquicias-de-cataluna-2024\/"},"wordCount":359,"publisher":{"@id":"https:\/\/www.franquiciescat.org\/#organization"},"image":{"@id":"https:\/\/www.franquiciescat.org\/es\/ganadores-de-los-vi-premios-franquicias-de-cataluna-2024\/#primaryimage"},"thumbnailUrl":"https:\/\/www.franquiciescat.org\/wp-content\/uploads\/2025\/02\/149_202412_AFC_Premis_0191_3600pxHome-scaled.jpg","articleSection":["Noticias"],"inLanguage":"es"},{"@type":"WebPage","@id":"https:\/\/www.franquiciescat.org\/es\/ganadores-de-los-vi-premios-franquicias-de-cataluna-2024\/","url":"https:\/\/www.franquiciescat.org\/es\/ganadores-de-los-vi-premios-franquicias-de-cataluna-2024\/","name":"Ganadores de los VI Premios Franquicias de Catalu\u00f1a 2024 - Asociaci\u00f3n de Franqu\u00edcias de Catalunya","isPartOf":{"@id":"https:\/\/www.franquiciescat.org\/#website"},"primaryImageOfPage":{"@id":"https:\/\/www.franquiciescat.org\/es\/ganadores-de-los-vi-premios-franquicias-de-cataluna-2024\/#primaryimage"},"image":{"@id":"https:\/\/www.franquiciescat.org\/es\/ganadores-de-los-vi-premios-franquicias-de-cataluna-2024\/#primaryimage"},"thumbnailUrl":"https:\/\/www.franquiciescat.org\/wp-content\/uploads\/2025\/02\/149_202412_AFC_Premis_0191_3600pxHome-scaled.jpg","datePublished":"2025-02-05T13:12:20+00:00","breadcrumb":{"@id":"https:\/\/www.franquiciescat.org\/es\/ganadores-de-los-vi-premios-franquicias-de-cataluna-2024\/#breadcrumb"},"inLanguage":"es","potentialAction":[{"@type":"ReadAction","target":["https:\/\/www.franquiciescat.org\/es\/ganadores-de-los-vi-premios-franquicias-de-cataluna-2024\/"]}]},{"@type":"ImageObject","inLanguage":"es","@id":"https:\/\/www.franquiciescat.org\/es\/ganadores-de-los-vi-premios-franquicias-de-cataluna-2024\/#primaryimage","url":"https:\/\/www.franquiciescat.org\/wp-content\/uploads\/2025\/02\/149_202412_AFC_Premis_0191_3600pxHome-scaled.jpg","contentUrl":"https:\/\/www.franquiciescat.org\/wp-content\/uploads\/2025\/02\/149_202412_AFC_Premis_0191_3600pxHome-scaled.jpg","width":2560,"height":1707},{"@type":"BreadcrumbList","@id":"https:\/\/www.franquiciescat.org\/es\/ganadores-de-los-vi-premios-franquicias-de-cataluna-2024\/#breadcrumb","itemListElement":[{"@type":"ListItem","position":1,"name":"Inici","item":"https:\/\/www.franquiciescat.org\/"},{"@type":"ListItem","position":2,"name":"Ganadores de los VI Premios Franquicias de Catalu\u00f1a 2024"}]},{"@type":"WebSite","@id":"https:\/\/www.franquiciescat.org\/#website","url":"https:\/\/www.franquiciescat.org\/","name":"Associaci\u00f3 de Franqu\u00edcies de Catalunya","description":"Asociaci\u00f3n de Franqu\u00edcias de Catalunya","publisher":{"@id":"https:\/\/www.franquiciescat.org\/#organization"},"potentialAction":[{"@type":"SearchAction","target":{"@type":"EntryPoint","urlTemplate":"https:\/\/www.franquiciescat.org\/?s={search_term_string}"},"query-input":{"@type":"PropertyValueSpecification","valueRequired":true,"valueName":"search_term_string"}}],"inLanguage":"es"},{"@type":"Organization","@id":"https:\/\/www.franquiciescat.org\/#organization","name":"Associaci\u00f3 de Franqu\u00edcies de Catalunya","url":"https:\/\/www.franquiciescat.org\/","logo":{"@type":"ImageObject","inLanguage":"es","@id":"https:\/\/www.franquiciescat.org\/#\/schema\/logo\/image\/","url":"https:\/\/www.franquiciescat.org\/wp-content\/uploads\/2023\/05\/logo-afc.png","contentUrl":"https:\/\/www.franquiciescat.org\/wp-content\/uploads\/2023\/05\/logo-afc.png","width":640,"height":171,"caption":"Associaci\u00f3 de Franqu\u00edcies de Catalunya"},"image":{"@id":"https:\/\/www.franquiciescat.org\/#\/schema\/logo\/image\/"}},{"@type":"Person","@id":"https:\/\/www.franquiciescat.org\/#\/schema\/person\/f7cfeca2687a2d216942148b0f430be5","name":"Einagrafic","image":{"@type":"ImageObject","inLanguage":"es","@id":"https:\/\/www.franquiciescat.org\/#\/schema\/person\/image\/","url":"https:\/\/secure.gravatar.com\/avatar\/cc75d3f0c33e859c04998660c0362167519e435366e0967a9b01a7c511c82ae4?s=96&d=mm&r=g","contentUrl":"https:\/\/secure.gravatar.com\/avatar\/cc75d3f0c33e859c04998660c0362167519e435366e0967a9b01a7c511c82ae4?s=96&d=mm&r=g","caption":"Einagrafic"},"sameAs":["https:\/\/www.franquiciescat.org"],"url":"https:\/\/www.franquiciescat.org\/es\/author\/einagrafic\/"}]}},"_links":{"self":[{"href":"https:\/\/www.franquiciescat.org\/es\/wp-json\/wp\/v2\/posts\/4334","targetHints":{"allow":["GET"]}}],"collection":[{"href":"https:\/\/www.franquiciescat.org\/es\/wp-json\/wp\/v2\/posts"}],"about":[{"href":"https:\/\/www.franquiciescat.org\/es\/wp-json\/wp\/v2\/types\/post"}],"author":[{"embeddable":true,"href":"https:\/\/www.franquiciescat.org\/es\/wp-json\/wp\/v2\/users\/1"}],"replies":[{"embeddable":true,"href":"https:\/\/www.franquiciescat.org\/es\/wp-json\/wp\/v2\/comments?post=4334"}],"version-history":[{"count":1,"href":"https:\/\/www.franquiciescat.org\/es\/wp-json\/wp\/v2\/posts\/4334\/revisions"}],"predecessor-version":[{"id":4335,"href":"https:\/\/www.franquiciescat.org\/es\/wp-json\/wp\/v2\/posts\/4334\/revisions\/4335"}],"wp:featuredmedia":[{"embeddable":true,"href":"https:\/\/www.franquiciescat.org\/es\/wp-json\/wp\/v2\/media\/4321"}],"wp:attachment":[{"href":"https:\/\/www.franquiciescat.org\/es\/wp-json\/wp\/v2\/media?parent=4334"}],"wp:term":[{"taxonomy":"category","embeddable":true,"href":"https:\/\/www.franquiciescat.org\/es\/wp-json\/wp\/v2\/categories?post=4334"},{"taxonomy":"post_tag","embeddable":true,"href":"https:\/\/www.franquiciescat.org\/es\/wp-json\/wp\/v2\/tags?post=4334"}],"curies":[{"name":"wp","href":"https:\/\/api.w.org\/{rel}","templated":true}]}}