{"id":4437,"date":"2025-04-02T09:27:36","date_gmt":"2025-04-02T09:27:36","guid":{"rendered":"https:\/\/www.franquiciescat.org\/?p=4437"},"modified":"2025-04-02T09:29:46","modified_gmt":"2025-04-02T09:29:46","slug":"anytime-fitness-desembarca-en-premia-de-mar-y-refuerza-su-peso-en-la-provincia-de-barcelona","status":"publish","type":"post","link":"https:\/\/www.franquiciescat.org\/es\/anytime-fitness-desembarca-en-premia-de-mar-y-refuerza-su-peso-en-la-provincia-de-barcelona\/","title":{"rendered":"Anytime Fitness desembarca en Premi\u00e1 de Mar y refuerza su peso en la provincia de Barcelona"},"content":{"rendered":"<p><em>La cadena consolida su presencia en Catalu\u00f1a con la apertura de un club en la localidad de Premi\u00e0 de Mar. Ubicado en el centro comercial Marina Port Premi\u00e0, Anytime Fitness PortPremi\u00e0 cuenta con una superficie de 880 metros cuadrados, divididos en dos plantas, y un horario de 24 horas los 365 d\u00edas del a\u00f1o. El club, que estar\u00e1 operado por Daniel Oses y Carlos Pellicer, multifranquiciados de Anytime Fitness en Espa\u00f1a, abre sus puertas tras haber batido el r\u00e9cord en las preventas de la cadena, con m\u00e1s de 850 personas inscritas en sus filas. Fiel al Smart Coaching Ecosystem de la marca, este club, el n\u00famero 47 de Anytime Fitness en Espa\u00f1a, estar\u00e1 equipado con la tecnolog\u00eda de Matrix y Torque, el analizador corporal Evolt y el medidor de frecuencia card\u00edaca Myzone.<\/em><\/p>\n<p>\u201cEstamos muy contentos de ver la gran acogida que nuestro club ha tenido, y estamos seguros de que las personas que han confiado en nosotros encontrar\u00e1n en Anytime Fitness PortPremi\u00e0 el perfecto lugar para entrenar, cuidar su salud y mejorar su bienestar y calidad de vida. Estamos muy orgullosos de abrir este club, el cuarto que ya tenemos de Anytime Fitness en Espa\u00f1a\u201d, sostiene Daniel Oses, franquiciado de este gimnasio junto a Carlos Pellicer, propietarios ambos de Anytime Fitness Sabadell, Anytime Fitness Lleida y Anytime Fitness Gorg (en Badalona).<\/p>\n<p>Anytime Fitness PortPremi\u00e0, cuya puesta en marcha ha requerido de una inversi\u00f3n de 700.000 euros y generado hasta nueve puestos de trabajo, est\u00e1 situado en el Centro Comercial Marina Port Premi\u00e0 en cuyo p\u00e1rking sus socios podr\u00e1n disponer de dos horas de aparcamiento gratuito cada d\u00eda que acudan a entrenar.<\/p>\n<p>\u201cEstamos profundamente orgullosos de ver c\u00f3mo Carlos y Daniel han vuelto a apostar por nuestra cadena para crecer con nosotros y ayudarnos a llevar a una nueva comunidad nuestra apuesta por la salud, la tecnolog\u00eda y el fitness en nuestro modelo de Smart Coaching Ecosystem\u201d, sostiene Tim Devereaux, director general de Anytime Fitness Iberia.<\/p>\n<p><strong><em>El valor diferencial del Coaching Suite<\/em><\/strong><\/p>\n<p>Dentro del Smart Coaching Ecosystem se engloba el Coaching Suite de Anytime Fitness, dise\u00f1ado para que aquellas personas interesadas en ponerse en forma en este nuevo club puedan elegir entre los paquetes b\u00e1sico, Coaching, Coaching Plus y Coaching Advance, incrementando en cada uno de ellos el valor a\u00f1adido a sus membres\u00edas.<\/p>\n<p>El paquete b\u00e1sico permite a los socios entrenar todos los d\u00edas del a\u00f1o, con acceso pleno e ilimitado a las zonas de cardio y entrenamiento en circuito \u2013 equipadas con la \u00faltima tecnolog\u00eda del fabricante Matrix y Torque-, peso libre y algunas actividades dirigidas en clases de grupos reducidos.<\/p>\n<p>Los socios tambi\u00e9n tienen a su disposici\u00f3n la opci\u00f3n de seguir entrenando dentro o fuera de sus instalaciones con los miles de planes de entrenamiento y ejercicios con los que cuenta la App de Anytime Fitness, con un enfoque ahora m\u00e1s hol\u00edstico de la salud, con planes de entrenamiento, consejos de nutrici\u00f3n y tips de recuperaci\u00f3n.<\/p>\n<p>Todo ello tras la entrevista personal y valoraci\u00f3n inicial que realizar\u00e1 uno de los coaches del club, y que dar\u00e1 como resultado un plan personalizado y exclusivo para cada nuevo socio.<\/p>\n","protected":false},"excerpt":{"rendered":"<p>La cadena consolida su presencia en Catalu\u00f1a con la apertura de un club en la localidad de Premi\u00e0 de Mar. Ubicado en el centro comercial Marina Port Premi\u00e0, Anytime Fitness PortPremi\u00e0 cuenta con una superficie de 880 metros cuadrados, divididos en dos plantas, y un horario de 24 horas los 365 d\u00edas del a\u00f1o. El [&hellip;]<\/p>\n","protected":false},"author":1,"featured_media":4438,"comment_status":"closed","ping_status":"closed","sticky":false,"template":"","format":"standard","meta":{"footnotes":""},"categories":[72],"tags":[],"class_list":["post-4437","post","type-post","status-publish","format-standard","has-post-thumbnail","hentry","category-noticias"],"yoast_head":"<!-- This site is optimized with the Yoast SEO plugin v26.9 - https:\/\/yoast.com\/product\/yoast-seo-wordpress\/ -->\n<title>Anytime Fitness desembarca en Premi\u00e1 de Mar y refuerza su peso en la provincia de Barcelona - Asociaci\u00f3n de Franqu\u00edcias de Catalunya<\/title>\n<meta name=\"robots\" content=\"index, follow, max-snippet:-1, max-image-preview:large, max-video-preview:-1\" \/>\n<link rel=\"canonical\" href=\"https:\/\/www.franquiciescat.org\/es\/anytime-fitness-desembarca-en-premia-de-mar-y-refuerza-su-peso-en-la-provincia-de-barcelona\/\" \/>\n<meta property=\"og:locale\" content=\"es_ES\" \/>\n<meta property=\"og:type\" content=\"article\" \/>\n<meta property=\"og:title\" content=\"Anytime Fitness desembarca en Premi\u00e1 de Mar y refuerza su peso en la provincia de Barcelona - Asociaci\u00f3n de Franqu\u00edcias de Catalunya\" \/>\n<meta property=\"og:description\" content=\"La cadena consolida su presencia en Catalu\u00f1a con la apertura de un club en la localidad de Premi\u00e0 de Mar. Ubicado en el centro comercial Marina Port Premi\u00e0, Anytime Fitness PortPremi\u00e0 cuenta con una superficie de 880 metros cuadrados, divididos en dos plantas, y un horario de 24 horas los 365 d\u00edas del a\u00f1o. El [&hellip;]\" \/>\n<meta property=\"og:url\" content=\"https:\/\/www.franquiciescat.org\/es\/anytime-fitness-desembarca-en-premia-de-mar-y-refuerza-su-peso-en-la-provincia-de-barcelona\/\" \/>\n<meta property=\"og:site_name\" content=\"Asociaci\u00f3n de Franqu\u00edcias de Catalunya\" \/>\n<meta property=\"article:published_time\" content=\"2025-04-02T09:27:36+00:00\" \/>\n<meta property=\"article:modified_time\" content=\"2025-04-02T09:29:46+00:00\" \/>\n<meta property=\"og:image\" content=\"https:\/\/www.franquiciescat.org\/wp-content\/uploads\/2025\/04\/AF.PremiaFoto.jpeg\" \/>\n\t<meta property=\"og:image:width\" content=\"1920\" \/>\n\t<meta property=\"og:image:height\" content=\"1440\" \/>\n\t<meta property=\"og:image:type\" content=\"image\/jpeg\" \/>\n<meta name=\"author\" content=\"Einagrafic\" \/>\n<meta name=\"twitter:card\" content=\"summary_large_image\" \/>\n<meta name=\"twitter:label1\" content=\"Escrito por\" \/>\n\t<meta name=\"twitter:data1\" content=\"Einagrafic\" \/>\n\t<meta name=\"twitter:label2\" content=\"Tiempo de lectura\" \/>\n\t<meta name=\"twitter:data2\" content=\"4 minutos\" \/>\n<script type=\"application\/ld+json\" class=\"yoast-schema-graph\">{\"@context\":\"https:\/\/schema.org\",\"@graph\":[{\"@type\":\"Article\",\"@id\":\"https:\/\/www.franquiciescat.org\/es\/anytime-fitness-desembarca-en-premia-de-mar-y-refuerza-su-peso-en-la-provincia-de-barcelona\/#article\",\"isPartOf\":{\"@id\":\"https:\/\/www.franquiciescat.org\/es\/anytime-fitness-desembarca-en-premia-de-mar-y-refuerza-su-peso-en-la-provincia-de-barcelona\/\"},\"author\":{\"name\":\"Einagrafic\",\"@id\":\"https:\/\/www.franquiciescat.org\/#\/schema\/person\/f7cfeca2687a2d216942148b0f430be5\"},\"headline\":\"Anytime Fitness desembarca en Premi\u00e1 de Mar y refuerza su peso en la provincia de Barcelona\",\"datePublished\":\"2025-04-02T09:27:36+00:00\",\"dateModified\":\"2025-04-02T09:29:46+00:00\",\"mainEntityOfPage\":{\"@id\":\"https:\/\/www.franquiciescat.org\/es\/anytime-fitness-desembarca-en-premia-de-mar-y-refuerza-su-peso-en-la-provincia-de-barcelona\/\"},\"wordCount\":561,\"publisher\":{\"@id\":\"https:\/\/www.franquiciescat.org\/#organization\"},\"image\":{\"@id\":\"https:\/\/www.franquiciescat.org\/es\/anytime-fitness-desembarca-en-premia-de-mar-y-refuerza-su-peso-en-la-provincia-de-barcelona\/#primaryimage\"},\"thumbnailUrl\":\"https:\/\/www.franquiciescat.org\/wp-content\/uploads\/2025\/04\/AF.PremiaFoto.jpeg\",\"articleSection\":[\"Noticias\"],\"inLanguage\":\"es\"},{\"@type\":\"WebPage\",\"@id\":\"https:\/\/www.franquiciescat.org\/es\/anytime-fitness-desembarca-en-premia-de-mar-y-refuerza-su-peso-en-la-provincia-de-barcelona\/\",\"url\":\"https:\/\/www.franquiciescat.org\/es\/anytime-fitness-desembarca-en-premia-de-mar-y-refuerza-su-peso-en-la-provincia-de-barcelona\/\",\"name\":\"Anytime Fitness desembarca en Premi\u00e1 de Mar y refuerza su peso en la provincia de Barcelona - Asociaci\u00f3n de Franqu\u00edcias de Catalunya\",\"isPartOf\":{\"@id\":\"https:\/\/www.franquiciescat.org\/#website\"},\"primaryImageOfPage\":{\"@id\":\"https:\/\/www.franquiciescat.org\/es\/anytime-fitness-desembarca-en-premia-de-mar-y-refuerza-su-peso-en-la-provincia-de-barcelona\/#primaryimage\"},\"image\":{\"@id\":\"https:\/\/www.franquiciescat.org\/es\/anytime-fitness-desembarca-en-premia-de-mar-y-refuerza-su-peso-en-la-provincia-de-barcelona\/#primaryimage\"},\"thumbnailUrl\":\"https:\/\/www.franquiciescat.org\/wp-content\/uploads\/2025\/04\/AF.PremiaFoto.jpeg\",\"datePublished\":\"2025-04-02T09:27:36+00:00\",\"dateModified\":\"2025-04-02T09:29:46+00:00\",\"breadcrumb\":{\"@id\":\"https:\/\/www.franquiciescat.org\/es\/anytime-fitness-desembarca-en-premia-de-mar-y-refuerza-su-peso-en-la-provincia-de-barcelona\/#breadcrumb\"},\"inLanguage\":\"es\",\"potentialAction\":[{\"@type\":\"ReadAction\",\"target\":[\"https:\/\/www.franquiciescat.org\/es\/anytime-fitness-desembarca-en-premia-de-mar-y-refuerza-su-peso-en-la-provincia-de-barcelona\/\"]}]},{\"@type\":\"ImageObject\",\"inLanguage\":\"es\",\"@id\":\"https:\/\/www.franquiciescat.org\/es\/anytime-fitness-desembarca-en-premia-de-mar-y-refuerza-su-peso-en-la-provincia-de-barcelona\/#primaryimage\",\"url\":\"https:\/\/www.franquiciescat.org\/wp-content\/uploads\/2025\/04\/AF.PremiaFoto.jpeg\",\"contentUrl\":\"https:\/\/www.franquiciescat.org\/wp-content\/uploads\/2025\/04\/AF.PremiaFoto.jpeg\",\"width\":1920,\"height\":1440},{\"@type\":\"BreadcrumbList\",\"@id\":\"https:\/\/www.franquiciescat.org\/es\/anytime-fitness-desembarca-en-premia-de-mar-y-refuerza-su-peso-en-la-provincia-de-barcelona\/#breadcrumb\",\"itemListElement\":[{\"@type\":\"ListItem\",\"position\":1,\"name\":\"Inici\",\"item\":\"https:\/\/www.franquiciescat.org\/\"},{\"@type\":\"ListItem\",\"position\":2,\"name\":\"Anytime Fitness desembarca en Premi\u00e1 de Mar y refuerza su peso en la provincia de Barcelona\"}]},{\"@type\":\"WebSite\",\"@id\":\"https:\/\/www.franquiciescat.org\/#website\",\"url\":\"https:\/\/www.franquiciescat.org\/\",\"name\":\"Associaci\u00f3 de Franqu\u00edcies de Catalunya\",\"description\":\"Asociaci\u00f3n de Franqu\u00edcias de Catalunya\",\"publisher\":{\"@id\":\"https:\/\/www.franquiciescat.org\/#organization\"},\"potentialAction\":[{\"@type\":\"SearchAction\",\"target\":{\"@type\":\"EntryPoint\",\"urlTemplate\":\"https:\/\/www.franquiciescat.org\/?s={search_term_string}\"},\"query-input\":{\"@type\":\"PropertyValueSpecification\",\"valueRequired\":true,\"valueName\":\"search_term_string\"}}],\"inLanguage\":\"es\"},{\"@type\":\"Organization\",\"@id\":\"https:\/\/www.franquiciescat.org\/#organization\",\"name\":\"Associaci\u00f3 de Franqu\u00edcies de Catalunya\",\"url\":\"https:\/\/www.franquiciescat.org\/\",\"logo\":{\"@type\":\"ImageObject\",\"inLanguage\":\"es\",\"@id\":\"https:\/\/www.franquiciescat.org\/#\/schema\/logo\/image\/\",\"url\":\"https:\/\/www.franquiciescat.org\/wp-content\/uploads\/2023\/05\/logo-afc.png\",\"contentUrl\":\"https:\/\/www.franquiciescat.org\/wp-content\/uploads\/2023\/05\/logo-afc.png\",\"width\":640,\"height\":171,\"caption\":\"Associaci\u00f3 de Franqu\u00edcies de Catalunya\"},\"image\":{\"@id\":\"https:\/\/www.franquiciescat.org\/#\/schema\/logo\/image\/\"}},{\"@type\":\"Person\",\"@id\":\"https:\/\/www.franquiciescat.org\/#\/schema\/person\/f7cfeca2687a2d216942148b0f430be5\",\"name\":\"Einagrafic\",\"image\":{\"@type\":\"ImageObject\",\"inLanguage\":\"es\",\"@id\":\"https:\/\/www.franquiciescat.org\/#\/schema\/person\/image\/\",\"url\":\"https:\/\/secure.gravatar.com\/avatar\/cc75d3f0c33e859c04998660c0362167519e435366e0967a9b01a7c511c82ae4?s=96&d=mm&r=g\",\"contentUrl\":\"https:\/\/secure.gravatar.com\/avatar\/cc75d3f0c33e859c04998660c0362167519e435366e0967a9b01a7c511c82ae4?s=96&d=mm&r=g\",\"caption\":\"Einagrafic\"},\"sameAs\":[\"https:\/\/www.franquiciescat.org\"],\"url\":\"https:\/\/www.franquiciescat.org\/es\/author\/einagrafic\/\"}]}<\/script>\n<!-- \/ Yoast SEO plugin. -->","yoast_head_json":{"title":"Anytime Fitness desembarca en Premi\u00e1 de Mar y refuerza su peso en la provincia de Barcelona - Asociaci\u00f3n de Franqu\u00edcias de Catalunya","robots":{"index":"index","follow":"follow","max-snippet":"max-snippet:-1","max-image-preview":"max-image-preview:large","max-video-preview":"max-video-preview:-1"},"canonical":"https:\/\/www.franquiciescat.org\/es\/anytime-fitness-desembarca-en-premia-de-mar-y-refuerza-su-peso-en-la-provincia-de-barcelona\/","og_locale":"es_ES","og_type":"article","og_title":"Anytime Fitness desembarca en Premi\u00e1 de Mar y refuerza su peso en la provincia de Barcelona - Asociaci\u00f3n de Franqu\u00edcias de Catalunya","og_description":"La cadena consolida su presencia en Catalu\u00f1a con la apertura de un club en la localidad de Premi\u00e0 de Mar. Ubicado en el centro comercial Marina Port Premi\u00e0, Anytime Fitness PortPremi\u00e0 cuenta con una superficie de 880 metros cuadrados, divididos en dos plantas, y un horario de 24 horas los 365 d\u00edas del a\u00f1o. El [&hellip;]","og_url":"https:\/\/www.franquiciescat.org\/es\/anytime-fitness-desembarca-en-premia-de-mar-y-refuerza-su-peso-en-la-provincia-de-barcelona\/","og_site_name":"Asociaci\u00f3n de Franqu\u00edcias de Catalunya","article_published_time":"2025-04-02T09:27:36+00:00","article_modified_time":"2025-04-02T09:29:46+00:00","og_image":[{"width":1920,"height":1440,"url":"https:\/\/www.franquiciescat.org\/wp-content\/uploads\/2025\/04\/AF.PremiaFoto.jpeg","type":"image\/jpeg"}],"author":"Einagrafic","twitter_card":"summary_large_image","twitter_misc":{"Escrito por":"Einagrafic","Tiempo de lectura":"4 minutos"},"schema":{"@context":"https:\/\/schema.org","@graph":[{"@type":"Article","@id":"https:\/\/www.franquiciescat.org\/es\/anytime-fitness-desembarca-en-premia-de-mar-y-refuerza-su-peso-en-la-provincia-de-barcelona\/#article","isPartOf":{"@id":"https:\/\/www.franquiciescat.org\/es\/anytime-fitness-desembarca-en-premia-de-mar-y-refuerza-su-peso-en-la-provincia-de-barcelona\/"},"author":{"name":"Einagrafic","@id":"https:\/\/www.franquiciescat.org\/#\/schema\/person\/f7cfeca2687a2d216942148b0f430be5"},"headline":"Anytime Fitness desembarca en Premi\u00e1 de Mar y refuerza su peso en la provincia de Barcelona","datePublished":"2025-04-02T09:27:36+00:00","dateModified":"2025-04-02T09:29:46+00:00","mainEntityOfPage":{"@id":"https:\/\/www.franquiciescat.org\/es\/anytime-fitness-desembarca-en-premia-de-mar-y-refuerza-su-peso-en-la-provincia-de-barcelona\/"},"wordCount":561,"publisher":{"@id":"https:\/\/www.franquiciescat.org\/#organization"},"image":{"@id":"https:\/\/www.franquiciescat.org\/es\/anytime-fitness-desembarca-en-premia-de-mar-y-refuerza-su-peso-en-la-provincia-de-barcelona\/#primaryimage"},"thumbnailUrl":"https:\/\/www.franquiciescat.org\/wp-content\/uploads\/2025\/04\/AF.PremiaFoto.jpeg","articleSection":["Noticias"],"inLanguage":"es"},{"@type":"WebPage","@id":"https:\/\/www.franquiciescat.org\/es\/anytime-fitness-desembarca-en-premia-de-mar-y-refuerza-su-peso-en-la-provincia-de-barcelona\/","url":"https:\/\/www.franquiciescat.org\/es\/anytime-fitness-desembarca-en-premia-de-mar-y-refuerza-su-peso-en-la-provincia-de-barcelona\/","name":"Anytime Fitness desembarca en Premi\u00e1 de Mar y refuerza su peso en la provincia de Barcelona - Asociaci\u00f3n de Franqu\u00edcias de Catalunya","isPartOf":{"@id":"https:\/\/www.franquiciescat.org\/#website"},"primaryImageOfPage":{"@id":"https:\/\/www.franquiciescat.org\/es\/anytime-fitness-desembarca-en-premia-de-mar-y-refuerza-su-peso-en-la-provincia-de-barcelona\/#primaryimage"},"image":{"@id":"https:\/\/www.franquiciescat.org\/es\/anytime-fitness-desembarca-en-premia-de-mar-y-refuerza-su-peso-en-la-provincia-de-barcelona\/#primaryimage"},"thumbnailUrl":"https:\/\/www.franquiciescat.org\/wp-content\/uploads\/2025\/04\/AF.PremiaFoto.jpeg","datePublished":"2025-04-02T09:27:36+00:00","dateModified":"2025-04-02T09:29:46+00:00","breadcrumb":{"@id":"https:\/\/www.franquiciescat.org\/es\/anytime-fitness-desembarca-en-premia-de-mar-y-refuerza-su-peso-en-la-provincia-de-barcelona\/#breadcrumb"},"inLanguage":"es","potentialAction":[{"@type":"ReadAction","target":["https:\/\/www.franquiciescat.org\/es\/anytime-fitness-desembarca-en-premia-de-mar-y-refuerza-su-peso-en-la-provincia-de-barcelona\/"]}]},{"@type":"ImageObject","inLanguage":"es","@id":"https:\/\/www.franquiciescat.org\/es\/anytime-fitness-desembarca-en-premia-de-mar-y-refuerza-su-peso-en-la-provincia-de-barcelona\/#primaryimage","url":"https:\/\/www.franquiciescat.org\/wp-content\/uploads\/2025\/04\/AF.PremiaFoto.jpeg","contentUrl":"https:\/\/www.franquiciescat.org\/wp-content\/uploads\/2025\/04\/AF.PremiaFoto.jpeg","width":1920,"height":1440},{"@type":"BreadcrumbList","@id":"https:\/\/www.franquiciescat.org\/es\/anytime-fitness-desembarca-en-premia-de-mar-y-refuerza-su-peso-en-la-provincia-de-barcelona\/#breadcrumb","itemListElement":[{"@type":"ListItem","position":1,"name":"Inici","item":"https:\/\/www.franquiciescat.org\/"},{"@type":"ListItem","position":2,"name":"Anytime Fitness desembarca en Premi\u00e1 de Mar y refuerza su peso en la provincia de Barcelona"}]},{"@type":"WebSite","@id":"https:\/\/www.franquiciescat.org\/#website","url":"https:\/\/www.franquiciescat.org\/","name":"Associaci\u00f3 de Franqu\u00edcies de Catalunya","description":"Asociaci\u00f3n de Franqu\u00edcias de Catalunya","publisher":{"@id":"https:\/\/www.franquiciescat.org\/#organization"},"potentialAction":[{"@type":"SearchAction","target":{"@type":"EntryPoint","urlTemplate":"https:\/\/www.franquiciescat.org\/?s={search_term_string}"},"query-input":{"@type":"PropertyValueSpecification","valueRequired":true,"valueName":"search_term_string"}}],"inLanguage":"es"},{"@type":"Organization","@id":"https:\/\/www.franquiciescat.org\/#organization","name":"Associaci\u00f3 de Franqu\u00edcies de Catalunya","url":"https:\/\/www.franquiciescat.org\/","logo":{"@type":"ImageObject","inLanguage":"es","@id":"https:\/\/www.franquiciescat.org\/#\/schema\/logo\/image\/","url":"https:\/\/www.franquiciescat.org\/wp-content\/uploads\/2023\/05\/logo-afc.png","contentUrl":"https:\/\/www.franquiciescat.org\/wp-content\/uploads\/2023\/05\/logo-afc.png","width":640,"height":171,"caption":"Associaci\u00f3 de Franqu\u00edcies de Catalunya"},"image":{"@id":"https:\/\/www.franquiciescat.org\/#\/schema\/logo\/image\/"}},{"@type":"Person","@id":"https:\/\/www.franquiciescat.org\/#\/schema\/person\/f7cfeca2687a2d216942148b0f430be5","name":"Einagrafic","image":{"@type":"ImageObject","inLanguage":"es","@id":"https:\/\/www.franquiciescat.org\/#\/schema\/person\/image\/","url":"https:\/\/secure.gravatar.com\/avatar\/cc75d3f0c33e859c04998660c0362167519e435366e0967a9b01a7c511c82ae4?s=96&d=mm&r=g","contentUrl":"https:\/\/secure.gravatar.com\/avatar\/cc75d3f0c33e859c04998660c0362167519e435366e0967a9b01a7c511c82ae4?s=96&d=mm&r=g","caption":"Einagrafic"},"sameAs":["https:\/\/www.franquiciescat.org"],"url":"https:\/\/www.franquiciescat.org\/es\/author\/einagrafic\/"}]}},"_links":{"self":[{"href":"https:\/\/www.franquiciescat.org\/es\/wp-json\/wp\/v2\/posts\/4437","targetHints":{"allow":["GET"]}}],"collection":[{"href":"https:\/\/www.franquiciescat.org\/es\/wp-json\/wp\/v2\/posts"}],"about":[{"href":"https:\/\/www.franquiciescat.org\/es\/wp-json\/wp\/v2\/types\/post"}],"author":[{"embeddable":true,"href":"https:\/\/www.franquiciescat.org\/es\/wp-json\/wp\/v2\/users\/1"}],"replies":[{"embeddable":true,"href":"https:\/\/www.franquiciescat.org\/es\/wp-json\/wp\/v2\/comments?post=4437"}],"version-history":[{"count":1,"href":"https:\/\/www.franquiciescat.org\/es\/wp-json\/wp\/v2\/posts\/4437\/revisions"}],"predecessor-version":[{"id":4440,"href":"https:\/\/www.franquiciescat.org\/es\/wp-json\/wp\/v2\/posts\/4437\/revisions\/4440"}],"wp:featuredmedia":[{"embeddable":true,"href":"https:\/\/www.franquiciescat.org\/es\/wp-json\/wp\/v2\/media\/4438"}],"wp:attachment":[{"href":"https:\/\/www.franquiciescat.org\/es\/wp-json\/wp\/v2\/media?parent=4437"}],"wp:term":[{"taxonomy":"category","embeddable":true,"href":"https:\/\/www.franquiciescat.org\/es\/wp-json\/wp\/v2\/categories?post=4437"},{"taxonomy":"post_tag","embeddable":true,"href":"https:\/\/www.franquiciescat.org\/es\/wp-json\/wp\/v2\/tags?post=4437"}],"curies":[{"name":"wp","href":"https:\/\/api.w.org\/{rel}","templated":true}]}}